{"id":2170,"date":"2023-01-02T10:34:55","date_gmt":"2023-01-02T09:34:55","guid":{"rendered":"https:\/\/beta.acordinvest.cz\/skandinavsky-styl-bydleni\/"},"modified":"2023-01-12T16:03:06","modified_gmt":"2023-01-12T15:03:06","slug":"skandinavsky-styl-bydleni","status":"publish","type":"post","link":"https:\/\/beta.acordinvest.cz\/en\/skandinavsky-styl-bydleni\/","title":{"rendered":"Skandin\u00e1vsk\u00fd styl bydlen\u00ed"},"content":{"rendered":"\t\t<div data-elementor-type=\"wp-post\" data-elementor-id=\"2170\" class=\"elementor elementor-2170 elementor-1282\">\n\t\t\t\t\t\t\t\t\t<section class=\"elementor-section elementor-top-section elementor-element elementor-element-5226593 elementor-section-boxed elementor-section-height-default elementor-section-height-default\" data-id=\"5226593\" data-element_type=\"section\">\n\t\t\t\t\t\t<div class=\"elementor-container elementor-column-gap-default\">\n\t\t\t\t\t<div class=\"elementor-column elementor-col-100 elementor-top-column elementor-element elementor-element-ec9103c\" data-id=\"ec9103c\" data-element_type=\"column\">\n\t\t\t<div class=\"elementor-widget-wrap elementor-element-populated\">\n\t\t\t\t\t\t\t\t<div class=\"elementor-element elementor-element-c308fef elementor-widget elementor-widget-image\" data-id=\"c308fef\" data-element_type=\"widget\" data-widget_type=\"image.default\">\n\t\t\t\t<div class=\"elementor-widget-container\">\n\t\t\t<style>\/*! elementor - v3.10.1 - 17-01-2023 *\/\n.elementor-widget-image{text-align:center}.elementor-widget-image a{display:inline-block}.elementor-widget-image a img[src$=\".svg\"]{width:48px}.elementor-widget-image img{vertical-align:middle;display:inline-block}<\/style>\t\t\t\t\t\t\t\t\t\t\t\t<img loading=\"lazy\" decoding=\"async\" width=\"1000\" height=\"667\" src=\"https:\/\/beta.acordinvest.cz\/wp-content\/uploads\/2023\/01\/skandinavsky-styl-bydleni-zamilujte-se-do-cistoty-a-dokonalosti-v-kazdem-detailu.jpg\" class=\"attachment-full size-full wp-image-1284\" alt=\"\" srcset=\"https:\/\/beta.acordinvest.cz\/wp-content\/uploads\/2023\/01\/skandinavsky-styl-bydleni-zamilujte-se-do-cistoty-a-dokonalosti-v-kazdem-detailu.jpg 1000w, https:\/\/beta.acordinvest.cz\/wp-content\/uploads\/2023\/01\/skandinavsky-styl-bydleni-zamilujte-se-do-cistoty-a-dokonalosti-v-kazdem-detailu-300x200.jpg 300w, https:\/\/beta.acordinvest.cz\/wp-content\/uploads\/2023\/01\/skandinavsky-styl-bydleni-zamilujte-se-do-cistoty-a-dokonalosti-v-kazdem-detailu-768x512.jpg 768w\" sizes=\"auto, (max-width: 1000px) 100vw, 1000px\" \/>\t\t\t\t\t\t\t\t\t\t\t\t\t\t\t<\/div>\n\t\t\t\t<\/div>\n\t\t\t\t\t<\/div>\n\t\t<\/div>\n\t\t\t\t\t\t\t<\/div>\n\t\t<\/section>\n\t\t\t\t<section class=\"elementor-section elementor-top-section elementor-element elementor-element-1a15719 elementor-section-boxed elementor-section-height-default elementor-section-height-default\" data-id=\"1a15719\" data-element_type=\"section\">\n\t\t\t\t\t\t<div class=\"elementor-container elementor-column-gap-default\">\n\t\t\t\t\t<div class=\"elementor-column elementor-col-100 elementor-top-column elementor-element elementor-element-acb0a27\" data-id=\"acb0a27\" data-element_type=\"column\">\n\t\t\t<div class=\"elementor-widget-wrap elementor-element-populated\">\n\t\t\t\t\t\t\t\t<div class=\"elementor-element elementor-element-1bf575e elementor-widget elementor-widget-heading\" data-id=\"1bf575e\" data-element_type=\"widget\" data-widget_type=\"heading.default\">\n\t\t\t\t<div class=\"elementor-widget-container\">\n\t\t\t<style>\/*! elementor - v3.10.1 - 17-01-2023 *\/\n.elementor-heading-title{padding:0;margin:0;line-height:1}.elementor-widget-heading .elementor-heading-title[class*=elementor-size-]>a{color:inherit;font-size:inherit;line-height:inherit}.elementor-widget-heading .elementor-heading-title.elementor-size-small{font-size:15px}.elementor-widget-heading .elementor-heading-title.elementor-size-medium{font-size:19px}.elementor-widget-heading .elementor-heading-title.elementor-size-large{font-size:29px}.elementor-widget-heading .elementor-heading-title.elementor-size-xl{font-size:39px}.elementor-widget-heading .elementor-heading-title.elementor-size-xxl{font-size:59px}<\/style><h2 class=\"elementor-heading-title elementor-size-default\">Skandin\u00e1vsk\u00fd styl bydlen\u00ed<\/h2>\t\t<\/div>\n\t\t\t\t<\/div>\n\t\t\t\t\t<\/div>\n\t\t<\/div>\n\t\t\t\t\t\t\t<\/div>\n\t\t<\/section>\n\t\t\t\t<section class=\"elementor-section elementor-top-section elementor-element elementor-element-4352dbe elementor-section-boxed elementor-section-height-default elementor-section-height-default\" data-id=\"4352dbe\" data-element_type=\"section\">\n\t\t\t\t\t\t<div class=\"elementor-container elementor-column-gap-default\">\n\t\t\t\t\t<div class=\"elementor-column elementor-col-100 elementor-top-column elementor-element elementor-element-bef54cf\" data-id=\"bef54cf\" data-element_type=\"column\">\n\t\t\t<div class=\"elementor-widget-wrap elementor-element-populated\">\n\t\t\t\t\t\t\t\t<div class=\"elementor-element elementor-element-bda690e elementor-widget elementor-widget-heading\" data-id=\"bda690e\" data-element_type=\"widget\" data-widget_type=\"heading.default\">\n\t\t\t\t<div class=\"elementor-widget-container\">\n\t\t\t<h3 class=\"elementor-heading-title elementor-size-default\">ZAMILUJTE SE DO \u010cISTOTY A DOKONALOSTI V KA\u017dD\u00c9M DETAILU<\/h3>\t\t<\/div>\n\t\t\t\t<\/div>\n\t\t\t\t\t<\/div>\n\t\t<\/div>\n\t\t\t\t\t\t\t<\/div>\n\t\t<\/section>\n\t\t\t\t<section class=\"elementor-section elementor-top-section elementor-element elementor-element-928cb91 elementor-section-boxed elementor-section-height-default elementor-section-height-default\" data-id=\"928cb91\" data-element_type=\"section\">\n\t\t\t\t\t\t<div class=\"elementor-container elementor-column-gap-default\">\n\t\t\t\t\t<div class=\"elementor-column elementor-col-100 elementor-top-column elementor-element elementor-element-a1e78e5\" data-id=\"a1e78e5\" data-element_type=\"column\">\n\t\t\t<div class=\"elementor-widget-wrap elementor-element-populated\">\n\t\t\t\t\t\t\t\t<div class=\"elementor-element elementor-element-77399fd elementor-widget elementor-widget-text-editor\" data-id=\"77399fd\" data-element_type=\"widget\" data-widget_type=\"text-editor.default\">\n\t\t\t\t<div class=\"elementor-widget-container\">\n\t\t\t<style>\/*! elementor - v3.10.1 - 17-01-2023 *\/\n.elementor-widget-text-editor.elementor-drop-cap-view-stacked .elementor-drop-cap{background-color:#818a91;color:#fff}.elementor-widget-text-editor.elementor-drop-cap-view-framed .elementor-drop-cap{color:#818a91;border:3px solid;background-color:transparent}.elementor-widget-text-editor:not(.elementor-drop-cap-view-default) .elementor-drop-cap{margin-top:8px}.elementor-widget-text-editor:not(.elementor-drop-cap-view-default) .elementor-drop-cap-letter{width:1em;height:1em}.elementor-widget-text-editor .elementor-drop-cap{float:left;text-align:center;line-height:1;font-size:50px}.elementor-widget-text-editor .elementor-drop-cap-letter{display:inline-block}<\/style>\t\t\t\t<p>O tomto stylu bydlen\u00ed u\u017e jste ur\u010dit\u011b sly\u0161eli, nejsp\u00ed\u0161 ale ne \u00fapln\u011b v\u0161echno. Stav\u00ed na \u010distot\u011b lini\u00ed, <strong>minimu dopl\u0148k\u016f a barev<\/strong>, kter\u00e9 by mohly \u010dlov\u011bka rozptylovat. Pod\u00edvejte se, jak si nap\u0159. <a href=\"https:\/\/www.acordinvest.cz\/aktuality\/chytre-prakticky-a-moderne-jak-zaridit-maly-byt#bonus\" target=\"_blank\" rel=\"noopener\">za\u0159\u00eddil byt jeden n\u00e1\u0161 klient<\/a>.  <\/p>\n<p>Mo\u017en\u00e1 ve v\u00e1s p\u0159edstava b\u00edl\u00fdch st\u011bn, kamene a d\u0159eva probouz\u00ed pocit zimy a nevl\u00eddnost chladn\u00fdch seversk\u00fdch d\u00e1lek, \u017e\u00e1dn\u00e9 mrazivo se ale konat nemus\u00ed, naopak. Bydlen\u00ed ve skandin\u00e1vsk\u00e9m (nebo taky seversk\u00e9m) stylu m\u016f\u017ee b\u00fdt \u00fa\u017easn\u011b <strong>h\u0159ejiv\u00e9, \u00fatuln\u00e9 a uklid\u0148uj\u00edc\u00ed<\/strong>.  <\/p>\n\t\t\t\t\t\t<\/div>\n\t\t\t\t<\/div>\n\t\t\t\t\t<\/div>\n\t\t<\/div>\n\t\t\t\t\t\t\t<\/div>\n\t\t<\/section>\n\t\t\t\t<section class=\"elementor-section elementor-top-section elementor-element elementor-element-75a8149 elementor-section-boxed elementor-section-height-default elementor-section-height-default\" data-id=\"75a8149\" data-element_type=\"section\">\n\t\t\t\t\t\t<div class=\"elementor-container elementor-column-gap-default\">\n\t\t\t\t\t<div class=\"elementor-column elementor-col-100 elementor-top-column elementor-element elementor-element-7c55b41\" data-id=\"7c55b41\" data-element_type=\"column\">\n\t\t\t<div class=\"elementor-widget-wrap elementor-element-populated\">\n\t\t\t\t\t\t\t\t<div class=\"elementor-element elementor-element-e171eaa elementor-widget elementor-widget-heading\" data-id=\"e171eaa\" data-element_type=\"widget\" data-widget_type=\"heading.default\">\n\t\t\t\t<div class=\"elementor-widget-container\">\n\t\t\t<h3 class=\"elementor-heading-title elementor-size-default\">5 PIL\u00cd\u0158\u016e SKANDIN\u00c1VSK\u00c9HO STYLU BYDLEN\u00cd<\/h3>\t\t<\/div>\n\t\t\t\t<\/div>\n\t\t\t\t\t<\/div>\n\t\t<\/div>\n\t\t\t\t\t\t\t<\/div>\n\t\t<\/section>\n\t\t\t\t<section class=\"elementor-section elementor-top-section elementor-element elementor-element-6047501 elementor-section-boxed elementor-section-height-default elementor-section-height-default\" data-id=\"6047501\" data-element_type=\"section\">\n\t\t\t\t\t\t<div class=\"elementor-container elementor-column-gap-default\">\n\t\t\t\t\t<div class=\"elementor-column elementor-col-100 elementor-top-column elementor-element elementor-element-eb4de2f\" data-id=\"eb4de2f\" data-element_type=\"column\">\n\t\t\t<div class=\"elementor-widget-wrap elementor-element-populated\">\n\t\t\t\t\t\t\t\t<div class=\"elementor-element elementor-element-8d40d35 elementor-widget elementor-widget-text-editor\" data-id=\"8d40d35\" data-element_type=\"widget\" data-widget_type=\"text-editor.default\">\n\t\t\t\t<div class=\"elementor-widget-container\">\n\t\t\t\t\t\t\t<p>Stejn\u011b jako t\u0159eba <a href=\"https:\/\/www.acordinvest.cz\/aktuality\/italsky-styl-bydleni-co-to-je-a-cim-se-vyznacuje\" target=\"_blank\" rel=\"noopener\">italsk\u00fd styl bydlen\u00ed<\/a>, nebo <a href=\"https:\/\/www.acordinvest.cz\/aktuality\/japonsky-styl-bydleni-oaza-klidu-spojujici-minimalismus-s-prirodou\" target=\"_blank\" rel=\"noopener\">japonsk\u00fd styl bydlen\u00ed<\/a>, i ten skandin\u00e1vsk\u00fd m\u00e1 n\u011bkolik pil\u00ed\u0159\u016f, kter\u00e9 ho d\u011blaj\u00ed t\u00edm, \u010d\u00edm je.<\/p>\n\t\t\t\t\t\t<\/div>\n\t\t\t\t<\/div>\n\t\t\t\t\t<\/div>\n\t\t<\/div>\n\t\t\t\t\t\t\t<\/div>\n\t\t<\/section>\n\t\t\t\t<section class=\"elementor-section elementor-top-section elementor-element elementor-element-4ad5151 elementor-section-boxed elementor-section-height-default elementor-section-height-default\" data-id=\"4ad5151\" data-element_type=\"section\">\n\t\t\t\t\t\t<div class=\"elementor-container elementor-column-gap-default\">\n\t\t\t\t\t<div class=\"elementor-column elementor-col-100 elementor-top-column elementor-element elementor-element-7fbbedb\" data-id=\"7fbbedb\" data-element_type=\"column\">\n\t\t\t<div class=\"elementor-widget-wrap elementor-element-populated\">\n\t\t\t\t\t\t\t\t<div class=\"elementor-element elementor-element-31363e2 elementor-widget elementor-widget-heading\" data-id=\"31363e2\" data-element_type=\"widget\" data-widget_type=\"heading.default\">\n\t\t\t\t<div class=\"elementor-widget-container\">\n\t\t\t<h3 class=\"elementor-heading-title elementor-size-default\">JEDNODUCHOST<\/h3>\t\t<\/div>\n\t\t\t\t<\/div>\n\t\t\t\t\t<\/div>\n\t\t<\/div>\n\t\t\t\t\t\t\t<\/div>\n\t\t<\/section>\n\t\t\t\t<section class=\"elementor-section elementor-top-section elementor-element elementor-element-35e4855 elementor-section-boxed elementor-section-height-default elementor-section-height-default\" data-id=\"35e4855\" data-element_type=\"section\">\n\t\t\t\t\t\t<div class=\"elementor-container elementor-column-gap-default\">\n\t\t\t\t\t<div class=\"elementor-column elementor-col-100 elementor-top-column elementor-element elementor-element-cf6a31b\" data-id=\"cf6a31b\" data-element_type=\"column\">\n\t\t\t<div class=\"elementor-widget-wrap elementor-element-populated\">\n\t\t\t\t\t\t\t\t<div class=\"elementor-element elementor-element-9b31d0c elementor-widget elementor-widget-text-editor\" data-id=\"9b31d0c\" data-element_type=\"widget\" data-widget_type=\"text-editor.default\">\n\t\t\t\t<div class=\"elementor-widget-container\">\n\t\t\t\t\t\t\t<p>\u017d\u00e1dn\u00e9 zbyte\u010dnosti. N\u00e1bytek praktick\u00fd, pohodln\u00fd, jednoduch\u00fd, z p\u0159\u00edrodn\u00edch materi\u00e1l\u016f. \u017d\u00e1dn\u00e9 zdobn\u00e9 kudrlinky jako t\u0159eba u <strong>rustik\u00e1ln\u00edho stylu<\/strong>. Neplat\u00ed ale, \u017ee by jeho synonymem byla strohost.   <\/p>\n\t\t\t\t\t\t<\/div>\n\t\t\t\t<\/div>\n\t\t\t\t\t<\/div>\n\t\t<\/div>\n\t\t\t\t\t\t\t<\/div>\n\t\t<\/section>\n\t\t\t\t<section class=\"elementor-section elementor-top-section elementor-element elementor-element-f16d613 elementor-section-boxed elementor-section-height-default elementor-section-height-default\" data-id=\"f16d613\" data-element_type=\"section\">\n\t\t\t\t\t\t<div class=\"elementor-container elementor-column-gap-default\">\n\t\t\t\t\t<div class=\"elementor-column elementor-col-100 elementor-top-column elementor-element elementor-element-dd593bd\" data-id=\"dd593bd\" data-element_type=\"column\">\n\t\t\t<div class=\"elementor-widget-wrap elementor-element-populated\">\n\t\t\t\t\t\t\t\t<div class=\"elementor-element elementor-element-6fadc0e elementor-widget elementor-widget-image\" data-id=\"6fadc0e\" data-element_type=\"widget\" data-widget_type=\"image.default\">\n\t\t\t\t<div class=\"elementor-widget-container\">\n\t\t\t\t\t\t\t\t\t\t\t\t\t\t\t<img loading=\"lazy\" decoding=\"async\" width=\"1000\" height=\"660\" src=\"https:\/\/beta.acordinvest.cz\/wp-content\/uploads\/2023\/01\/skandinavsky-styl-dekorace-v-kuchyni.jpg\" class=\"attachment-full size-full wp-image-1285\" alt=\"\" srcset=\"https:\/\/beta.acordinvest.cz\/wp-content\/uploads\/2023\/01\/skandinavsky-styl-dekorace-v-kuchyni.jpg 1000w, https:\/\/beta.acordinvest.cz\/wp-content\/uploads\/2023\/01\/skandinavsky-styl-dekorace-v-kuchyni-300x198.jpg 300w, https:\/\/beta.acordinvest.cz\/wp-content\/uploads\/2023\/01\/skandinavsky-styl-dekorace-v-kuchyni-768x507.jpg 768w\" sizes=\"auto, (max-width: 1000px) 100vw, 1000px\" \/>\t\t\t\t\t\t\t\t\t\t\t\t\t\t\t<\/div>\n\t\t\t\t<\/div>\n\t\t\t\t\t<\/div>\n\t\t<\/div>\n\t\t\t\t\t\t\t<\/div>\n\t\t<\/section>\n\t\t\t\t<section class=\"elementor-section elementor-top-section elementor-element elementor-element-987321f elementor-section-boxed elementor-section-height-default elementor-section-height-default\" data-id=\"987321f\" data-element_type=\"section\">\n\t\t\t\t\t\t<div class=\"elementor-container elementor-column-gap-default\">\n\t\t\t\t\t<div class=\"elementor-column elementor-col-100 elementor-top-column elementor-element elementor-element-b82b2b6\" data-id=\"b82b2b6\" data-element_type=\"column\">\n\t\t\t<div class=\"elementor-widget-wrap elementor-element-populated\">\n\t\t\t\t\t\t\t\t<div class=\"elementor-element elementor-element-cafa566 elementor-widget elementor-widget-heading\" data-id=\"cafa566\" data-element_type=\"widget\" data-widget_type=\"heading.default\">\n\t\t\t\t<div class=\"elementor-widget-container\">\n\t\t\t<h3 class=\"elementor-heading-title elementor-size-default\">SV\u011aTLO A SV\u011aTL\u00c9 BARVY<\/h3>\t\t<\/div>\n\t\t\t\t<\/div>\n\t\t\t\t\t<\/div>\n\t\t<\/div>\n\t\t\t\t\t\t\t<\/div>\n\t\t<\/section>\n\t\t\t\t<section class=\"elementor-section elementor-top-section elementor-element elementor-element-3446ee6 elementor-section-boxed elementor-section-height-default elementor-section-height-default\" data-id=\"3446ee6\" data-element_type=\"section\">\n\t\t\t\t\t\t<div class=\"elementor-container elementor-column-gap-default\">\n\t\t\t\t\t<div class=\"elementor-column elementor-col-100 elementor-top-column elementor-element elementor-element-6f1948a\" data-id=\"6f1948a\" data-element_type=\"column\">\n\t\t\t<div class=\"elementor-widget-wrap elementor-element-populated\">\n\t\t\t\t\t\t\t\t<div class=\"elementor-element elementor-element-dfb6c52 elementor-widget elementor-widget-text-editor\" data-id=\"dfb6c52\" data-element_type=\"widget\" data-widget_type=\"text-editor.default\">\n\t\t\t\t<div class=\"elementor-widget-container\">\n\t\t\t\t\t\t\t<p>\u017d\u00e1dn\u00e9 tmav\u00e9 barvy, nic, co by \u010dlov\u011bku p\u0159ipom\u00ednalo pol\u00e1rn\u00ed noc. <strong>Skandin\u00e1vsk\u00e9mu stylu<\/strong> v\u00e9vod\u00ed spousta p\u0159irozen\u00e9ho sv\u011btla, jeho\u017e mno\u017estv\u00ed umocn\u00edte <strong>b\u00edlou v\u00fdmalbou<\/strong>. K n\u00ed pak m\u016f\u017eete bez obav p\u0159idat t\u0159eba sv\u011btle \u0161edou \u010di b\u00e9\u017eovou (nap\u0159\u00edklad v podob\u011b z\u00e1v\u011bs\u016f nebo seda\u010dky). <\/p>\n\t\t\t\t\t\t<\/div>\n\t\t\t\t<\/div>\n\t\t\t\t\t<\/div>\n\t\t<\/div>\n\t\t\t\t\t\t\t<\/div>\n\t\t<\/section>\n\t\t\t\t<section class=\"elementor-section elementor-top-section elementor-element elementor-element-b069741 elementor-section-boxed elementor-section-height-default elementor-section-height-default\" data-id=\"b069741\" data-element_type=\"section\">\n\t\t\t\t\t\t<div class=\"elementor-container elementor-column-gap-default\">\n\t\t\t\t\t<div class=\"elementor-column elementor-col-100 elementor-top-column elementor-element elementor-element-ee00824\" data-id=\"ee00824\" data-element_type=\"column\">\n\t\t\t<div class=\"elementor-widget-wrap elementor-element-populated\">\n\t\t\t\t\t\t\t\t<div class=\"elementor-element elementor-element-d241c78 elementor-widget elementor-widget-image\" data-id=\"d241c78\" data-element_type=\"widget\" data-widget_type=\"image.default\">\n\t\t\t\t<div class=\"elementor-widget-container\">\n\t\t\t\t\t\t\t\t\t\t\t\t\t\t\t<img loading=\"lazy\" decoding=\"async\" width=\"800\" height=\"534\" src=\"https:\/\/beta.acordinvest.cz\/wp-content\/uploads\/2023\/01\/jidelni-stul-ve-skandinavskem-stylu-bydleni.jpg\" class=\"attachment-large size-large wp-image-1286\" alt=\"\" srcset=\"https:\/\/beta.acordinvest.cz\/wp-content\/uploads\/2023\/01\/jidelni-stul-ve-skandinavskem-stylu-bydleni.jpg 1000w, https:\/\/beta.acordinvest.cz\/wp-content\/uploads\/2023\/01\/jidelni-stul-ve-skandinavskem-stylu-bydleni-300x200.jpg 300w, https:\/\/beta.acordinvest.cz\/wp-content\/uploads\/2023\/01\/jidelni-stul-ve-skandinavskem-stylu-bydleni-768x512.jpg 768w\" sizes=\"auto, (max-width: 800px) 100vw, 800px\" \/>\t\t\t\t\t\t\t\t\t\t\t\t\t\t\t<\/div>\n\t\t\t\t<\/div>\n\t\t\t\t\t<\/div>\n\t\t<\/div>\n\t\t\t\t\t\t\t<\/div>\n\t\t<\/section>\n\t\t\t\t<section class=\"elementor-section elementor-top-section elementor-element elementor-element-fb4e35e elementor-section-boxed elementor-section-height-default elementor-section-height-default\" data-id=\"fb4e35e\" data-element_type=\"section\">\n\t\t\t\t\t\t<div class=\"elementor-container elementor-column-gap-default\">\n\t\t\t\t\t<div class=\"elementor-column elementor-col-100 elementor-top-column elementor-element elementor-element-c1ce768\" data-id=\"c1ce768\" data-element_type=\"column\">\n\t\t\t<div class=\"elementor-widget-wrap elementor-element-populated\">\n\t\t\t\t\t\t\t\t<div class=\"elementor-element elementor-element-9c04a65 elementor-widget elementor-widget-text-editor\" data-id=\"9c04a65\" data-element_type=\"widget\" data-widget_type=\"text-editor.default\">\n\t\t\t\t<div class=\"elementor-widget-container\">\n\t\t\t\t\t\t\t<p>Co se <strong>osv\u011btlen\u00ed<\/strong> t\u00fd\u010de, nespokojte se jen s jedn\u00edm velk\u00fdm sv\u011btlem, by\u0165 m\u00e1te sebekr\u00e1sn\u011bj\u0161\u00ed a maxim\u00e1ln\u011b seversky vyhl\u00ed\u017eej\u00edc\u00ed. Chce to lampi\u010dky, designov\u00e9 osv\u011btlen\u00ed, sp\u00ed\u0161 tlumen\u00e9 a tepl\u00e9. Uvid\u00edte, \u017ee s n\u00edm vykouzl\u00edte nezam\u011bnitelnou atmosf\u00e9ru na \u00fapln\u011b b\u011b\u017en\u00e9 ve\u010dery i sv\u00e1te\u010dn\u00ed chv\u00edle. A <strong>zapome\u0148te na z\u00e1clony<\/strong>, kter\u00e9 br\u00e1n\u00ed dokonal\u00e9mu pr\u016fniku denn\u00edho sv\u011btla dovnit\u0159!   <\/p>\n<p><strong><em>N\u00e1\u0161 tip:<\/em><\/strong><em>Chcete doma v\u00edce p\u0159irozen\u00e9ho sv\u011btla a optick\u00e9 zv\u011bt\u0161en\u00ed prostoru? Po\u0159i\u010fte si zrcadlo a budou se d\u00edt v\u011bci! <\/em><\/p>\n\t\t\t\t\t\t<\/div>\n\t\t\t\t<\/div>\n\t\t\t\t\t<\/div>\n\t\t<\/div>\n\t\t\t\t\t\t\t<\/div>\n\t\t<\/section>\n\t\t\t\t<section class=\"elementor-section elementor-top-section elementor-element elementor-element-b0259c7 elementor-section-boxed elementor-section-height-default elementor-section-height-default\" data-id=\"b0259c7\" data-element_type=\"section\">\n\t\t\t\t\t\t<div class=\"elementor-container elementor-column-gap-default\">\n\t\t\t\t\t<div class=\"elementor-column elementor-col-100 elementor-top-column elementor-element elementor-element-2404735\" data-id=\"2404735\" data-element_type=\"column\">\n\t\t\t<div class=\"elementor-widget-wrap elementor-element-populated\">\n\t\t\t\t\t\t\t\t<div class=\"elementor-element elementor-element-08526b0 elementor-widget elementor-widget-heading\" data-id=\"08526b0\" data-element_type=\"widget\" data-widget_type=\"heading.default\">\n\t\t\t\t<div class=\"elementor-widget-container\">\n\t\t\t<h3 class=\"elementor-heading-title elementor-size-default\">M\u00c1LO DOPL\u0147K\u016e, ZATO V\u0160AK V\u00ddRAZN\u00ddCH<\/h3>\t\t<\/div>\n\t\t\t\t<\/div>\n\t\t\t\t\t<\/div>\n\t\t<\/div>\n\t\t\t\t\t\t\t<\/div>\n\t\t<\/section>\n\t\t\t\t<section class=\"elementor-section elementor-top-section elementor-element elementor-element-3312257 elementor-section-boxed elementor-section-height-default elementor-section-height-default\" data-id=\"3312257\" data-element_type=\"section\">\n\t\t\t\t\t\t<div class=\"elementor-container elementor-column-gap-default\">\n\t\t\t\t\t<div class=\"elementor-column elementor-col-100 elementor-top-column elementor-element elementor-element-69fb242\" data-id=\"69fb242\" data-element_type=\"column\">\n\t\t\t<div class=\"elementor-widget-wrap elementor-element-populated\">\n\t\t\t\t\t\t\t\t<div class=\"elementor-element elementor-element-0c877c4 elementor-widget elementor-widget-text-editor\" data-id=\"0c877c4\" data-element_type=\"widget\" data-widget_type=\"text-editor.default\">\n\t\t\t\t<div class=\"elementor-widget-container\">\n\t\t\t\t\t\t\t<p>Pokud o n\u011b\u010dem tento styl bydlen\u00ed nen\u00ed, tak o mno\u017estv\u00ed zbyte\u010dn\u00fdch dopl\u0148k\u016f, na kter\u00e9 se jenom pr\u00e1\u0161\u00ed. Dopl\u0148ky pat\u0159\u00ed i sem, jen by jich nem\u011blo b\u00fdt moc. Pak <strong>m\u016f\u017eou b\u00fdt i v\u00fdrazn\u00e9<\/strong> \u2013 jestli chcete nap\u0159\u00edklad sv\u016fj ob\u00fdvac\u00ed pokoj barevn\u011b doladit do seversk\u00e9ho maxima, vyberte si <strong>jednu nebo dv\u011b syt\u00e9 barvy<\/strong>. Na \u0161edou seda\u010dku se hod\u00ed \u017elut\u00e9 nebo oran\u017eov\u00e9 pol\u0161t\u00e1\u0159e, \u017elut\u00e1 v\u00e1za zase nad\u011bl\u00e1 spoustu par\u00e1dy na komod\u011b a stejn\u011b barevn\u00e9 \u00falo\u017en\u00e9 boxy v reg\u00e1lech.   <\/p>\n\t\t\t\t\t\t<\/div>\n\t\t\t\t<\/div>\n\t\t\t\t\t<\/div>\n\t\t<\/div>\n\t\t\t\t\t\t\t<\/div>\n\t\t<\/section>\n\t\t\t\t<section class=\"elementor-section elementor-top-section elementor-element elementor-element-5ea9310 elementor-section-boxed elementor-section-height-default elementor-section-height-default\" data-id=\"5ea9310\" data-element_type=\"section\">\n\t\t\t\t\t\t<div class=\"elementor-container elementor-column-gap-default\">\n\t\t\t\t\t<div class=\"elementor-column elementor-col-100 elementor-top-column elementor-element elementor-element-38e63b7\" data-id=\"38e63b7\" data-element_type=\"column\">\n\t\t\t<div class=\"elementor-widget-wrap elementor-element-populated\">\n\t\t\t\t\t\t\t\t<div class=\"elementor-element elementor-element-ce6147e elementor-widget elementor-widget-image\" data-id=\"ce6147e\" data-element_type=\"widget\" data-widget_type=\"image.default\">\n\t\t\t\t<div class=\"elementor-widget-container\">\n\t\t\t\t\t\t\t\t\t\t\t\t\t\t\t<img loading=\"lazy\" decoding=\"async\" width=\"1000\" height=\"667\" src=\"https:\/\/beta.acordinvest.cz\/wp-content\/uploads\/2023\/01\/loznice-ve-skadinavskem-stylu-bydleni-a-zivota.jpg\" class=\"attachment-full size-full wp-image-1287\" alt=\"\" srcset=\"https:\/\/beta.acordinvest.cz\/wp-content\/uploads\/2023\/01\/loznice-ve-skadinavskem-stylu-bydleni-a-zivota.jpg 1000w, https:\/\/beta.acordinvest.cz\/wp-content\/uploads\/2023\/01\/loznice-ve-skadinavskem-stylu-bydleni-a-zivota-300x200.jpg 300w, https:\/\/beta.acordinvest.cz\/wp-content\/uploads\/2023\/01\/loznice-ve-skadinavskem-stylu-bydleni-a-zivota-768x512.jpg 768w\" sizes=\"auto, (max-width: 1000px) 100vw, 1000px\" \/>\t\t\t\t\t\t\t\t\t\t\t\t\t\t\t<\/div>\n\t\t\t\t<\/div>\n\t\t\t\t\t<\/div>\n\t\t<\/div>\n\t\t\t\t\t\t\t<\/div>\n\t\t<\/section>\n\t\t\t\t<section class=\"elementor-section elementor-top-section elementor-element elementor-element-88aa349 elementor-section-boxed elementor-section-height-default elementor-section-height-default\" data-id=\"88aa349\" data-element_type=\"section\">\n\t\t\t\t\t\t<div class=\"elementor-container elementor-column-gap-default\">\n\t\t\t\t\t<div class=\"elementor-column elementor-col-100 elementor-top-column elementor-element elementor-element-597c30b\" data-id=\"597c30b\" data-element_type=\"column\">\n\t\t\t<div class=\"elementor-widget-wrap elementor-element-populated\">\n\t\t\t\t\t\t\t\t<div class=\"elementor-element elementor-element-2d47db4 elementor-widget elementor-widget-text-editor\" data-id=\"2d47db4\" data-element_type=\"widget\" data-widget_type=\"text-editor.default\">\n\t\t\t\t<div class=\"elementor-widget-container\">\n\t\t\t\t\t\t\t<p>K vhodn\u00fdm dopl\u0148k\u016fm pat\u0159\u00ed t\u0159eba <strong>rostliny<\/strong>, kter\u00e9 do va\u0161\u00ed dom\u00e1cnosti vnesou je\u0161t\u011b v\u00edc p\u0159\u00edrody a osv\u011b\u017e\u00ed vzduch, nebo <strong>jednoduch\u00e9 a\u017e minimalistick\u00e9 obrazy<\/strong>. Vyberte si jeden do m\u00edstnosti a uvid\u00edte, \u017ee to \u00fapln\u011b zm\u011bn\u00ed jej\u00ed viz\u00e1\u017e! O n\u011bco prakti\u010dt\u011bj\u0161\u00ed \u2013 av\u0161ak viz\u00e1\u017e tak\u00e9 m\u011bn\u00edc\u00ed \u2013 jsou pak <strong>n\u00e1st\u011bnn\u00e9 hodiny,<\/strong> kter\u00e9 by dle \u201ez\u00e1sad\u201c skandin\u00e1vsk\u00e9ho stylu bydlen\u00ed m\u011bly b\u00fdt velk\u00e9 a v\u00fdrazn\u00e9. Z hlediska materi\u00e1lu jim dominuje op\u011bt d\u0159evo a kov.   <\/p>\n<p>Skandin\u00e1vci maj\u00ed jasno v tom, \u017ee by jejich domovy nem\u011bly b\u00fdt p\u0159ehlcen\u00e9 zbyte\u010dnostmi. Pokud bydl\u00edte ve dvou, ur\u010dit\u011b nepot\u0159ebujete spoustu \u017eidl\u00ed, k\u0159es\u00edlek, taburet\u016f a dal\u0161\u00edch kousk\u016f, kter\u00e9 nepou\u017e\u00edv\u00e1te. \u010cist\u00fd, voln\u00fd prostor je <strong>z\u00e1klad du\u0161evn\u00edho klidu<\/strong>, kter\u00fd v\u00e1m takov\u00e9 bydlen\u00ed zajist\u00ed.  <\/p>\n\t\t\t\t\t\t<\/div>\n\t\t\t\t<\/div>\n\t\t\t\t\t<\/div>\n\t\t<\/div>\n\t\t\t\t\t\t\t<\/div>\n\t\t<\/section>\n\t\t\t\t<section class=\"elementor-section elementor-top-section elementor-element elementor-element-f8dc01f elementor-section-boxed elementor-section-height-default elementor-section-height-default\" data-id=\"f8dc01f\" data-element_type=\"section\">\n\t\t\t\t\t\t<div class=\"elementor-container elementor-column-gap-default\">\n\t\t\t\t\t<div class=\"elementor-column elementor-col-100 elementor-top-column elementor-element elementor-element-a328467\" data-id=\"a328467\" data-element_type=\"column\">\n\t\t\t<div class=\"elementor-widget-wrap elementor-element-populated\">\n\t\t\t\t\t\t\t\t<div class=\"elementor-element elementor-element-1b593d7 elementor-widget elementor-widget-image\" data-id=\"1b593d7\" data-element_type=\"widget\" data-widget_type=\"image.default\">\n\t\t\t\t<div class=\"elementor-widget-container\">\n\t\t\t\t\t\t\t\t\t\t\t\t\t\t\t<img loading=\"lazy\" decoding=\"async\" width=\"800\" height=\"547\" src=\"https:\/\/beta.acordinvest.cz\/wp-content\/uploads\/2023\/01\/skandinavsky-styl-bydleni-a-ukazka-loznice-se-zrcadlem.png\" class=\"attachment-full size-full wp-image-1288\" alt=\"\" srcset=\"https:\/\/beta.acordinvest.cz\/wp-content\/uploads\/2023\/01\/skandinavsky-styl-bydleni-a-ukazka-loznice-se-zrcadlem.png 800w, https:\/\/beta.acordinvest.cz\/wp-content\/uploads\/2023\/01\/skandinavsky-styl-bydleni-a-ukazka-loznice-se-zrcadlem-300x205.png 300w, https:\/\/beta.acordinvest.cz\/wp-content\/uploads\/2023\/01\/skandinavsky-styl-bydleni-a-ukazka-loznice-se-zrcadlem-768x525.png 768w\" sizes=\"auto, (max-width: 800px) 100vw, 800px\" \/>\t\t\t\t\t\t\t\t\t\t\t\t\t\t\t<\/div>\n\t\t\t\t<\/div>\n\t\t\t\t\t<\/div>\n\t\t<\/div>\n\t\t\t\t\t\t\t<\/div>\n\t\t<\/section>\n\t\t\t\t<section class=\"elementor-section elementor-top-section elementor-element elementor-element-1822f82 elementor-section-boxed elementor-section-height-default elementor-section-height-default\" data-id=\"1822f82\" data-element_type=\"section\">\n\t\t\t\t\t\t<div class=\"elementor-container elementor-column-gap-default\">\n\t\t\t\t\t<div class=\"elementor-column elementor-col-100 elementor-top-column elementor-element elementor-element-a71c956\" data-id=\"a71c956\" data-element_type=\"column\">\n\t\t\t<div class=\"elementor-widget-wrap elementor-element-populated\">\n\t\t\t\t\t\t\t\t<div class=\"elementor-element elementor-element-bd8b107 elementor-widget elementor-widget-heading\" data-id=\"bd8b107\" data-element_type=\"widget\" data-widget_type=\"heading.default\">\n\t\t\t\t<div class=\"elementor-widget-container\">\n\t\t\t<h3 class=\"elementor-heading-title elementor-size-default\">P\u0158\u00cdRODN\u00cd MATERI\u00c1LY<\/h3>\t\t<\/div>\n\t\t\t\t<\/div>\n\t\t\t\t\t<\/div>\n\t\t<\/div>\n\t\t\t\t\t\t\t<\/div>\n\t\t<\/section>\n\t\t\t\t<section class=\"elementor-section elementor-top-section elementor-element elementor-element-3c35980 elementor-section-boxed elementor-section-height-default elementor-section-height-default\" data-id=\"3c35980\" data-element_type=\"section\">\n\t\t\t\t\t\t<div class=\"elementor-container elementor-column-gap-default\">\n\t\t\t\t\t<div class=\"elementor-column elementor-col-100 elementor-top-column elementor-element elementor-element-c903ecc\" data-id=\"c903ecc\" data-element_type=\"column\">\n\t\t\t<div class=\"elementor-widget-wrap elementor-element-populated\">\n\t\t\t\t\t\t\t\t<div class=\"elementor-element elementor-element-8b7a1b1 elementor-widget elementor-widget-text-editor\" data-id=\"8b7a1b1\" data-element_type=\"widget\" data-widget_type=\"text-editor.default\">\n\t\t\t\t<div class=\"elementor-widget-container\">\n\t\t\t\t\t\t\t<p>Kdy\u017e se mluv\u00ed o seversk\u00fdch zem\u00edch, pravd\u011bpodobn\u011b v\u0161ichni si p\u0159edstav\u00edme dlouh\u00e9 nehostinn\u00e9 pl\u00e1n\u011b a nekone\u010dn\u00e9 lesy \u2013 <strong>d\u0159evo a k\u00e1men<\/strong>. P\u0159idejte k nim <strong>kov<\/strong> a p\u0159\u00edpadn\u011b i <strong>k\u016f\u017ei<\/strong> a budete m\u00edt z\u00e1kladn\u00ed \u010dtve\u0159ici materi\u00e1l\u016f, kterou k vytvo\u0159en\u00ed Skandin\u00e1vie u sebe doma pot\u0159ebujete. A\u0165 u\u017e jde o podlahu, postel nebo j\u00eddeln\u00ed sestavu, <strong>d\u0159evo by va\u0161emu bydlen\u00ed m\u011blo jednozna\u010dn\u011b vl\u00e1dnout<\/strong>. Nebo aspo\u0148 jeho v\u011brn\u00e1 napodobenina.   <\/p>\n\t\t\t\t\t\t<\/div>\n\t\t\t\t<\/div>\n\t\t\t\t\t<\/div>\n\t\t<\/div>\n\t\t\t\t\t\t\t<\/div>\n\t\t<\/section>\n\t\t\t\t<section class=\"elementor-section elementor-top-section elementor-element elementor-element-7d739ef elementor-section-boxed elementor-section-height-default elementor-section-height-default\" data-id=\"7d739ef\" data-element_type=\"section\">\n\t\t\t\t\t\t<div class=\"elementor-container elementor-column-gap-default\">\n\t\t\t\t\t<div class=\"elementor-column elementor-col-100 elementor-top-column elementor-element elementor-element-5d7e638\" data-id=\"5d7e638\" data-element_type=\"column\">\n\t\t\t<div class=\"elementor-widget-wrap elementor-element-populated\">\n\t\t\t\t\t\t\t\t<div class=\"elementor-element elementor-element-5610718 elementor-widget elementor-widget-image\" data-id=\"5610718\" data-element_type=\"widget\" data-widget_type=\"image.default\">\n\t\t\t\t<div class=\"elementor-widget-container\">\n\t\t\t\t\t\t\t\t\t\t\t\t\t\t\t<img loading=\"lazy\" decoding=\"async\" width=\"800\" height=\"547\" src=\"https:\/\/beta.acordinvest.cz\/wp-content\/uploads\/2023\/01\/skandinavsky-les-v-zimnim-obdobi.png\" class=\"attachment-full size-full wp-image-1289\" alt=\"\" srcset=\"https:\/\/beta.acordinvest.cz\/wp-content\/uploads\/2023\/01\/skandinavsky-les-v-zimnim-obdobi.png 800w, https:\/\/beta.acordinvest.cz\/wp-content\/uploads\/2023\/01\/skandinavsky-les-v-zimnim-obdobi-300x205.png 300w, https:\/\/beta.acordinvest.cz\/wp-content\/uploads\/2023\/01\/skandinavsky-les-v-zimnim-obdobi-768x525.png 768w\" sizes=\"auto, (max-width: 800px) 100vw, 800px\" \/>\t\t\t\t\t\t\t\t\t\t\t\t\t\t\t<\/div>\n\t\t\t\t<\/div>\n\t\t\t\t\t<\/div>\n\t\t<\/div>\n\t\t\t\t\t\t\t<\/div>\n\t\t<\/section>\n\t\t\t\t<section class=\"elementor-section elementor-top-section elementor-element elementor-element-7b9c22e elementor-section-boxed elementor-section-height-default elementor-section-height-default\" data-id=\"7b9c22e\" data-element_type=\"section\">\n\t\t\t\t\t\t<div class=\"elementor-container elementor-column-gap-default\">\n\t\t\t\t\t<div class=\"elementor-column elementor-col-100 elementor-top-column elementor-element elementor-element-29e6a01\" data-id=\"29e6a01\" data-element_type=\"column\">\n\t\t\t<div class=\"elementor-widget-wrap elementor-element-populated\">\n\t\t\t\t\t\t\t\t<div class=\"elementor-element elementor-element-14cfa1a elementor-widget elementor-widget-heading\" data-id=\"14cfa1a\" data-element_type=\"widget\" data-widget_type=\"heading.default\">\n\t\t\t\t<div class=\"elementor-widget-container\">\n\t\t\t<h3 class=\"elementor-heading-title elementor-size-default\">ZAOST\u0158ENO NA PODLAHU<\/h3>\t\t<\/div>\n\t\t\t\t<\/div>\n\t\t\t\t\t<\/div>\n\t\t<\/div>\n\t\t\t\t\t\t\t<\/div>\n\t\t<\/section>\n\t\t\t\t<section class=\"elementor-section elementor-top-section elementor-element elementor-element-c909e62 elementor-section-boxed elementor-section-height-default elementor-section-height-default\" data-id=\"c909e62\" data-element_type=\"section\">\n\t\t\t\t\t\t<div class=\"elementor-container elementor-column-gap-default\">\n\t\t\t\t\t<div class=\"elementor-column elementor-col-100 elementor-top-column elementor-element elementor-element-32ee87d\" data-id=\"32ee87d\" data-element_type=\"column\">\n\t\t\t<div class=\"elementor-widget-wrap elementor-element-populated\">\n\t\t\t\t\t\t\t\t<div class=\"elementor-element elementor-element-9ade757 elementor-widget elementor-widget-text-editor\" data-id=\"9ade757\" data-element_type=\"widget\" data-widget_type=\"text-editor.default\">\n\t\t\t\t<div class=\"elementor-widget-container\">\n\t\t\t\t\t\t\t<p>Pro seversk\u00fd styl bydlen\u00ed jsou <strong>typick\u00e9 sv\u011btl\u00e9 d\u0159ev\u011bn\u00e9 podlahy<\/strong>, kter\u00e9 maj\u00ed tu vlastnost, \u017ee <strong>opticky zv\u011bt\u0161uj\u00ed a prosv\u011btluj\u00ed dan\u00fd prostor.<\/strong> A to rozhodn\u011b chcete. V p\u0159\u00edpad\u011b, \u017ee v\u00e1m z n\u011bjak\u00e9ho d\u016fvodu d\u0159ev\u011bn\u00e1 podlaha nevyhovuje, poohl\u00e9dn\u011bte se po podlaze vinylov\u00e9 v dekoru sv\u011btl\u00e9ho d\u0159eva. Jedn\u00e1 se sice o um\u011bl\u00fd materi\u00e1l, ale p\u0159i spr\u00e1vn\u00e9m v\u00fdb\u011bru ur\u010dit\u011b ud\u011bl\u00e1 par\u00e1du.  <\/p>\n\t\t\t\t\t\t<\/div>\n\t\t\t\t<\/div>\n\t\t\t\t\t<\/div>\n\t\t<\/div>\n\t\t\t\t\t\t\t<\/div>\n\t\t<\/section>\n\t\t\t\t<section class=\"elementor-section elementor-top-section elementor-element elementor-element-ddf9546 elementor-section-boxed elementor-section-height-default elementor-section-height-default\" data-id=\"ddf9546\" data-element_type=\"section\">\n\t\t\t\t\t\t<div class=\"elementor-container elementor-column-gap-default\">\n\t\t\t\t\t<div class=\"elementor-column elementor-col-100 elementor-top-column elementor-element elementor-element-b2424cc\" data-id=\"b2424cc\" data-element_type=\"column\">\n\t\t\t<div class=\"elementor-widget-wrap elementor-element-populated\">\n\t\t\t\t\t\t\t\t<div class=\"elementor-element elementor-element-0e6536c elementor-widget elementor-widget-heading\" data-id=\"0e6536c\" data-element_type=\"widget\" data-widget_type=\"heading.default\">\n\t\t\t\t<div class=\"elementor-widget-container\">\n\t\t\t<h3 class=\"elementor-heading-title elementor-size-default\">\u00daTULNOST<\/h3>\t\t<\/div>\n\t\t\t\t<\/div>\n\t\t\t\t\t<\/div>\n\t\t<\/div>\n\t\t\t\t\t\t\t<\/div>\n\t\t<\/section>\n\t\t\t\t<section class=\"elementor-section elementor-top-section elementor-element elementor-element-f835e85 elementor-section-boxed elementor-section-height-default elementor-section-height-default\" data-id=\"f835e85\" data-element_type=\"section\">\n\t\t\t\t\t\t<div class=\"elementor-container elementor-column-gap-default\">\n\t\t\t\t\t<div class=\"elementor-column elementor-col-100 elementor-top-column elementor-element elementor-element-9627b60\" data-id=\"9627b60\" data-element_type=\"column\">\n\t\t\t<div class=\"elementor-widget-wrap elementor-element-populated\">\n\t\t\t\t\t\t\t\t<div class=\"elementor-element elementor-element-c27c9d8 elementor-widget elementor-widget-text-editor\" data-id=\"c27c9d8\" data-element_type=\"widget\" data-widget_type=\"text-editor.default\">\n\t\t\t\t<div class=\"elementor-widget-container\">\n\t\t\t\t\t\t\t<p>Seversk\u00e9 pl\u00edskanice p\u0159\u00edmo nahr\u00e1vaj\u00ed tomu, aby se \u010dlov\u011bk v upr\u0161en\u00e9m odpoledni zachumlal do hebou\u010dk\u00e9 deky, slo\u017eil hlavu na pol\u0161t\u00e1\u0159, poslechl si hezkou hudbu nebo si p\u0159e\u010detl kousek skv\u011bl\u00e9 kn\u00ed\u017eky.<\/p>\n\t\t\t\t\t\t<\/div>\n\t\t\t\t<\/div>\n\t\t\t\t\t<\/div>\n\t\t<\/div>\n\t\t\t\t\t\t\t<\/div>\n\t\t<\/section>\n\t\t\t\t<section class=\"elementor-section elementor-top-section elementor-element elementor-element-69731ab elementor-section-boxed elementor-section-height-default elementor-section-height-default\" data-id=\"69731ab\" data-element_type=\"section\">\n\t\t\t\t\t\t<div class=\"elementor-container elementor-column-gap-default\">\n\t\t\t\t\t<div class=\"elementor-column elementor-col-100 elementor-top-column elementor-element elementor-element-b6096e1\" data-id=\"b6096e1\" data-element_type=\"column\">\n\t\t\t<div class=\"elementor-widget-wrap elementor-element-populated\">\n\t\t\t\t\t\t\t\t<div class=\"elementor-element elementor-element-998c746 elementor-widget elementor-widget-image\" data-id=\"998c746\" data-element_type=\"widget\" data-widget_type=\"image.default\">\n\t\t\t\t<div class=\"elementor-widget-container\">\n\t\t\t\t\t\t\t\t\t\t\t\t\t\t\t<img loading=\"lazy\" decoding=\"async\" width=\"800\" height=\"547\" src=\"https:\/\/beta.acordinvest.cz\/wp-content\/uploads\/2023\/01\/skandinavsky-styl-bydleni-preferuje-deky-a-polstarky.png\" class=\"attachment-large size-large wp-image-1290\" alt=\"\" srcset=\"https:\/\/beta.acordinvest.cz\/wp-content\/uploads\/2023\/01\/skandinavsky-styl-bydleni-preferuje-deky-a-polstarky.png 800w, https:\/\/beta.acordinvest.cz\/wp-content\/uploads\/2023\/01\/skandinavsky-styl-bydleni-preferuje-deky-a-polstarky-300x205.png 300w, https:\/\/beta.acordinvest.cz\/wp-content\/uploads\/2023\/01\/skandinavsky-styl-bydleni-preferuje-deky-a-polstarky-768x525.png 768w\" sizes=\"auto, (max-width: 800px) 100vw, 800px\" \/>\t\t\t\t\t\t\t\t\t\t\t\t\t\t\t<\/div>\n\t\t\t\t<\/div>\n\t\t\t\t\t<\/div>\n\t\t<\/div>\n\t\t\t\t\t\t\t<\/div>\n\t\t<\/section>\n\t\t\t\t<section class=\"elementor-section elementor-top-section elementor-element elementor-element-d018a87 elementor-section-boxed elementor-section-height-default elementor-section-height-default\" data-id=\"d018a87\" data-element_type=\"section\">\n\t\t\t\t\t\t<div class=\"elementor-container elementor-column-gap-default\">\n\t\t\t\t\t<div class=\"elementor-column elementor-col-100 elementor-top-column elementor-element elementor-element-ea0b154\" data-id=\"ea0b154\" data-element_type=\"column\">\n\t\t\t<div class=\"elementor-widget-wrap elementor-element-populated\">\n\t\t\t\t\t\t\t\t<div class=\"elementor-element elementor-element-7df23da elementor-widget elementor-widget-text-editor\" data-id=\"7df23da\" data-element_type=\"widget\" data-widget_type=\"text-editor.default\">\n\t\t\t\t<div class=\"elementor-widget-container\">\n\t\t\t\t\t\t\t<p>Nebojte se vylep\u0161it seda\u010dku <strong>dekou a pol\u0161t\u00e1\u0159ky<\/strong>, stejn\u011b tak postel. Nakupte si sv\u00ed\u010dky nebo aromalampu. Zkr\u00e1tka si svoje \u00fato\u010di\u0161t\u011b po\u0159\u00e1dn\u011b z\u00fatuln\u011bte.  <\/p>\n\t\t\t\t\t\t<\/div>\n\t\t\t\t<\/div>\n\t\t\t\t\t<\/div>\n\t\t<\/div>\n\t\t\t\t\t\t\t<\/div>\n\t\t<\/section>\n\t\t\t\t<section class=\"elementor-section elementor-top-section elementor-element elementor-element-421e222 elementor-section-boxed elementor-section-height-default elementor-section-height-default\" data-id=\"421e222\" data-element_type=\"section\">\n\t\t\t\t\t\t<div class=\"elementor-container elementor-column-gap-default\">\n\t\t\t\t\t<div class=\"elementor-column elementor-col-100 elementor-top-column elementor-element elementor-element-394c163\" data-id=\"394c163\" data-element_type=\"column\">\n\t\t\t<div class=\"elementor-widget-wrap elementor-element-populated\">\n\t\t\t\t\t\t\t\t<div class=\"elementor-element elementor-element-b8773ae elementor-widget elementor-widget-heading\" data-id=\"b8773ae\" data-element_type=\"widget\" data-widget_type=\"heading.default\">\n\t\t\t\t<div class=\"elementor-widget-container\">\n\t\t\t<h2 class=\"elementor-heading-title elementor-size-default\">SKANDIN\u00c1VSK\u00dd STYL BYDLEN\u00cd V JEDNOTLIV\u00ddCH M\u00cdSTNOSTECH<\/h2>\t\t<\/div>\n\t\t\t\t<\/div>\n\t\t\t\t\t<\/div>\n\t\t<\/div>\n\t\t\t\t\t\t\t<\/div>\n\t\t<\/section>\n\t\t\t\t<section class=\"elementor-section elementor-top-section elementor-element elementor-element-52744a6 elementor-section-boxed elementor-section-height-default elementor-section-height-default\" data-id=\"52744a6\" data-element_type=\"section\">\n\t\t\t\t\t\t<div class=\"elementor-container elementor-column-gap-default\">\n\t\t\t\t\t<div class=\"elementor-column elementor-col-100 elementor-top-column elementor-element elementor-element-476096a\" data-id=\"476096a\" data-element_type=\"column\">\n\t\t\t<div class=\"elementor-widget-wrap elementor-element-populated\">\n\t\t\t\t\t\t\t\t<div class=\"elementor-element elementor-element-6aa0498 elementor-widget elementor-widget-text-editor\" data-id=\"6aa0498\" data-element_type=\"widget\" data-widget_type=\"text-editor.default\">\n\t\t\t\t<div class=\"elementor-widget-container\">\n\t\t\t\t\t\t\t<p>\u0158\u00edk\u00e1 se, \u017ee <strong>v jednoduchosti je kr\u00e1sa<\/strong> \u2013 a pr\u00e1v\u011b tyto dv\u011b vlastnosti, jednoduchost a kr\u00e1su, dokonal\u00e9 kloub\u00ed skandin\u00e1vsk\u00fd styl bydlen\u00ed. To je ostatn\u011b jedn\u00edm z hlavn\u00edch d\u016fvod\u016f, pro\u010d je seversk\u00fd styl bydlen\u00ed natolik obl\u00edben\u00fd p\u0159i za\u0159izov\u00e1n\u00ed lo\u017enic, ob\u00fdv\u00e1k\u016f a kuchyn\u00ed. V n\u00e1sleduj\u00edc\u00edch \u0159\u00e1dc\u00edch se pod\u00edv\u00e1me na to, jak si ve skandin\u00e1vsk\u00e9m stylu za\u0159\u00eddit koupelnu a ob\u00fdvac\u00ed pokoj.  <\/p>\n\t\t\t\t\t\t<\/div>\n\t\t\t\t<\/div>\n\t\t\t\t\t<\/div>\n\t\t<\/div>\n\t\t\t\t\t\t\t<\/div>\n\t\t<\/section>\n\t\t\t\t<section class=\"elementor-section elementor-top-section elementor-element elementor-element-b364261 elementor-section-boxed elementor-section-height-default elementor-section-height-default\" data-id=\"b364261\" data-element_type=\"section\">\n\t\t\t\t\t\t<div class=\"elementor-container elementor-column-gap-default\">\n\t\t\t\t\t<div class=\"elementor-column elementor-col-100 elementor-top-column elementor-element elementor-element-91b85a2\" data-id=\"91b85a2\" data-element_type=\"column\">\n\t\t\t<div class=\"elementor-widget-wrap elementor-element-populated\">\n\t\t\t\t\t\t\t\t<div class=\"elementor-element elementor-element-e8832d2 elementor-widget elementor-widget-heading\" data-id=\"e8832d2\" data-element_type=\"widget\" data-widget_type=\"heading.default\">\n\t\t\t\t<div class=\"elementor-widget-container\">\n\t\t\t<h3 class=\"elementor-heading-title elementor-size-default\">KOUPELNA<\/h3>\t\t<\/div>\n\t\t\t\t<\/div>\n\t\t\t\t\t<\/div>\n\t\t<\/div>\n\t\t\t\t\t\t\t<\/div>\n\t\t<\/section>\n\t\t\t\t<section class=\"elementor-section elementor-top-section elementor-element elementor-element-34005ed elementor-section-boxed elementor-section-height-default elementor-section-height-default\" data-id=\"34005ed\" data-element_type=\"section\">\n\t\t\t\t\t\t<div class=\"elementor-container elementor-column-gap-default\">\n\t\t\t\t\t<div class=\"elementor-column elementor-col-100 elementor-top-column elementor-element elementor-element-6d2daea\" data-id=\"6d2daea\" data-element_type=\"column\">\n\t\t\t<div class=\"elementor-widget-wrap elementor-element-populated\">\n\t\t\t\t\t\t\t\t<div class=\"elementor-element elementor-element-fd9510f elementor-widget elementor-widget-heading\" data-id=\"fd9510f\" data-element_type=\"widget\" data-widget_type=\"heading.default\">\n\t\t\t\t<div class=\"elementor-widget-container\">\n\t\t\t<h4 class=\"elementor-heading-title elementor-size-default\">Volba barevn\u00e9 palety<\/h4>\t\t<\/div>\n\t\t\t\t<\/div>\n\t\t\t\t\t<\/div>\n\t\t<\/div>\n\t\t\t\t\t\t\t<\/div>\n\t\t<\/section>\n\t\t\t\t<section class=\"elementor-section elementor-top-section elementor-element elementor-element-4650104 elementor-section-boxed elementor-section-height-default elementor-section-height-default\" data-id=\"4650104\" data-element_type=\"section\">\n\t\t\t\t\t\t<div class=\"elementor-container elementor-column-gap-default\">\n\t\t\t\t\t<div class=\"elementor-column elementor-col-100 elementor-top-column elementor-element elementor-element-384cc52\" data-id=\"384cc52\" data-element_type=\"column\">\n\t\t\t<div class=\"elementor-widget-wrap elementor-element-populated\">\n\t\t\t\t\t\t\t\t<div class=\"elementor-element elementor-element-231fee5 elementor-widget elementor-widget-text-editor\" data-id=\"231fee5\" data-element_type=\"widget\" data-widget_type=\"text-editor.default\">\n\t\t\t\t<div class=\"elementor-widget-container\">\n\t\t\t\t\t\t\t<p>Pro mnoh\u00e9 z n\u00e1s je koupelna m\u00edstem o\u010disty a relaxace, a pr\u00e1v\u011b proto je pro ni skandin\u00e1vsk\u00fd styl jako stvo\u0159en\u00fd. O to v\u00edc, chyst\u00e1te-li se za\u0159izovat malou a tmavou koupelnu. <strong>I pro tuto m\u00edstnost se toti\u017e preferuj\u00ed sv\u011btl\u00e9 barvy<\/strong>, kter\u00e9 \u2013 jak ji\u017e bylo zm\u00edn\u011bno v\u00fd\u0161e \u2013 prosv\u011btluj\u00ed a opticky zv\u011bt\u0161uj\u00ed prostor. <strong>Nemus\u00ed se p\u0159itom jednat o \u010dist\u011b b\u00edlou, ale t\u0159eba taky kr\u00e9movou nebo b\u00e9\u017eovou barvu<\/strong>. <\/p>\n\t\t\t\t\t\t<\/div>\n\t\t\t\t<\/div>\n\t\t\t\t\t<\/div>\n\t\t<\/div>\n\t\t\t\t\t\t\t<\/div>\n\t\t<\/section>\n\t\t\t\t<section class=\"elementor-section elementor-top-section elementor-element elementor-element-88e96f1 elementor-section-boxed elementor-section-height-default elementor-section-height-default\" data-id=\"88e96f1\" data-element_type=\"section\">\n\t\t\t\t\t\t<div class=\"elementor-container elementor-column-gap-default\">\n\t\t\t\t\t<div class=\"elementor-column elementor-col-100 elementor-top-column elementor-element elementor-element-55576a1\" data-id=\"55576a1\" data-element_type=\"column\">\n\t\t\t<div class=\"elementor-widget-wrap elementor-element-populated\">\n\t\t\t\t\t\t\t\t<div class=\"elementor-element elementor-element-32ad88c elementor-widget elementor-widget-heading\" data-id=\"32ad88c\" data-element_type=\"widget\" data-widget_type=\"heading.default\">\n\t\t\t\t<div class=\"elementor-widget-container\">\n\t\t\t<h4 class=\"elementor-heading-title elementor-size-default\">Jak na podlahu a obklady<\/h4>\t\t<\/div>\n\t\t\t\t<\/div>\n\t\t\t\t\t<\/div>\n\t\t<\/div>\n\t\t\t\t\t\t\t<\/div>\n\t\t<\/section>\n\t\t\t\t<section class=\"elementor-section elementor-top-section elementor-element elementor-element-b933a32 elementor-section-boxed elementor-section-height-default elementor-section-height-default\" data-id=\"b933a32\" data-element_type=\"section\">\n\t\t\t\t\t\t<div class=\"elementor-container elementor-column-gap-default\">\n\t\t\t\t\t<div class=\"elementor-column elementor-col-100 elementor-top-column elementor-element elementor-element-09e607e\" data-id=\"09e607e\" data-element_type=\"column\">\n\t\t\t<div class=\"elementor-widget-wrap elementor-element-populated\">\n\t\t\t\t\t\t\t\t<div class=\"elementor-element elementor-element-08ff722 elementor-widget elementor-widget-text-editor\" data-id=\"08ff722\" data-element_type=\"widget\" data-widget_type=\"text-editor.default\">\n\t\t\t\t<div class=\"elementor-widget-container\">\n\t\t\t\t\t\t\t<p>Zm\u00ednili jsme tak\u00e9 to, \u017ee pro skandin\u00e1vsk\u00fd styl bydlen\u00ed jsou typick\u00e9 sv\u011btl\u00e9 d\u0159ev\u011bn\u00e9 podlahy. Nicm\u00e9n\u011b, vzhledem k vlhkosti, kter\u00e1 se v koupeln\u00e1ch b\u011b\u017en\u011b dr\u017e\u00ed, nen\u00ed prav\u00e9 d\u0159evo zrovna nejide\u00e1ln\u011bj\u0161\u00edm \u0159e\u0161en\u00edm. Na\u0161t\u011bst\u00ed v\u0161ak existuje spousta v\u011brohodn\u00fdch napodobenin d\u0159eva \u2013 a\u0165 u\u017e je to dla\u017eba, vinylov\u00e1 podlaha \u010di podlaha lamin\u00e1tov\u00e1, v\u017edy v dekoru d\u0159eva.  <\/p>\n\t\t\t\t\t\t<\/div>\n\t\t\t\t<\/div>\n\t\t\t\t\t<\/div>\n\t\t<\/div>\n\t\t\t\t\t\t\t<\/div>\n\t\t<\/section>\n\t\t\t\t<section class=\"elementor-section elementor-top-section elementor-element elementor-element-4649e00 elementor-section-boxed elementor-section-height-default elementor-section-height-default\" data-id=\"4649e00\" data-element_type=\"section\">\n\t\t\t\t\t\t<div class=\"elementor-container elementor-column-gap-default\">\n\t\t\t\t\t<div class=\"elementor-column elementor-col-100 elementor-top-column elementor-element elementor-element-5f9d44e\" data-id=\"5f9d44e\" data-element_type=\"column\">\n\t\t\t<div class=\"elementor-widget-wrap elementor-element-populated\">\n\t\t\t\t\t\t\t\t<div class=\"elementor-element elementor-element-55b38e1 elementor-widget elementor-widget-image\" data-id=\"55b38e1\" data-element_type=\"widget\" data-widget_type=\"image.default\">\n\t\t\t\t<div class=\"elementor-widget-container\">\n\t\t\t\t\t\t\t\t\t\t\t\t\t\t\t<img loading=\"lazy\" decoding=\"async\" width=\"1000\" height=\"667\" src=\"https:\/\/beta.acordinvest.cz\/wp-content\/uploads\/2023\/01\/koupelna-ve-skandinavskem-stylu-bydleni.jpg\" class=\"attachment-full size-full wp-image-1291\" alt=\"\" srcset=\"https:\/\/beta.acordinvest.cz\/wp-content\/uploads\/2023\/01\/koupelna-ve-skandinavskem-stylu-bydleni.jpg 1000w, https:\/\/beta.acordinvest.cz\/wp-content\/uploads\/2023\/01\/koupelna-ve-skandinavskem-stylu-bydleni-300x200.jpg 300w, https:\/\/beta.acordinvest.cz\/wp-content\/uploads\/2023\/01\/koupelna-ve-skandinavskem-stylu-bydleni-768x512.jpg 768w\" sizes=\"auto, (max-width: 1000px) 100vw, 1000px\" \/>\t\t\t\t\t\t\t\t\t\t\t\t\t\t\t<\/div>\n\t\t\t\t<\/div>\n\t\t\t\t\t<\/div>\n\t\t<\/div>\n\t\t\t\t\t\t\t<\/div>\n\t\t<\/section>\n\t\t\t\t<section class=\"elementor-section elementor-top-section elementor-element elementor-element-fd2255f elementor-section-boxed elementor-section-height-default elementor-section-height-default\" data-id=\"fd2255f\" data-element_type=\"section\">\n\t\t\t\t\t\t<div class=\"elementor-container elementor-column-gap-default\">\n\t\t\t\t\t<div class=\"elementor-column elementor-col-100 elementor-top-column elementor-element elementor-element-83af311\" data-id=\"83af311\" data-element_type=\"column\">\n\t\t\t<div class=\"elementor-widget-wrap elementor-element-populated\">\n\t\t\t\t\t\t\t\t<div class=\"elementor-element elementor-element-42ba92b elementor-widget elementor-widget-text-editor\" data-id=\"42ba92b\" data-element_type=\"widget\" data-widget_type=\"text-editor.default\">\n\t\t\t\t<div class=\"elementor-widget-container\">\n\t\t\t\t\t\t\t<p>Na \u0159adu p\u0159ich\u00e1z\u00ed obklady, kter\u00e9 by samoz\u0159ejm\u011b m\u011bly b\u00fdt ve sv\u011btl\u00e9m proveden\u00ed. <strong>Nej\u010dast\u011bj\u0161\u00edm typem obklad\u016f jsou 3D vystoupl\u00e9 mal\u00e9 obd\u00e9ln\u00edky (tzv. motiv cihli\u010dek)<\/strong>, kter\u00fd b\u00fdv\u00e1 k vid\u011bn\u00ed tak\u00e9 v kuchyn\u00edch nesouc\u00edch se v seversk\u00e9m stylu. Jako alternativu m\u016f\u017eete zvolit tak\u00e9 mramor \u010di obklady s dekorem d\u0159eva. <\/p>\n\t\t\t\t\t\t<\/div>\n\t\t\t\t<\/div>\n\t\t\t\t\t<\/div>\n\t\t<\/div>\n\t\t\t\t\t\t\t<\/div>\n\t\t<\/section>\n\t\t\t\t<section class=\"elementor-section elementor-top-section elementor-element elementor-element-27dcb6a elementor-section-boxed elementor-section-height-default elementor-section-height-default\" data-id=\"27dcb6a\" data-element_type=\"section\">\n\t\t\t\t\t\t<div class=\"elementor-container elementor-column-gap-default\">\n\t\t\t\t\t<div class=\"elementor-column elementor-col-100 elementor-top-column elementor-element elementor-element-585e452\" data-id=\"585e452\" data-element_type=\"column\">\n\t\t\t<div class=\"elementor-widget-wrap elementor-element-populated\">\n\t\t\t\t\t\t\t\t<div class=\"elementor-element elementor-element-e1c9453 elementor-widget elementor-widget-heading\" data-id=\"e1c9453\" data-element_type=\"widget\" data-widget_type=\"heading.default\">\n\t\t\t\t<div class=\"elementor-widget-container\">\n\t\t\t<h4 class=\"elementor-heading-title elementor-size-default\">Vana \u010di sprchov\u00fd kout?<\/h4>\t\t<\/div>\n\t\t\t\t<\/div>\n\t\t\t\t\t<\/div>\n\t\t<\/div>\n\t\t\t\t\t\t\t<\/div>\n\t\t<\/section>\n\t\t\t\t<section class=\"elementor-section elementor-top-section elementor-element elementor-element-b51e30e elementor-section-boxed elementor-section-height-default elementor-section-height-default\" data-id=\"b51e30e\" data-element_type=\"section\">\n\t\t\t\t\t\t<div class=\"elementor-container elementor-column-gap-default\">\n\t\t\t\t\t<div class=\"elementor-column elementor-col-100 elementor-top-column elementor-element elementor-element-ebd819f\" data-id=\"ebd819f\" data-element_type=\"column\">\n\t\t\t<div class=\"elementor-widget-wrap elementor-element-populated\">\n\t\t\t\t\t\t\t\t<div class=\"elementor-element elementor-element-a27825f elementor-widget elementor-widget-text-editor\" data-id=\"a27825f\" data-element_type=\"widget\" data-widget_type=\"text-editor.default\">\n\t\t\t\t<div class=\"elementor-widget-container\">\n\t\t\t\t\t\t\t<p>Zde samoz\u0159ejm\u011b z\u00e1le\u017e\u00ed na velikosti m\u00edstnosti. <strong>Do men\u0161\u00edch koupelen se skv\u011ble hod\u00ed minimalistick\u00fd sprchov\u00fd kout typu walk-in<\/strong>, do t\u011bch v\u011bt\u0161\u00edch pak vana. <strong>V oblib\u011b maj\u00ed Skandin\u00e1vci vany voln\u011b stoj\u00edc\u00ed na ozdobn\u00fdch no\u017ek\u00e1ch.<\/strong> Jste-li pon\u011bkud limitov\u00e1n\u00ed prostorem, zvolte vanu, kter\u00e1 nen\u00ed pln\u011b vestav\u011bn\u00e1, ale nach\u00e1z\u00ed se v rohu m\u00edstnosti. To znamen\u00e1, \u017ee p\u0159inejmen\u0161\u00edm jeden roh vany stoj\u00ed voln\u011b, a zajist\u00ed tak alespo\u0148 \u010d\u00e1ste\u010dn\u00e9 odvzdu\u0161n\u011bn\u00ed prostoru. <\/p>\n<p><strong>S vanou, p\u0159\u00edpadn\u011b sprchov\u00fdm koutem, by m\u011blo ladit umyvadlo<\/strong> \u2013 jednak z hlediska tvaru, jednak stylem baterie. Jako ide\u00e1ln\u00ed se jev\u00ed matn\u00e1 baterie v \u010dern\u00e9 barv\u011b, kter\u00e1 p\u016fsob\u00ed velmi elegantn\u00edm dojmem. Vybrat si samoz\u0159ejm\u011b m\u016f\u017eete dle vlastn\u00edho vkusu a preferenc\u00ed, je v\u0161ak vhodn\u00e9 vyb\u00edrat z jedn\u00e9 kolekce. Pr\u00e1v\u011b d\u00edky tomu toti\u017e dodr\u017e\u00edte \u010distotu designu, kterou se skandin\u00e1vsk\u00fd styl bydlen\u00ed vyzna\u010duje. Co se stylu umyvadla t\u00fd\u010de, m\u016f\u017ee b\u00fdt z\u00e1v\u011bsn\u00e9, postaven\u00e9 na desku \u010di zapu\u0161t\u011bn\u00e9 do desky, sta\u010d\u00ed si vybrat.    <\/p>\n\t\t\t\t\t\t<\/div>\n\t\t\t\t<\/div>\n\t\t\t\t\t<\/div>\n\t\t<\/div>\n\t\t\t\t\t\t\t<\/div>\n\t\t<\/section>\n\t\t\t\t<section class=\"elementor-section elementor-top-section elementor-element elementor-element-1962257 elementor-section-boxed elementor-section-height-default elementor-section-height-default\" data-id=\"1962257\" data-element_type=\"section\">\n\t\t\t\t\t\t<div class=\"elementor-container elementor-column-gap-default\">\n\t\t\t\t\t<div class=\"elementor-column elementor-col-100 elementor-top-column elementor-element elementor-element-782ba5d\" data-id=\"782ba5d\" data-element_type=\"column\">\n\t\t\t<div class=\"elementor-widget-wrap elementor-element-populated\">\n\t\t\t\t\t\t\t\t<div class=\"elementor-element elementor-element-f0c47f4 elementor-widget elementor-widget-heading\" data-id=\"f0c47f4\" data-element_type=\"widget\" data-widget_type=\"heading.default\">\n\t\t\t\t<div class=\"elementor-widget-container\">\n\t\t\t<h4 class=\"elementor-heading-title elementor-size-default\">Jak\u00fd zvolit koupelnov\u00fd n\u00e1bytek?<\/h4>\t\t<\/div>\n\t\t\t\t<\/div>\n\t\t\t\t\t<\/div>\n\t\t<\/div>\n\t\t\t\t\t\t\t<\/div>\n\t\t<\/section>\n\t\t\t\t<section class=\"elementor-section elementor-top-section elementor-element elementor-element-be7ea19 elementor-section-boxed elementor-section-height-default elementor-section-height-default\" data-id=\"be7ea19\" data-element_type=\"section\">\n\t\t\t\t\t\t<div class=\"elementor-container elementor-column-gap-default\">\n\t\t\t\t\t<div class=\"elementor-column elementor-col-100 elementor-top-column elementor-element elementor-element-de930e3\" data-id=\"de930e3\" data-element_type=\"column\">\n\t\t\t<div class=\"elementor-widget-wrap elementor-element-populated\">\n\t\t\t\t\t\t\t\t<div class=\"elementor-element elementor-element-d821f80 elementor-widget elementor-widget-text-editor\" data-id=\"d821f80\" data-element_type=\"widget\" data-widget_type=\"text-editor.default\">\n\t\t\t\t<div class=\"elementor-widget-container\">\n\t\t\t\t\t\t\t<p>Neodmyslitelnou sou\u010d\u00e1st\u00ed koupelny je tak\u00e9 koupelnov\u00fd n\u00e1bytek. Chcete-li skandin\u00e1vsk\u00fd styl pojmout co nejv\u00edce tradi\u010dn\u011b, nesm\u00edte opomenout d\u0159evo. <strong>Jedn\u00edm ze sou\u010dasn\u00fdch trend\u016f je koupelnov\u00fd n\u00e1bytek z masivu<\/strong>. <\/p>\n<p>Zde je v\u0161ak <strong>pot\u0159eba myslet na to, \u017ee aby odolal vlhk\u00e9mu prost\u0159ed\u00ed koupelny<\/strong>, mus\u00ed b\u00fdt vyroben z toho spr\u00e1vn\u00e9ho d\u0159eva, jako je nap\u0159\u00edklad dub, a k tomu d\u016fkladn\u011b napenetrovan\u00fd speci\u00e1ln\u00edm p\u0159\u00edpravkem. Kdo si na masiv netrouf\u00e1, m\u016f\u017ee zvolit imitaci nap\u0159\u00edklad v podob\u011b poti\u0161t\u011bn\u00e9 f\u00f3lie. Nicm\u00e9n\u011b, ani klasick\u00fdm koupelnov\u00fdm n\u00e1bytkem v b\u00edl\u00e9 barv\u011b nic nezkaz\u00edte. A\u0165 tak \u010di onak, hlavn\u011b <strong>nezapome\u0148te sladit ve\u0161ker\u00e9 \u00fachytky n\u00e1bytku<\/strong>. Ide\u00e1ln\u00ed jsou op\u011bt matn\u00e9 \u010dern\u00e9.    <\/p>\n\t\t\t\t\t\t<\/div>\n\t\t\t\t<\/div>\n\t\t\t\t\t<\/div>\n\t\t<\/div>\n\t\t\t\t\t\t\t<\/div>\n\t\t<\/section>\n\t\t\t\t<section class=\"elementor-section elementor-top-section elementor-element elementor-element-dd60187 elementor-section-boxed elementor-section-height-default elementor-section-height-default\" data-id=\"dd60187\" data-element_type=\"section\">\n\t\t\t\t\t\t<div class=\"elementor-container elementor-column-gap-default\">\n\t\t\t\t\t<div class=\"elementor-column elementor-col-100 elementor-top-column elementor-element elementor-element-08cc4b5\" data-id=\"08cc4b5\" data-element_type=\"column\">\n\t\t\t<div class=\"elementor-widget-wrap elementor-element-populated\">\n\t\t\t\t\t\t\t\t<div class=\"elementor-element elementor-element-46c3cef elementor-widget elementor-widget-heading\" data-id=\"46c3cef\" data-element_type=\"widget\" data-widget_type=\"heading.default\">\n\t\t\t\t<div class=\"elementor-widget-container\">\n\t\t\t<h4 class=\"elementor-heading-title elementor-size-default\">Jak na v\u00fdb\u011br osv\u011btlen\u00ed? Hlavn\u011b ne\u0161et\u0159it! <\/h4>\t\t<\/div>\n\t\t\t\t<\/div>\n\t\t\t\t\t<\/div>\n\t\t<\/div>\n\t\t\t\t\t\t\t<\/div>\n\t\t<\/section>\n\t\t\t\t<section class=\"elementor-section elementor-top-section elementor-element elementor-element-790aefe elementor-section-boxed elementor-section-height-default elementor-section-height-default\" data-id=\"790aefe\" data-element_type=\"section\">\n\t\t\t\t\t\t<div class=\"elementor-container elementor-column-gap-default\">\n\t\t\t\t\t<div class=\"elementor-column elementor-col-100 elementor-top-column elementor-element elementor-element-27ff36a\" data-id=\"27ff36a\" data-element_type=\"column\">\n\t\t\t<div class=\"elementor-widget-wrap elementor-element-populated\">\n\t\t\t\t\t\t\t\t<div class=\"elementor-element elementor-element-3f802a7 elementor-widget elementor-widget-text-editor\" data-id=\"3f802a7\" data-element_type=\"widget\" data-widget_type=\"text-editor.default\">\n\t\t\t\t<div class=\"elementor-widget-container\">\n\t\t\t\t\t\t\t<p>Pozornost byste m\u011bli v\u011bnovat i dostate\u010dn\u00e9mu osv\u011btlen\u00ed, kter\u00fdm jako Skandin\u00e1vci rozhodn\u011b ne\u0161et\u0159ete. <strong>Jako hlavn\u00ed sv\u011btlo se pov\u011bt\u0161inou vol\u00ed minimalistick\u00e9 bodov\u00e9 sv\u011btlo<\/strong>, kter\u00e9 m\u016f\u017ee b\u00fdt dopln\u011bno d\u0159ev\u011bn\u00fdmi prvky. D\u00e1le m\u016f\u017eete do rohu m\u00edstnosti um\u00edstit stojac\u00ed lampu a nad umyvadla a zrcadla pak LED osv\u011btlen\u00ed. Abyste osv\u011btlen\u00edm vytvo\u0159ili dokonalou atmosf\u00e9ru, m\u011blo by b\u00fdt m\u011bkk\u00e9 a tlumen\u00e9. <strong>Zapom\u00ednat byste nem\u011bli ani na sv\u00ed\u010dky a sv\u00edc\u00ednky<\/strong>.  <\/p>\n\t\t\t\t\t\t<\/div>\n\t\t\t\t<\/div>\n\t\t\t\t\t<\/div>\n\t\t<\/div>\n\t\t\t\t\t\t\t<\/div>\n\t\t<\/section>\n\t\t\t\t<section class=\"elementor-section elementor-top-section elementor-element elementor-element-b18b060 elementor-section-boxed elementor-section-height-default elementor-section-height-default\" data-id=\"b18b060\" data-element_type=\"section\">\n\t\t\t\t\t\t<div class=\"elementor-container elementor-column-gap-default\">\n\t\t\t\t\t<div class=\"elementor-column elementor-col-100 elementor-top-column elementor-element elementor-element-77ce900\" data-id=\"77ce900\" data-element_type=\"column\">\n\t\t\t<div class=\"elementor-widget-wrap elementor-element-populated\">\n\t\t\t\t\t\t\t\t<div class=\"elementor-element elementor-element-7fafa5a elementor-widget elementor-widget-heading\" data-id=\"7fafa5a\" data-element_type=\"widget\" data-widget_type=\"heading.default\">\n\t\t\t\t<div class=\"elementor-widget-container\">\n\t\t\t<h4 class=\"elementor-heading-title elementor-size-default\">V hlavn\u00ed roli dopl\u0148ky a dekorace <\/h4>\t\t<\/div>\n\t\t\t\t<\/div>\n\t\t\t\t\t<\/div>\n\t\t<\/div>\n\t\t\t\t\t\t\t<\/div>\n\t\t<\/section>\n\t\t\t\t<section class=\"elementor-section elementor-top-section elementor-element elementor-element-a37b816 elementor-section-boxed elementor-section-height-default elementor-section-height-default\" data-id=\"a37b816\" data-element_type=\"section\">\n\t\t\t\t\t\t<div class=\"elementor-container elementor-column-gap-default\">\n\t\t\t\t\t<div class=\"elementor-column elementor-col-100 elementor-top-column elementor-element elementor-element-a59749b\" data-id=\"a59749b\" data-element_type=\"column\">\n\t\t\t<div class=\"elementor-widget-wrap elementor-element-populated\">\n\t\t\t\t\t\t\t\t<div class=\"elementor-element elementor-element-2256343 elementor-widget elementor-widget-text-editor\" data-id=\"2256343\" data-element_type=\"widget\" data-widget_type=\"text-editor.default\">\n\t\t\t\t<div class=\"elementor-widget-container\">\n\t\t\t\t\t\t\t<p>K dokonalosti dovedete svou koupelnu ve skandin\u00e1vsk\u00e9m stylu prost\u0159ednictv\u00edm bytov\u00fdch dopl\u0148k\u016f a dekorac\u00ed.<strong> Co by skandin\u00e1vsk\u00e1 koupelna nem\u011bla postr\u00e1dat, je velk\u00e9 zrcadlo<\/strong>. Typick\u00e9 je zrcadlo kulat\u00e9 na ko\u017een\u00e9m opasku. D\u016fle\u017eit\u00e9 jsou ale tak\u00e9 drobn\u011bj\u0161\u00ed prvky typu stoj\u00e1nky na kart\u00e1\u010dky \u010di d\u00e1vkova\u010de na m\u00fddlo. Zvolit m\u016f\u017eete bu\u010f neutr\u00e1ln\u011bj\u0161\u00ed barvy, jako jsou \u010dern\u00e1, b\u00edl\u00e1 a \u0161ed\u00e1 (p\u0159\u00edpadn\u011b i dekor mramoru), nebo barvy v\u00fdrazn\u011bj\u0161\u00ed, kter\u00e9 interi\u00e9r zaru\u010den\u011b o\u017eiv\u00ed. Nav\u00edc budete moct tyto barevn\u00e9 dopl\u0148ky jednodu\u0161e vym\u011bnit.    <\/p>\n\t\t\t\t\t\t<\/div>\n\t\t\t\t<\/div>\n\t\t\t\t\t<\/div>\n\t\t<\/div>\n\t\t\t\t\t\t\t<\/div>\n\t\t<\/section>\n\t\t\t\t<section class=\"elementor-section elementor-top-section elementor-element elementor-element-f2fa1ca elementor-section-boxed elementor-section-height-default elementor-section-height-default\" data-id=\"f2fa1ca\" data-element_type=\"section\">\n\t\t\t\t\t\t<div class=\"elementor-container elementor-column-gap-default\">\n\t\t\t\t\t<div class=\"elementor-column elementor-col-100 elementor-top-column elementor-element elementor-element-5264556\" data-id=\"5264556\" data-element_type=\"column\">\n\t\t\t<div class=\"elementor-widget-wrap elementor-element-populated\">\n\t\t\t\t\t\t\t\t<div class=\"elementor-element elementor-element-311cc83 elementor-widget elementor-widget-image\" data-id=\"311cc83\" data-element_type=\"widget\" data-widget_type=\"image.default\">\n\t\t\t\t<div class=\"elementor-widget-container\">\n\t\t\t\t\t\t\t\t\t\t\t\t\t\t\t<img loading=\"lazy\" decoding=\"async\" width=\"1000\" height=\"667\" src=\"https:\/\/beta.acordinvest.cz\/wp-content\/uploads\/2023\/01\/skandinavske-zrcadlo-v-koupelne.jpg\" class=\"attachment-full size-full wp-image-1292\" alt=\"\" srcset=\"https:\/\/beta.acordinvest.cz\/wp-content\/uploads\/2023\/01\/skandinavske-zrcadlo-v-koupelne.jpg 1000w, https:\/\/beta.acordinvest.cz\/wp-content\/uploads\/2023\/01\/skandinavske-zrcadlo-v-koupelne-300x200.jpg 300w, https:\/\/beta.acordinvest.cz\/wp-content\/uploads\/2023\/01\/skandinavske-zrcadlo-v-koupelne-768x512.jpg 768w\" sizes=\"auto, (max-width: 1000px) 100vw, 1000px\" \/>\t\t\t\t\t\t\t\t\t\t\t\t\t\t\t<\/div>\n\t\t\t\t<\/div>\n\t\t\t\t\t<\/div>\n\t\t<\/div>\n\t\t\t\t\t\t\t<\/div>\n\t\t<\/section>\n\t\t\t\t<section class=\"elementor-section elementor-top-section elementor-element elementor-element-e6ae407 elementor-section-boxed elementor-section-height-default elementor-section-height-default\" data-id=\"e6ae407\" data-element_type=\"section\">\n\t\t\t\t\t\t<div class=\"elementor-container elementor-column-gap-default\">\n\t\t\t\t\t<div class=\"elementor-column elementor-col-100 elementor-top-column elementor-element elementor-element-b91b2c0\" data-id=\"b91b2c0\" data-element_type=\"column\">\n\t\t\t<div class=\"elementor-widget-wrap elementor-element-populated\">\n\t\t\t\t\t\t\t\t<div class=\"elementor-element elementor-element-563edfd elementor-widget elementor-widget-text-editor\" data-id=\"563edfd\" data-element_type=\"widget\" data-widget_type=\"text-editor.default\">\n\t\t\t\t<div class=\"elementor-widget-container\">\n\t\t\t\t\t\t\t<p><strong>Do skandin\u00e1vsk\u00e9 koupelny pat\u0159\u00ed mimo jin\u00e9 tak\u00e9 kv\u011btiny<\/strong>. Pr\u00e1v\u011b zele\u0148 koupelnu v p\u0159\u00edrodn\u00edch t\u00f3nech n\u00e1dhern\u011b dolad\u00ed. Po\u0159\u00eddit si m\u016f\u017eete jak z\u00e1v\u011bsn\u00e9 kv\u011btin\u00e1\u010de, kter\u00e9 um\u00edst\u00edte do rohu m\u00edstnosti, nebo i stojany na kv\u011btin\u00e1\u010de, kter\u00e9 ud\u011blaj\u00ed par\u00e1du snad na ka\u017ed\u00e9m m\u00edst\u011b. Co se designu samotn\u00fdch kv\u011btin\u00e1\u010d\u016f t\u00fd\u010de, vhodn\u00e9 jsou ty v designu kamene, ratanov\u00e9 \u010di prout\u011bn\u00e9. Prout\u011bn\u00e9 kv\u011btin\u00e1\u010de m\u016f\u017eete skv\u011ble doplnit t\u0159eba prout\u011bn\u00fdmi ko\u0161\u00edky, ve kter\u00fdch lze skladovat t\u0159eba kosmetiku.    <\/p>\n<p>V neposledn\u00ed \u0159ad\u011b <strong>stoj\u00ed za zm\u00ednku textil do koupelny.<\/strong> Skandin\u00e1vsk\u00fd styl si zakl\u00e1d\u00e1 na kvalit\u011b a preferuje ji p\u0159ed kvantitou. Ru\u010dn\u00edky a osu\u0161ky proto volte ze 100% bavlny (nejl\u00e9pe i BIO) nebo tak\u00e9 z bambusu. <\/p>\n\t\t\t\t\t\t<\/div>\n\t\t\t\t<\/div>\n\t\t\t\t\t<\/div>\n\t\t<\/div>\n\t\t\t\t\t\t\t<\/div>\n\t\t<\/section>\n\t\t\t\t<section class=\"elementor-section elementor-top-section elementor-element elementor-element-7774436 elementor-section-boxed elementor-section-height-default elementor-section-height-default\" data-id=\"7774436\" data-element_type=\"section\">\n\t\t\t\t\t\t<div class=\"elementor-container elementor-column-gap-default\">\n\t\t\t\t\t<div class=\"elementor-column elementor-col-100 elementor-top-column elementor-element elementor-element-e856dc1\" data-id=\"e856dc1\" data-element_type=\"column\">\n\t\t\t<div class=\"elementor-widget-wrap elementor-element-populated\">\n\t\t\t\t\t\t\t\t<div class=\"elementor-element elementor-element-51c23c2 elementor-widget elementor-widget-heading\" data-id=\"51c23c2\" data-element_type=\"widget\" data-widget_type=\"heading.default\">\n\t\t\t\t<div class=\"elementor-widget-container\">\n\t\t\t<h3 class=\"elementor-heading-title elementor-size-default\">OB\u00ddVAC\u00cd POKOJ<\/h3>\t\t<\/div>\n\t\t\t\t<\/div>\n\t\t\t\t\t<\/div>\n\t\t<\/div>\n\t\t\t\t\t\t\t<\/div>\n\t\t<\/section>\n\t\t\t\t<section class=\"elementor-section elementor-top-section elementor-element elementor-element-43525b1 elementor-section-boxed elementor-section-height-default elementor-section-height-default\" data-id=\"43525b1\" data-element_type=\"section\">\n\t\t\t\t\t\t<div class=\"elementor-container elementor-column-gap-default\">\n\t\t\t\t\t<div class=\"elementor-column elementor-col-100 elementor-top-column elementor-element elementor-element-e0817d7\" data-id=\"e0817d7\" data-element_type=\"column\">\n\t\t\t<div class=\"elementor-widget-wrap elementor-element-populated\">\n\t\t\t\t\t\t\t\t<div class=\"elementor-element elementor-element-c7de0b0 elementor-widget elementor-widget-text-editor\" data-id=\"c7de0b0\" data-element_type=\"widget\" data-widget_type=\"text-editor.default\">\n\t\t\t\t<div class=\"elementor-widget-container\">\n\t\t\t\t\t\t\t<p>Ob\u00fdvac\u00ed pokoj <strong>b\u00fdv\u00e1 hlavn\u00edm centrem d\u011bn\u00ed<\/strong>. P\u0159edstavuje jednak prostor, kde se relaxuje, ale z\u00e1rove\u0148 tak\u00e9 m\u00edstnost, v n\u00ed\u017e p\u0159ij\u00edm\u00e1te n\u00e1v\u0161t\u011bvy. Z toho d\u016fvodu by m\u011bl ob\u00fdv\u00e1k \u010d\u00e1ste\u010dn\u011b plnit i reprezentativn\u00ed funkci. D\u00edky skandin\u00e1vsk\u00e9mu stylu, kter\u00fd si libuje v jednoduchosti, p\u0159\u00edrodn\u00edch prvc\u00edch a funk\u010dnosti to zajist\u00e9 zvl\u00e1dnete levou zadn\u00ed.   <\/p>\n\t\t\t\t\t\t<\/div>\n\t\t\t\t<\/div>\n\t\t\t\t\t<\/div>\n\t\t<\/div>\n\t\t\t\t\t\t\t<\/div>\n\t\t<\/section>\n\t\t\t\t<section class=\"elementor-section elementor-top-section elementor-element elementor-element-e4d81bf elementor-section-boxed elementor-section-height-default elementor-section-height-default\" data-id=\"e4d81bf\" data-element_type=\"section\">\n\t\t\t\t\t\t<div class=\"elementor-container elementor-column-gap-default\">\n\t\t\t\t\t<div class=\"elementor-column elementor-col-100 elementor-top-column elementor-element elementor-element-7352117\" data-id=\"7352117\" data-element_type=\"column\">\n\t\t\t<div class=\"elementor-widget-wrap elementor-element-populated\">\n\t\t\t\t\t\t\t\t<div class=\"elementor-element elementor-element-69192e1 elementor-widget elementor-widget-heading\" data-id=\"69192e1\" data-element_type=\"widget\" data-widget_type=\"heading.default\">\n\t\t\t\t<div class=\"elementor-widget-container\">\n\t\t\t<h4 class=\"elementor-heading-title elementor-size-default\">Volba barevn\u00e9 palety<\/h4>\t\t<\/div>\n\t\t\t\t<\/div>\n\t\t\t\t\t<\/div>\n\t\t<\/div>\n\t\t\t\t\t\t\t<\/div>\n\t\t<\/section>\n\t\t\t\t<section class=\"elementor-section elementor-top-section elementor-element elementor-element-89250f4 elementor-section-boxed elementor-section-height-default elementor-section-height-default\" data-id=\"89250f4\" data-element_type=\"section\">\n\t\t\t\t\t\t<div class=\"elementor-container elementor-column-gap-default\">\n\t\t\t\t\t<div class=\"elementor-column elementor-col-100 elementor-top-column elementor-element elementor-element-a316062\" data-id=\"a316062\" data-element_type=\"column\">\n\t\t\t<div class=\"elementor-widget-wrap elementor-element-populated\">\n\t\t\t\t\t\t\t\t<div class=\"elementor-element elementor-element-ba6f6dd elementor-widget elementor-widget-text-editor\" data-id=\"ba6f6dd\" data-element_type=\"widget\" data-widget_type=\"text-editor.default\">\n\t\t\t\t<div class=\"elementor-widget-container\">\n\t\t\t\t\t\t\t<p>Spr\u00e1vn\u00fd v\u00fdb\u011br barev do ob\u00fdv\u00e1ku ve skandin\u00e1vsk\u00e9m stylu je kl\u00ed\u010dov\u00fd. <strong>Barva by m\u011bla odr\u00e1\u017eet co nejv\u00edce p\u0159irozen\u00e9ho sv\u011btla<\/strong>. Nejv\u011bt\u0161\u00ed par\u00e1du tak ud\u011bl\u00e1te barvou b\u00edlou \u010di lehce \u0161edou. Ob\u011b se nav\u00edc skv\u011ble kombinuj\u00ed s teplou barvou d\u0159eva, kter\u00e9 v tomto stylu bydlen\u00ed hraje nezastupitelnou roli, a t\u00f3ny s\u00e9pie. Rovn\u011b\u017e zapome\u0148te na z\u00e1clony a z\u00e1v\u011bsy, zbyte\u010dn\u011b byste tak br\u00e1nili p\u0159\u00edstupu denn\u00edho sv\u011btla.   <\/p>\n<p>Aby v\u0161ak ob\u00fdv\u00e1k nep\u016fsobil p\u0159\u00edli\u0161 uniformn\u011b a\u017e nudn\u011b, vyu\u017e\u00edv\u00e1 se k jeho o\u017eiven\u00ed prvk\u016f kontrastu. <strong>Jedn\u00e1 se p\u0159edev\u0161\u00edm o kombinaci b\u00edl\u00e9 a \u010dern\u00e9<\/strong> \u2013 a\u0165 u\u017e na textili\u00edch, jako jsou pol\u0161t\u00e1\u0159ky, kobere\u010dky \u010di deky, tak u jednotliv\u00fdch kus\u016f n\u00e1bytku a dopl\u0148k\u016f. Zkuste t\u0159eba k b\u00edl\u00e9 st\u011bn\u011b um\u00edstit \u010dernou stojac\u00ed lampu, r\u00e1zem tak zm\u011bn\u00edte celkovou atmosf\u00e9ru m\u00edstnosti. <strong>Typick\u00e9 pro skandin\u00e1vsk\u00e9 interi\u00e9ry jsou tak\u00e9 \u017elut\u00e9 akcenty na pozad\u00ed \u010dern\u00e9 a b\u00edl\u00e9<\/strong>. Setkat se m\u016f\u017eete i s obklady na st\u011bnu z kamene.  <\/p>\n\t\t\t\t\t\t<\/div>\n\t\t\t\t<\/div>\n\t\t\t\t\t<\/div>\n\t\t<\/div>\n\t\t\t\t\t\t\t<\/div>\n\t\t<\/section>\n\t\t\t\t<section class=\"elementor-section elementor-top-section elementor-element elementor-element-2095449 elementor-section-boxed elementor-section-height-default elementor-section-height-default\" data-id=\"2095449\" data-element_type=\"section\">\n\t\t\t\t\t\t<div class=\"elementor-container elementor-column-gap-default\">\n\t\t\t\t\t<div class=\"elementor-column elementor-col-100 elementor-top-column elementor-element elementor-element-bb6e342\" data-id=\"bb6e342\" data-element_type=\"column\">\n\t\t\t<div class=\"elementor-widget-wrap elementor-element-populated\">\n\t\t\t\t\t\t\t\t<div class=\"elementor-element elementor-element-a97d9cc elementor-widget elementor-widget-image\" data-id=\"a97d9cc\" data-element_type=\"widget\" data-widget_type=\"image.default\">\n\t\t\t\t<div class=\"elementor-widget-container\">\n\t\t\t\t\t\t\t\t\t\t\t\t\t\t\t<img loading=\"lazy\" decoding=\"async\" width=\"1000\" height=\"667\" src=\"https:\/\/beta.acordinvest.cz\/wp-content\/uploads\/2023\/01\/zluty-akcent-ve-skandinavskem-stylu-bydleni.jpg\" class=\"attachment-full size-full wp-image-1293\" alt=\"\" srcset=\"https:\/\/beta.acordinvest.cz\/wp-content\/uploads\/2023\/01\/zluty-akcent-ve-skandinavskem-stylu-bydleni.jpg 1000w, https:\/\/beta.acordinvest.cz\/wp-content\/uploads\/2023\/01\/zluty-akcent-ve-skandinavskem-stylu-bydleni-300x200.jpg 300w, https:\/\/beta.acordinvest.cz\/wp-content\/uploads\/2023\/01\/zluty-akcent-ve-skandinavskem-stylu-bydleni-768x512.jpg 768w\" sizes=\"auto, (max-width: 1000px) 100vw, 1000px\" \/>\t\t\t\t\t\t\t\t\t\t\t\t\t\t\t<\/div>\n\t\t\t\t<\/div>\n\t\t\t\t\t<\/div>\n\t\t<\/div>\n\t\t\t\t\t\t\t<\/div>\n\t\t<\/section>\n\t\t\t\t<section class=\"elementor-section elementor-top-section elementor-element elementor-element-6a5e773 elementor-section-boxed elementor-section-height-default elementor-section-height-default\" data-id=\"6a5e773\" data-element_type=\"section\">\n\t\t\t\t\t\t<div class=\"elementor-container elementor-column-gap-default\">\n\t\t\t\t\t<div class=\"elementor-column elementor-col-100 elementor-top-column elementor-element elementor-element-6814200\" data-id=\"6814200\" data-element_type=\"column\">\n\t\t\t<div class=\"elementor-widget-wrap elementor-element-populated\">\n\t\t\t\t\t\t\t\t<div class=\"elementor-element elementor-element-142ae09 elementor-widget elementor-widget-heading\" data-id=\"142ae09\" data-element_type=\"widget\" data-widget_type=\"heading.default\">\n\t\t\t\t<div class=\"elementor-widget-container\">\n\t\t\t<h4 class=\"elementor-heading-title elementor-size-default\">Podlaha<\/h4>\t\t<\/div>\n\t\t\t\t<\/div>\n\t\t\t\t\t<\/div>\n\t\t<\/div>\n\t\t\t\t\t\t\t<\/div>\n\t\t<\/section>\n\t\t\t\t<section class=\"elementor-section elementor-top-section elementor-element elementor-element-66b2a10 elementor-section-boxed elementor-section-height-default elementor-section-height-default\" data-id=\"66b2a10\" data-element_type=\"section\">\n\t\t\t\t\t\t<div class=\"elementor-container elementor-column-gap-default\">\n\t\t\t\t\t<div class=\"elementor-column elementor-col-100 elementor-top-column elementor-element elementor-element-e2b0e49\" data-id=\"e2b0e49\" data-element_type=\"column\">\n\t\t\t<div class=\"elementor-widget-wrap elementor-element-populated\">\n\t\t\t\t\t\t\t\t<div class=\"elementor-element elementor-element-3c33418 elementor-widget elementor-widget-text-editor\" data-id=\"3c33418\" data-element_type=\"widget\" data-widget_type=\"text-editor.default\">\n\t\t\t\t<div class=\"elementor-widget-container\">\n\t\t\t\t\t\t\t<p>Jak\u00fd typ podlahy volit pro ob\u00fdvac\u00ed pokoj v seversk\u00e9m stylu bydlen\u00ed pro v\u00e1s asi nebude \u017e\u00e1dn\u00fdm p\u0159ekvapen\u00edm \u2013 <strong>d\u0159evo, d\u0159evo a zase d\u0159evo<\/strong>. Nejl\u00e9pe to sv\u011btl\u00e9, kter\u00e9 dok\u00e1\u017ee m\u00edstnost je\u0161t\u011b o n\u011bco v\u00edce prosv\u011btlit a bude p\u016fsobit velice \u00fatuln\u011b. K seversk\u00e9mu pokoji jednozna\u010dn\u011b pat\u0159\u00ed tak\u00e9 kusov\u00e9 koberce. <strong>T\u0159eba koberec v modr\u00e9 barv\u011b vnese do interi\u00e9ru p\u0159\u00edjemn\u00fd barevn\u00fd n\u00e1dech a texturu<\/strong>.  <\/p>\n\t\t\t\t\t\t<\/div>\n\t\t\t\t<\/div>\n\t\t\t\t\t<\/div>\n\t\t<\/div>\n\t\t\t\t\t\t\t<\/div>\n\t\t<\/section>\n\t\t\t\t<section class=\"elementor-section elementor-top-section elementor-element elementor-element-040acca elementor-section-boxed elementor-section-height-default elementor-section-height-default\" data-id=\"040acca\" data-element_type=\"section\">\n\t\t\t\t\t\t<div class=\"elementor-container elementor-column-gap-default\">\n\t\t\t\t\t<div class=\"elementor-column elementor-col-100 elementor-top-column elementor-element elementor-element-04734fb\" data-id=\"04734fb\" data-element_type=\"column\">\n\t\t\t<div class=\"elementor-widget-wrap elementor-element-populated\">\n\t\t\t\t\t\t\t\t<div class=\"elementor-element elementor-element-c461efb elementor-widget elementor-widget-heading\" data-id=\"c461efb\" data-element_type=\"widget\" data-widget_type=\"heading.default\">\n\t\t\t\t<div class=\"elementor-widget-container\">\n\t\t\t<h4 class=\"elementor-heading-title elementor-size-default\"> V hlavn\u00ed roli sedac\u00ed souprava<\/h4>\t\t<\/div>\n\t\t\t\t<\/div>\n\t\t\t\t\t<\/div>\n\t\t<\/div>\n\t\t\t\t\t\t\t<\/div>\n\t\t<\/section>\n\t\t\t\t<section class=\"elementor-section elementor-top-section elementor-element elementor-element-ef9f1ba elementor-section-boxed elementor-section-height-default elementor-section-height-default\" data-id=\"ef9f1ba\" data-element_type=\"section\">\n\t\t\t\t\t\t<div class=\"elementor-container elementor-column-gap-default\">\n\t\t\t\t\t<div class=\"elementor-column elementor-col-100 elementor-top-column elementor-element elementor-element-c1fab98\" data-id=\"c1fab98\" data-element_type=\"column\">\n\t\t\t<div class=\"elementor-widget-wrap elementor-element-populated\">\n\t\t\t\t\t\t\t\t<div class=\"elementor-element elementor-element-877e547 elementor-widget elementor-widget-text-editor\" data-id=\"877e547\" data-element_type=\"widget\" data-widget_type=\"text-editor.default\">\n\t\t\t\t<div class=\"elementor-widget-container\">\n\t\t\t\t\t\t\t<p>Sedac\u00ed souprava <strong>je dominantn\u00edm prvkem snad ka\u017ed\u00e9ho ob\u00fdvac\u00edho pokoje<\/strong>. Co se barevn\u00e9ho proveden\u00ed t\u00fd\u010de, nej\u010dast\u011bji pad\u00e1 volba na odst\u00edny \u0161ed\u00e9. Ty se toti\u017e daj\u00ed skv\u011ble <strong>doplnit r\u016fzn\u00fdmi dekora\u010dn\u00edmi pol\u0161t\u00e1\u0159ky<\/strong>, pruhovan\u00fdmi tkaninami \u010di p\u0159ehozy z ov\u010d\u00ed vlny. Skv\u011ble bude vypadat i to, kdy\u017e pohovku dopln\u00edte jednoduch\u00fdmi k\u0159esly.   <\/p>\n\t\t\t\t\t\t<\/div>\n\t\t\t\t<\/div>\n\t\t\t\t\t<\/div>\n\t\t<\/div>\n\t\t\t\t\t\t\t<\/div>\n\t\t<\/section>\n\t\t\t\t<section class=\"elementor-section elementor-top-section elementor-element elementor-element-00eb288 elementor-section-boxed elementor-section-height-default elementor-section-height-default\" data-id=\"00eb288\" data-element_type=\"section\">\n\t\t\t\t\t\t<div class=\"elementor-container elementor-column-gap-default\">\n\t\t\t\t\t<div class=\"elementor-column elementor-col-100 elementor-top-column elementor-element elementor-element-acb7b5a\" data-id=\"acb7b5a\" data-element_type=\"column\">\n\t\t\t<div class=\"elementor-widget-wrap elementor-element-populated\">\n\t\t\t\t\t\t\t\t<div class=\"elementor-element elementor-element-beff2f8 elementor-widget elementor-widget-heading\" data-id=\"beff2f8\" data-element_type=\"widget\" data-widget_type=\"heading.default\">\n\t\t\t\t<div class=\"elementor-widget-container\">\n\t\t\t<h4 class=\"elementor-heading-title elementor-size-default\">Jak na n\u00e1bytek do ob\u00fdvac\u00edho pokoje?<\/h4>\t\t<\/div>\n\t\t\t\t<\/div>\n\t\t\t\t\t<\/div>\n\t\t<\/div>\n\t\t\t\t\t\t\t<\/div>\n\t\t<\/section>\n\t\t\t\t<section class=\"elementor-section elementor-top-section elementor-element elementor-element-864e450 elementor-section-boxed elementor-section-height-default elementor-section-height-default\" data-id=\"864e450\" data-element_type=\"section\">\n\t\t\t\t\t\t<div class=\"elementor-container elementor-column-gap-default\">\n\t\t\t\t\t<div class=\"elementor-column elementor-col-100 elementor-top-column elementor-element elementor-element-6d824c4\" data-id=\"6d824c4\" data-element_type=\"column\">\n\t\t\t<div class=\"elementor-widget-wrap elementor-element-populated\">\n\t\t\t\t\t\t\t\t<div class=\"elementor-element elementor-element-91e1a9c elementor-widget elementor-widget-text-editor\" data-id=\"91e1a9c\" data-element_type=\"widget\" data-widget_type=\"text-editor.default\">\n\t\t\t\t<div class=\"elementor-widget-container\">\n\t\t\t\t\t\t\t<p>Ke spr\u00e1vn\u011b zvolen\u00e9 sedac\u00ed souprav\u011b <strong>samoz\u0159ejm\u011b pat\u0159\u00ed konferen\u010dn\u00ed stolek<\/strong>. Ide\u00e1ln\u011b volte stolek ve sv\u011btl\u00e9 barv\u011b \u010di d\u0159ev\u011bn\u00e9m dekoru. N\u00e1bytek ve skandin\u00e1vsk\u00e9m stylu se obvykle vyzna\u010duje jednoduch\u00fdmi, rovn\u00fdmi a \u010dist\u00fdmi liniemi a vyroben m\u016f\u017ee b\u00fdt jak ze d\u0159eva (p\u0159edev\u0161\u00edm z masivu b\u0159\u00edzy a borovice), tak i z kombinace d\u0159eva, kovu a skla. D\u016fle\u017eit\u00e9 je, aby ka\u017ed\u00fd kus n\u00e1bytku m\u011bl sv\u016fj v\u00fdznam a plnil ur\u010ditou funkci.   <\/p>\n\t\t\t\t\t\t<\/div>\n\t\t\t\t<\/div>\n\t\t\t\t\t<\/div>\n\t\t<\/div>\n\t\t\t\t\t\t\t<\/div>\n\t\t<\/section>\n\t\t\t\t<section class=\"elementor-section elementor-top-section elementor-element elementor-element-e700574 elementor-section-boxed elementor-section-height-default elementor-section-height-default\" data-id=\"e700574\" data-element_type=\"section\">\n\t\t\t\t\t\t<div class=\"elementor-container elementor-column-gap-default\">\n\t\t\t\t\t<div class=\"elementor-column elementor-col-100 elementor-top-column elementor-element elementor-element-6d422cf\" data-id=\"6d422cf\" data-element_type=\"column\">\n\t\t\t<div class=\"elementor-widget-wrap elementor-element-populated\">\n\t\t\t\t\t\t\t\t<div class=\"elementor-element elementor-element-97b0518 elementor-widget elementor-widget-image\" data-id=\"97b0518\" data-element_type=\"widget\" data-widget_type=\"image.default\">\n\t\t\t\t<div class=\"elementor-widget-container\">\n\t\t\t\t\t\t\t\t\t\t\t\t\t\t\t<img loading=\"lazy\" decoding=\"async\" width=\"1000\" height=\"675\" src=\"https:\/\/beta.acordinvest.cz\/wp-content\/uploads\/2023\/01\/ukazka-moderniho-skandinavskeho-interieru.jpg\" class=\"attachment-full size-full wp-image-1294\" alt=\"\" srcset=\"https:\/\/beta.acordinvest.cz\/wp-content\/uploads\/2023\/01\/ukazka-moderniho-skandinavskeho-interieru.jpg 1000w, https:\/\/beta.acordinvest.cz\/wp-content\/uploads\/2023\/01\/ukazka-moderniho-skandinavskeho-interieru-300x203.jpg 300w, https:\/\/beta.acordinvest.cz\/wp-content\/uploads\/2023\/01\/ukazka-moderniho-skandinavskeho-interieru-768x518.jpg 768w\" sizes=\"auto, (max-width: 1000px) 100vw, 1000px\" \/>\t\t\t\t\t\t\t\t\t\t\t\t\t\t\t<\/div>\n\t\t\t\t<\/div>\n\t\t\t\t\t<\/div>\n\t\t<\/div>\n\t\t\t\t\t\t\t<\/div>\n\t\t<\/section>\n\t\t\t\t<section class=\"elementor-section elementor-top-section elementor-element elementor-element-40d630b elementor-section-boxed elementor-section-height-default elementor-section-height-default\" data-id=\"40d630b\" data-element_type=\"section\">\n\t\t\t\t\t\t<div class=\"elementor-container elementor-column-gap-default\">\n\t\t\t\t\t<div class=\"elementor-column elementor-col-100 elementor-top-column elementor-element elementor-element-6f77fdf\" data-id=\"6f77fdf\" data-element_type=\"column\">\n\t\t\t<div class=\"elementor-widget-wrap elementor-element-populated\">\n\t\t\t\t\t\t\t\t<div class=\"elementor-element elementor-element-a2ebec4 elementor-widget elementor-widget-text-editor\" data-id=\"a2ebec4\" data-element_type=\"widget\" data-widget_type=\"text-editor.default\">\n\t\t\t\t<div class=\"elementor-widget-container\">\n\t\t\t\t\t\t\t<p>Stejn\u011b jako u volby barevn\u00e9 palety, i u n\u00e1bytku se setk\u00e1me s oblibou kontrast\u016f. <strong>Kontrastn\u00ed prvek zde p\u0159edstavuje spojen\u00ed star\u00e9ho a nov\u00e9ho \u010di modern\u00edho a rustik\u00e1ln\u00edho<\/strong>. Co takhle um\u00edstit mezi jednoduch\u00fd modern\u00ed n\u00e1bytek prout\u011bn\u00e9 houpac\u00ed k\u0159eslo? <\/p>\n\t\t\t\t\t\t<\/div>\n\t\t\t\t<\/div>\n\t\t\t\t\t<\/div>\n\t\t<\/div>\n\t\t\t\t\t\t\t<\/div>\n\t\t<\/section>\n\t\t\t\t<section class=\"elementor-section elementor-top-section elementor-element elementor-element-8a5c05a elementor-section-boxed elementor-section-height-default elementor-section-height-default\" data-id=\"8a5c05a\" data-element_type=\"section\">\n\t\t\t\t\t\t<div class=\"elementor-container elementor-column-gap-default\">\n\t\t\t\t\t<div class=\"elementor-column elementor-col-100 elementor-top-column elementor-element elementor-element-b483f23\" data-id=\"b483f23\" data-element_type=\"column\">\n\t\t\t<div class=\"elementor-widget-wrap elementor-element-populated\">\n\t\t\t\t\t\t\t\t<div class=\"elementor-element elementor-element-3f8b544 elementor-widget elementor-widget-heading\" data-id=\"3f8b544\" data-element_type=\"widget\" data-widget_type=\"heading.default\">\n\t\t\t\t<div class=\"elementor-widget-container\">\n\t\t\t<h4 class=\"elementor-heading-title elementor-size-default\">Podtrhn\u011bte atmosf\u00e9ru vhodn\u00fdm osv\u011btlen\u00edm<\/h4>\t\t<\/div>\n\t\t\t\t<\/div>\n\t\t\t\t\t<\/div>\n\t\t<\/div>\n\t\t\t\t\t\t\t<\/div>\n\t\t<\/section>\n\t\t\t\t<section class=\"elementor-section elementor-top-section elementor-element elementor-element-4b81d5b elementor-section-boxed elementor-section-height-default elementor-section-height-default\" data-id=\"4b81d5b\" data-element_type=\"section\">\n\t\t\t\t\t\t<div class=\"elementor-container elementor-column-gap-default\">\n\t\t\t\t\t<div class=\"elementor-column elementor-col-100 elementor-top-column elementor-element elementor-element-135a3fa\" data-id=\"135a3fa\" data-element_type=\"column\">\n\t\t\t<div class=\"elementor-widget-wrap elementor-element-populated\">\n\t\t\t\t\t\t\t\t<div class=\"elementor-element elementor-element-611169f elementor-widget elementor-widget-text-editor\" data-id=\"611169f\" data-element_type=\"widget\" data-widget_type=\"text-editor.default\">\n\t\t\t\t<div class=\"elementor-widget-container\">\n\t\t\t\t\t\t\t<p>Jak jsme ji\u017e zm\u00ednili v \u00favodu \u010dl\u00e1nku, nespokojte se pouze s jedn\u00edm velk\u00fdm sv\u011btlem. <strong>Ve skandin\u00e1vsk\u00e9m ob\u00fdvac\u00edm pokoji nesm\u00ed chyb\u011bt ani ob\u0159\u00ed stojac\u00ed lampa a decentn\u00ed dopl\u0148kov\u00e9 osv\u011btlen\u00ed<\/strong>, jako jsou nap\u0159\u00edklad \u0159et\u011bzov\u00e1 sv\u011bt\u00fdlka \u010di sv\u00ed\u010dky.<\/p>\n\t\t\t\t\t\t<\/div>\n\t\t\t\t<\/div>\n\t\t\t\t\t<\/div>\n\t\t<\/div>\n\t\t\t\t\t\t\t<\/div>\n\t\t<\/section>\n\t\t\t\t<section class=\"elementor-section elementor-top-section elementor-element elementor-element-e342bb2 elementor-section-boxed elementor-section-height-default elementor-section-height-default\" data-id=\"e342bb2\" data-element_type=\"section\">\n\t\t\t\t\t\t<div class=\"elementor-container elementor-column-gap-default\">\n\t\t\t\t\t<div class=\"elementor-column elementor-col-100 elementor-top-column elementor-element elementor-element-32cab88\" data-id=\"32cab88\" data-element_type=\"column\">\n\t\t\t<div class=\"elementor-widget-wrap elementor-element-populated\">\n\t\t\t\t\t\t\t\t<div class=\"elementor-element elementor-element-2aaa716 elementor-widget elementor-widget-heading\" data-id=\"2aaa716\" data-element_type=\"widget\" data-widget_type=\"heading.default\">\n\t\t\t\t<div class=\"elementor-widget-container\">\n\t\t\t<h4 class=\"elementor-heading-title elementor-size-default\">S dekoracemi a dopl\u0148ky to nep\u0159eh\u00e1n\u011bjte<\/h4>\t\t<\/div>\n\t\t\t\t<\/div>\n\t\t\t\t\t<\/div>\n\t\t<\/div>\n\t\t\t\t\t\t\t<\/div>\n\t\t<\/section>\n\t\t\t\t<section class=\"elementor-section elementor-top-section elementor-element elementor-element-2a440c8 elementor-section-boxed elementor-section-height-default elementor-section-height-default\" data-id=\"2a440c8\" data-element_type=\"section\">\n\t\t\t\t\t\t<div class=\"elementor-container elementor-column-gap-default\">\n\t\t\t\t\t<div class=\"elementor-column elementor-col-100 elementor-top-column elementor-element elementor-element-c5e90de\" data-id=\"c5e90de\" data-element_type=\"column\">\n\t\t\t<div class=\"elementor-widget-wrap elementor-element-populated\">\n\t\t\t\t\t\t\t\t<div class=\"elementor-element elementor-element-2e8667e elementor-widget elementor-widget-text-editor\" data-id=\"2e8667e\" data-element_type=\"widget\" data-widget_type=\"text-editor.default\">\n\t\t\t\t<div class=\"elementor-widget-container\">\n\t\t\t\t\t\t\t<p>S dekoracemi a dopl\u0148ky je to v seversk\u00e9m stylu jako s n\u00e1bytkem \u2013 ka\u017ed\u00fd kus by m\u011bl m\u00edt sv\u016fj funk\u010dn\u00ed \u00fa\u010del a tak\u00e9 speci\u00e1ln\u00ed v\u00fdznam pro obyvatele domu \u010di bytu. V tomto ohledu d\u00e1vaj\u00ed opravdov\u00ed seve\u0159an\u00e9 p\u0159ednost kvalit\u011b p\u0159ed kvantitou a na \u201elapa\u010de prachu\u201c si nepotrp\u00ed.  <strong>Sna\u017e\u00ed se volit dopl\u0148ky, kter\u00e9 jednak nepodl\u00e9haj\u00ed m\u00f3dn\u00edm trend\u016fm, a jednak jsou nad\u010dasov\u00e9.<\/strong> Typick\u00fdm p\u0159\u00edkladem jsou u\u017e v\u00fd\u0161e zm\u00edn\u011bn\u00e9 p\u0159ehozy a dekora\u010dn\u00ed pol\u0161t\u00e1\u0159ky, d\u00e1le tak\u00e9 kvalitn\u00ed sv\u00edcny, velk\u00e9 hodiny \u010di obrazov\u00e1 galerie na st\u011bn\u011b, kter\u00e1 dod\u00e1 jinak minimalistick\u00e9mu designu osobitost.<\/p>\n\t\t\t\t\t\t<\/div>\n\t\t\t\t<\/div>\n\t\t\t\t\t<\/div>\n\t\t<\/div>\n\t\t\t\t\t\t\t<\/div>\n\t\t<\/section>\n\t\t\t\t<section class=\"elementor-section elementor-top-section elementor-element elementor-element-134665d elementor-section-boxed elementor-section-height-default elementor-section-height-default\" data-id=\"134665d\" data-element_type=\"section\">\n\t\t\t\t\t\t<div class=\"elementor-container elementor-column-gap-default\">\n\t\t\t\t\t<div class=\"elementor-column elementor-col-100 elementor-top-column elementor-element elementor-element-fe4d2d1\" data-id=\"fe4d2d1\" data-element_type=\"column\">\n\t\t\t<div class=\"elementor-widget-wrap elementor-element-populated\">\n\t\t\t\t\t\t\t\t<div class=\"elementor-element elementor-element-54272b7 elementor-widget elementor-widget-image\" data-id=\"54272b7\" data-element_type=\"widget\" data-widget_type=\"image.default\">\n\t\t\t\t<div class=\"elementor-widget-container\">\n\t\t\t\t\t\t\t\t\t\t\t\t\t\t\t<img loading=\"lazy\" decoding=\"async\" width=\"800\" height=\"534\" src=\"https:\/\/beta.acordinvest.cz\/wp-content\/uploads\/2023\/01\/stylovy-skandinavsky-minimalisticky-interier-se-zrcadlem-a-krbem.jpg\" class=\"attachment-large size-large wp-image-1295\" alt=\"\" srcset=\"https:\/\/beta.acordinvest.cz\/wp-content\/uploads\/2023\/01\/stylovy-skandinavsky-minimalisticky-interier-se-zrcadlem-a-krbem.jpg 1000w, https:\/\/beta.acordinvest.cz\/wp-content\/uploads\/2023\/01\/stylovy-skandinavsky-minimalisticky-interier-se-zrcadlem-a-krbem-300x200.jpg 300w, https:\/\/beta.acordinvest.cz\/wp-content\/uploads\/2023\/01\/stylovy-skandinavsky-minimalisticky-interier-se-zrcadlem-a-krbem-768x513.jpg 768w\" sizes=\"auto, (max-width: 800px) 100vw, 800px\" \/>\t\t\t\t\t\t\t\t\t\t\t\t\t\t\t<\/div>\n\t\t\t\t<\/div>\n\t\t\t\t\t<\/div>\n\t\t<\/div>\n\t\t\t\t\t\t\t<\/div>\n\t\t<\/section>\n\t\t\t\t<section class=\"elementor-section elementor-top-section elementor-element elementor-element-83f227d elementor-section-boxed elementor-section-height-default elementor-section-height-default\" data-id=\"83f227d\" data-element_type=\"section\">\n\t\t\t\t\t\t<div class=\"elementor-container elementor-column-gap-default\">\n\t\t\t\t\t<div class=\"elementor-column elementor-col-100 elementor-top-column elementor-element elementor-element-a5e2ffc\" data-id=\"a5e2ffc\" data-element_type=\"column\">\n\t\t\t<div class=\"elementor-widget-wrap elementor-element-populated\">\n\t\t\t\t\t\t\t\t<div class=\"elementor-element elementor-element-2ed0dcf elementor-widget elementor-widget-text-editor\" data-id=\"2ed0dcf\" data-element_type=\"widget\" data-widget_type=\"text-editor.default\">\n\t\t\t\t<div class=\"elementor-widget-container\">\n\t\t\t\t\t\t\t<p>Ve skandin\u00e1vsk\u00e9m interi\u00e9ru samoz\u0159ejm\u011b nesm\u00ed chyb\u011bt pokojov\u00e9 rostliny, kter\u00e9 do n\u011bj vn\u00e1\u0161\u00ed zelenou barvu jako v\u00fdrazn\u00fd akcent. Obl\u00edben\u00e9 jsou rostliny v z\u00e1v\u011bsn\u00fdch kv\u011btin\u00e1\u010d\u00edch nebo i voln\u011b stoj\u00edc\u00ed rostliny s v\u00fdrazn\u00fdmi listy. Na stole \u010di komod\u011b se budou skv\u011ble vyj\u00edmat tak\u00e9 v\u00e1zy se suchou tr\u00e1vou \u010di v\u011btvi\u010dkami.  <\/p>\n\t\t\t\t\t\t<\/div>\n\t\t\t\t<\/div>\n\t\t\t\t\t<\/div>\n\t\t<\/div>\n\t\t\t\t\t\t\t<\/div>\n\t\t<\/section>\n\t\t\t\t<section class=\"elementor-section elementor-top-section elementor-element elementor-element-debc85d elementor-section-boxed elementor-section-height-default elementor-section-height-default\" data-id=\"debc85d\" data-element_type=\"section\">\n\t\t\t\t\t\t<div class=\"elementor-container elementor-column-gap-default\">\n\t\t\t\t\t<div class=\"elementor-column elementor-col-100 elementor-top-column elementor-element elementor-element-7505b50\" data-id=\"7505b50\" data-element_type=\"column\">\n\t\t\t<div class=\"elementor-widget-wrap elementor-element-populated\">\n\t\t\t\t\t\t\t\t<div class=\"elementor-element elementor-element-d5c8e25 elementor-widget elementor-widget-heading\" data-id=\"d5c8e25\" data-element_type=\"widget\" data-widget_type=\"heading.default\">\n\t\t\t\t<div class=\"elementor-widget-container\">\n\t\t\t<h2 class=\"elementor-heading-title elementor-size-default\">SKANDIN\u00c1VSK\u00dd STYL V ARCHITEKTU\u0158E<\/h2>\t\t<\/div>\n\t\t\t\t<\/div>\n\t\t\t\t\t<\/div>\n\t\t<\/div>\n\t\t\t\t\t\t\t<\/div>\n\t\t<\/section>\n\t\t\t\t<section class=\"elementor-section elementor-top-section elementor-element elementor-element-74224db elementor-section-boxed elementor-section-height-default elementor-section-height-default\" data-id=\"74224db\" data-element_type=\"section\">\n\t\t\t\t\t\t<div class=\"elementor-container elementor-column-gap-default\">\n\t\t\t\t\t<div class=\"elementor-column elementor-col-100 elementor-top-column elementor-element elementor-element-a5310ca\" data-id=\"a5310ca\" data-element_type=\"column\">\n\t\t\t<div class=\"elementor-widget-wrap elementor-element-populated\">\n\t\t\t\t\t\t\t\t<div class=\"elementor-element elementor-element-00af40a elementor-widget elementor-widget-text-editor\" data-id=\"00af40a\" data-element_type=\"widget\" data-widget_type=\"text-editor.default\">\n\t\t\t\t<div class=\"elementor-widget-container\">\n\t\t\t\t\t\t\t<p>V p\u0159ede\u0161l\u00fdch \u0159\u00e1dc\u00edch jsme se sice zam\u011b\u0159ili \u010dist\u011b na interi\u00e9r, faktem ale je, \u017ee skandin\u00e1vsk\u00fd design vl\u00e1dne i st\u0159ech\u00e1m a fas\u00e1d\u00e1m. <strong>V\u00edce ne\u017e 90 % dom\u016f ve Skandin\u00e1vii se stav\u00ed ze d\u0159eva<\/strong>. D\u016fvodem je p\u0159edev\u0161\u00edm tam\u011bj\u0161\u00ed tradice ve stavitelstv\u00ed a tak\u00e9 bohat\u00e9 lesy. <\/p>\n\t\t\t\t\t\t<\/div>\n\t\t\t\t<\/div>\n\t\t\t\t\t<\/div>\n\t\t<\/div>\n\t\t\t\t\t\t\t<\/div>\n\t\t<\/section>\n\t\t\t\t<section class=\"elementor-section elementor-top-section elementor-element elementor-element-bffa42e elementor-section-boxed elementor-section-height-default elementor-section-height-default\" data-id=\"bffa42e\" data-element_type=\"section\">\n\t\t\t\t\t\t<div class=\"elementor-container elementor-column-gap-default\">\n\t\t\t\t\t<div class=\"elementor-column elementor-col-100 elementor-top-column elementor-element elementor-element-fd4331f\" data-id=\"fd4331f\" data-element_type=\"column\">\n\t\t\t<div class=\"elementor-widget-wrap elementor-element-populated\">\n\t\t\t\t\t\t\t\t<div class=\"elementor-element elementor-element-6131bd5 elementor-widget elementor-widget-heading\" data-id=\"6131bd5\" data-element_type=\"widget\" data-widget_type=\"heading.default\">\n\t\t\t\t<div class=\"elementor-widget-container\">\n\t\t\t<h3 class=\"elementor-heading-title elementor-size-default\">A CO JE PRO SEVERSKOU ARCHITEKTURU CHARAKTERISTICK\u00c9?<\/h3>\t\t<\/div>\n\t\t\t\t<\/div>\n\t\t\t\t\t<\/div>\n\t\t<\/div>\n\t\t\t\t\t\t\t<\/div>\n\t\t<\/section>\n\t\t\t\t<section class=\"elementor-section elementor-top-section elementor-element elementor-element-b938fa7 elementor-section-boxed elementor-section-height-default elementor-section-height-default\" data-id=\"b938fa7\" data-element_type=\"section\">\n\t\t\t\t\t\t<div class=\"elementor-container elementor-column-gap-default\">\n\t\t\t\t\t<div class=\"elementor-column elementor-col-100 elementor-top-column elementor-element elementor-element-b121bb2\" data-id=\"b121bb2\" data-element_type=\"column\">\n\t\t\t<div class=\"elementor-widget-wrap elementor-element-populated\">\n\t\t\t\t\t\t\t\t<div class=\"elementor-element elementor-element-7e570b8 elementor-widget elementor-widget-text-editor\" data-id=\"7e570b8\" data-element_type=\"widget\" data-widget_type=\"text-editor.default\">\n\t\t\t\t<div class=\"elementor-widget-container\">\n\t\t\t\t\t\t\t<p>Jedn\u00e1 se p\u0159edev\u0161\u00edm o funk\u010dn\u00ed a \u010dist\u00fd design a <strong>z\u00e1libu v kombinov\u00e1n\u00ed p\u0159\u00edrodn\u00edch a snadno recyklovateln\u00fdch materi\u00e1l\u016f<\/strong> \u2013 a\u0165 u\u017e je to d\u0159evo, sklo \u010di ocel. Modern\u00ed skandin\u00e1vsk\u00fd d\u016fm m\u016f\u017ee b\u00fdt jak\u00e9hokoliv tvaru, ale v\u011bt\u0161ina Skandin\u00e1vc\u016f  <strong>preferuje tradi\u010dn\u00ed formy, tzn. \u010dty\u0159i st\u011bny a sedlovou st\u0159echu <\/strong>.<\/p>\n<p>Pro st\u0159echy je typick\u00e9 velk\u00e9 mno\u017estv\u00ed bezpe\u010dnostn\u00edch prvk\u016f, nebo\u0165 jsou toti\u017e \u010dasto vystavov\u00e1ny n\u00edzk\u00fdm teplot\u00e1m, sn\u011bhu, siln\u00fdm de\u0161\u0165\u016fm a v neposledn\u00ed \u0159ad\u011b i organick\u00e9mu spadu ze strom\u016f. Sou\u010d\u00e1st\u00ed ka\u017ed\u00e9 skandin\u00e1vsk\u00e9 st\u0159echy tak b\u00fdvaj\u00ed sn\u011bhov\u00e9 z\u00e1brany, \u017eeb\u0159\u00edky a st\u0159e\u0161n\u00ed l\u00e1vky. <\/p>\n\t\t\t\t\t\t<\/div>\n\t\t\t\t<\/div>\n\t\t\t\t\t<\/div>\n\t\t<\/div>\n\t\t\t\t\t\t\t<\/div>\n\t\t<\/section>\n\t\t\t\t<section class=\"elementor-section elementor-top-section elementor-element elementor-element-c736cff elementor-section-boxed elementor-section-height-default elementor-section-height-default\" data-id=\"c736cff\" data-element_type=\"section\">\n\t\t\t\t\t\t<div class=\"elementor-container elementor-column-gap-default\">\n\t\t\t\t\t<div class=\"elementor-column elementor-col-100 elementor-top-column elementor-element elementor-element-80068dc\" data-id=\"80068dc\" data-element_type=\"column\">\n\t\t\t<div class=\"elementor-widget-wrap elementor-element-populated\">\n\t\t\t\t\t\t\t\t<div class=\"elementor-element elementor-element-2e83528 elementor-widget elementor-widget-heading\" data-id=\"2e83528\" data-element_type=\"widget\" data-widget_type=\"heading.default\">\n\t\t\t\t<div class=\"elementor-widget-container\">\n\t\t\t<h3 class=\"elementor-heading-title elementor-size-default\">NEJ\u010cAST\u011aJ\u0160\u00cd BARVY<\/h3>\t\t<\/div>\n\t\t\t\t<\/div>\n\t\t\t\t\t<\/div>\n\t\t<\/div>\n\t\t\t\t\t\t\t<\/div>\n\t\t<\/section>\n\t\t\t\t<section class=\"elementor-section elementor-top-section elementor-element elementor-element-49e1d0b elementor-section-boxed elementor-section-height-default elementor-section-height-default\" data-id=\"49e1d0b\" data-element_type=\"section\">\n\t\t\t\t\t\t<div class=\"elementor-container elementor-column-gap-default\">\n\t\t\t\t\t<div class=\"elementor-column elementor-col-100 elementor-top-column elementor-element elementor-element-136faae\" data-id=\"136faae\" data-element_type=\"column\">\n\t\t\t<div class=\"elementor-widget-wrap elementor-element-populated\">\n\t\t\t\t\t\t\t\t<div class=\"elementor-element elementor-element-623baaf elementor-widget elementor-widget-text-editor\" data-id=\"623baaf\" data-element_type=\"widget\" data-widget_type=\"text-editor.default\">\n\t\t\t\t<div class=\"elementor-widget-container\">\n\t\t\t\t\t\t\t<p>Nej\u010dast\u011bj\u0161\u00ed barvou fas\u00e1dy, p\u0159edev\u0161\u00edm ve \u0160v\u00e9dsku, je ji\u017e po dlouhou <strong>dobu \u010derven\u00e1<\/strong>, v Norsku se setk\u00e1te tak\u00e9 s barvou <strong>zelenou \u010di modrou, m\u00e9n\u011b \u010dasto pak se \u017elutou a b\u00edlou<\/strong>. R\u00e1my oken jsou ale v\u017edy b\u00edl\u00e9. Za zm\u00ednku stoj\u00ed tak\u00e9 samotn\u00e9 rozm\u011bry oken \u2013 ty jsou co nejv\u011bt\u0161\u00ed, aby dovnit\u0159 proudilo co nejv\u00edce sv\u011btla.  <\/p>\n<p>Ze skla m\u016f\u017ee b\u00fdt dokonce i cel\u00e1 st\u011bna. <strong>Ve venkovsk\u00fdch oblastech b\u00fdvaj\u00ed sou\u010d\u00e1st\u00ed dom\u016f i prosklen\u00e9 verandy<\/strong>. U seversk\u00fdch dom\u016f se m\u00e1lokdy setk\u00e1te s oplocen\u00edm. Kdy\u017e u\u017e ano, jedn\u00e1 se vesm\u011bs o mal\u00fd dekorativn\u00ed plot.  <\/p>\n\t\t\t\t\t\t<\/div>\n\t\t\t\t<\/div>\n\t\t\t\t\t<\/div>\n\t\t<\/div>\n\t\t\t\t\t\t\t<\/div>\n\t\t<\/section>\n\t\t\t\t<section class=\"elementor-section elementor-top-section elementor-element elementor-element-caa943e elementor-section-boxed elementor-section-height-default elementor-section-height-default\" data-id=\"caa943e\" data-element_type=\"section\">\n\t\t\t\t\t\t<div class=\"elementor-container elementor-column-gap-default\">\n\t\t\t\t\t<div class=\"elementor-column elementor-col-100 elementor-top-column elementor-element elementor-element-eb367bc\" data-id=\"eb367bc\" data-element_type=\"column\">\n\t\t\t<div class=\"elementor-widget-wrap elementor-element-populated\">\n\t\t\t\t\t\t\t\t<div class=\"elementor-element elementor-element-20bb63a elementor-widget elementor-widget-image\" data-id=\"20bb63a\" data-element_type=\"widget\" data-widget_type=\"image.default\">\n\t\t\t\t<div class=\"elementor-widget-container\">\n\t\t\t\t\t\t\t\t\t\t\t\t\t\t\t<img loading=\"lazy\" decoding=\"async\" width=\"800\" height=\"547\" src=\"https:\/\/beta.acordinvest.cz\/wp-content\/uploads\/2023\/01\/skandinavska-architektura-v-kodani.png\" class=\"attachment-large size-large wp-image-1296\" alt=\"\" srcset=\"https:\/\/beta.acordinvest.cz\/wp-content\/uploads\/2023\/01\/skandinavska-architektura-v-kodani.png 800w, https:\/\/beta.acordinvest.cz\/wp-content\/uploads\/2023\/01\/skandinavska-architektura-v-kodani-300x205.png 300w, https:\/\/beta.acordinvest.cz\/wp-content\/uploads\/2023\/01\/skandinavska-architektura-v-kodani-768x525.png 768w\" sizes=\"auto, (max-width: 800px) 100vw, 800px\" \/>\t\t\t\t\t\t\t\t\t\t\t\t\t\t\t<\/div>\n\t\t\t\t<\/div>\n\t\t\t\t\t<\/div>\n\t\t<\/div>\n\t\t\t\t\t\t\t<\/div>\n\t\t<\/section>\n\t\t\t\t<section class=\"elementor-section elementor-top-section elementor-element elementor-element-c3a8338 elementor-section-boxed elementor-section-height-default elementor-section-height-default\" data-id=\"c3a8338\" data-element_type=\"section\">\n\t\t\t\t\t\t<div class=\"elementor-container elementor-column-gap-default\">\n\t\t\t\t\t<div class=\"elementor-column elementor-col-100 elementor-top-column elementor-element elementor-element-7e198b9\" data-id=\"7e198b9\" data-element_type=\"column\">\n\t\t\t<div class=\"elementor-widget-wrap elementor-element-populated\">\n\t\t\t\t\t\t\t\t<div class=\"elementor-element elementor-element-f1fdd79 elementor-widget elementor-widget-heading\" data-id=\"f1fdd79\" data-element_type=\"widget\" data-widget_type=\"heading.default\">\n\t\t\t\t<div class=\"elementor-widget-container\">\n\t\t\t<h3 class=\"elementor-heading-title elementor-size-default\">DISPOZICE M\u00cdSTNOST\u00cd<\/h3>\t\t<\/div>\n\t\t\t\t<\/div>\n\t\t\t\t\t<\/div>\n\t\t<\/div>\n\t\t\t\t\t\t\t<\/div>\n\t\t<\/section>\n\t\t\t\t<section class=\"elementor-section elementor-top-section elementor-element elementor-element-adce090 elementor-section-boxed elementor-section-height-default elementor-section-height-default\" data-id=\"adce090\" data-element_type=\"section\">\n\t\t\t\t\t\t<div class=\"elementor-container elementor-column-gap-default\">\n\t\t\t\t\t<div class=\"elementor-column elementor-col-100 elementor-top-column elementor-element elementor-element-66e4946\" data-id=\"66e4946\" data-element_type=\"column\">\n\t\t\t<div class=\"elementor-widget-wrap elementor-element-populated\">\n\t\t\t\t\t\t\t\t<div class=\"elementor-element elementor-element-bfcc9f0 elementor-widget elementor-widget-text-editor\" data-id=\"bfcc9f0\" data-element_type=\"widget\" data-widget_type=\"text-editor.default\">\n\t\t\t\t<div class=\"elementor-widget-container\">\n\t\t\t\t\t\t\t<p>Co se vnit\u0159n\u00edho uspo\u0159\u00e1d\u00e1n\u00ed t\u00fd\u010de, <strong>vstup b\u00fdv\u00e1 od obytn\u00e9 \u010d\u00e1sti odd\u011blen chodbou<\/strong>. Kuchyn\u011b, j\u00eddelna a ob\u00fdvac\u00ed pokoj jsou od sebe odd\u011bleny bu\u010f symbolicky, nebo v\u016fbec. To vych\u00e1z\u00ed z uspo\u0159\u00e1d\u00e1n\u00ed v minulosti, kdy v dom\u011b v\u017edy byla jedna m\u00edstnost pro v\u0161echno.  <\/p>\n<p>Dal\u0161\u00edm d\u016fvodem je samoz\u0159ejm\u011b <strong>komfort p\u0159i p\u00e9\u010di o rodinn\u00e9 p\u0159\u00edslu\u0161n\u00edky a hosty<\/strong>. Samostatn\u00fdmi pokoji ve skandin\u00e1vsk\u00e9m dom\u011b jsou koupelna a lo\u017enice. V m\u011bstsk\u00fdch bytech v\u0161ak naraz\u00edte i na izolovan\u00e9 kuchyn\u011b, z\u00e1le\u017e\u00ed na dispozi\u010dn\u00edm \u0159e\u0161en\u00ed.  <\/p>\n\t\t\t\t\t\t<\/div>\n\t\t\t\t<\/div>\n\t\t\t\t\t<\/div>\n\t\t<\/div>\n\t\t\t\t\t\t\t<\/div>\n\t\t<\/section>\n\t\t\t\t\t\t\t<\/div>\n\t\t","protected":false},"excerpt":{"rendered":"<p>Mo\u017en\u00e1 ve v\u00e1s p\u0159edstava b\u00edl\u00fdch st\u011bn, kamene a d\u0159eva probouz\u00ed pocit zimy a nevl\u00eddnost chladn\u00fdch seversk\u00fdch d\u00e1lek, \u017e\u00e1dn\u00e9 mrazivo se ale konat nemus\u00ed, naopak.<\/p>\n","protected":false},"author":4,"featured_media":1929,"comment_status":"closed","ping_status":"closed","sticky":false,"template":"elementor_header_footer","format":"standard","meta":{"inline_featured_image":false,"footnotes":"","_links_to":"","_links_to_target":""},"categories":[175],"tags":[],"class_list":["post-2170","post","type-post","status-publish","format-standard","has-post-thumbnail","hentry","category-blog-en"],"acf":[],"_links":{"self":[{"href":"https:\/\/beta.acordinvest.cz\/en\/wp-json\/wp\/v2\/posts\/2170","targetHints":{"allow":["GET"]}}],"collection":[{"href":"https:\/\/beta.acordinvest.cz\/en\/wp-json\/wp\/v2\/posts"}],"about":[{"href":"https:\/\/beta.acordinvest.cz\/en\/wp-json\/wp\/v2\/types\/post"}],"author":[{"embeddable":true,"href":"https:\/\/beta.acordinvest.cz\/en\/wp-json\/wp\/v2\/users\/4"}],"replies":[{"embeddable":true,"href":"https:\/\/beta.acordinvest.cz\/en\/wp-json\/wp\/v2\/comments?post=2170"}],"version-history":[{"count":3,"href":"https:\/\/beta.acordinvest.cz\/en\/wp-json\/wp\/v2\/posts\/2170\/revisions"}],"predecessor-version":[{"id":2173,"href":"https:\/\/beta.acordinvest.cz\/en\/wp-json\/wp\/v2\/posts\/2170\/revisions\/2173"}],"wp:featuredmedia":[{"embeddable":true,"href":"https:\/\/beta.acordinvest.cz\/en\/wp-json\/wp\/v2\/media\/1929"}],"wp:attachment":[{"href":"https:\/\/beta.acordinvest.cz\/en\/wp-json\/wp\/v2\/media?parent=2170"}],"wp:term":[{"taxonomy":"category","embeddable":true,"href":"https:\/\/beta.acordinvest.cz\/en\/wp-json\/wp\/v2\/categories?post=2170"},{"taxonomy":"post_tag","embeddable":true,"href":"https:\/\/beta.acordinvest.cz\/en\/wp-json\/wp\/v2\/tags?post=2170"}],"curies":[{"name":"wp","href":"https:\/\/api.w.org\/{rel}","templated":true}]}}