{"id":2182,"date":"2023-01-02T12:58:12","date_gmt":"2023-01-02T11:58:12","guid":{"rendered":"https:\/\/beta.acordinvest.cz\/acord-invest-mezi-vladci-realitniho-trhu-v-praze\/"},"modified":"2023-01-12T16:06:53","modified_gmt":"2023-01-12T15:06:53","slug":"acord-invest-mezi-vladci-realitniho-trhu-v-praze","status":"publish","type":"post","link":"https:\/\/beta.acordinvest.cz\/en\/acord-invest-mezi-vladci-realitniho-trhu-v-praze\/","title":{"rendered":"Acord Invest mezi vl\u00e1dci realitn\u00edho trhu v Praze"},"content":{"rendered":"\t\t<div data-elementor-type=\"wp-post\" data-elementor-id=\"2182\" class=\"elementor elementor-2182 elementor-1389\">\n\t\t\t\t\t\t\t\t\t<section class=\"elementor-section elementor-top-section elementor-element elementor-element-ce636f1 elementor-section-boxed elementor-section-height-default elementor-section-height-default\" data-id=\"ce636f1\" data-element_type=\"section\">\n\t\t\t\t\t\t<div class=\"elementor-container elementor-column-gap-default\">\n\t\t\t\t\t<div class=\"elementor-column elementor-col-100 elementor-top-column elementor-element elementor-element-6df7083\" data-id=\"6df7083\" data-element_type=\"column\">\n\t\t\t<div class=\"elementor-widget-wrap elementor-element-populated\">\n\t\t\t\t\t\t\t\t<div class=\"elementor-element elementor-element-6d3809e elementor-widget elementor-widget-text-editor\" data-id=\"6d3809e\" data-element_type=\"widget\" data-widget_type=\"text-editor.default\">\n\t\t\t\t<div class=\"elementor-widget-container\">\n\t\t\t<style>\/*! elementor - v3.10.1 - 17-01-2023 *\/\n.elementor-widget-text-editor.elementor-drop-cap-view-stacked .elementor-drop-cap{background-color:#818a91;color:#fff}.elementor-widget-text-editor.elementor-drop-cap-view-framed .elementor-drop-cap{color:#818a91;border:3px solid;background-color:transparent}.elementor-widget-text-editor:not(.elementor-drop-cap-view-default) .elementor-drop-cap{margin-top:8px}.elementor-widget-text-editor:not(.elementor-drop-cap-view-default) .elementor-drop-cap-letter{width:1em;height:1em}.elementor-widget-text-editor .elementor-drop-cap{float:left;text-align:center;line-height:1;font-size:50px}.elementor-widget-text-editor .elementor-drop-cap-letter{display:inline-block}<\/style>\t\t\t\t<p>Rekonstrukce byt\u016f v historick\u00e9 Praze \u010dasto \u010del\u00ed spoust\u011b komplikac\u00ed. ACORD INVEST se v\u0161ak sna\u017e\u00ed vr\u00e1tit t\u011bmto opu\u0161t\u011bn\u00fdm dom\u016fm v centru \u017eivot a kr\u00e1su. To, \u017ee se o to nesna\u017e\u00ed zbyte\u010dn\u011b, naopak se j\u00ed to da\u0159\u00ed, dokazuje i jej\u00ed pravideln\u00e9 um\u00edst\u011bn\u00ed v <a href=\"https:\/\/zpravy.aktualne.cz\/ekonomika\/kdo-v-praze-stavi-byty-projdete-si-zebricek-deseti-nejvetsic\/r~e7ace738350311e993a6ac1f6b220ee8\/v~sl:393501416272cb2edc9c0fef174a7a14\/\" target=\"_blank\" rel=\"noopener\"><strong>\u017eeb\u0159\u00ed\u010dku nej\u00fasp\u011b\u0161n\u011bj\u0161\u00edch developer\u016f<\/strong><\/a> v metropoli.   <\/p>\n<p>V\u00fdsledky pr\u00e1ce m\u016f\u017eete obdivovat p\u0159i proch\u00e1zk\u00e1ch v okol\u00ed V\u00e1clavsk\u00e9ho n\u00e1m\u011bst\u00ed nebo n\u00e1m\u011bst\u00ed M\u00edru. <\/p>\n<p>O tom, kdo v Praze nejv\u00edce prod\u00e1v\u00e1, se do\u010dtete tak\u00e9 <a href=\"https:\/\/www.hypoindex.cz\/tiskove-zpravy\/nejvice-novych-bytu-v-praze-v-roce-2019-prodal-central-group-v-prvni-desitce-jsou-nove-i-dva-developeri-se-zamerenim-na-rekonstrukce-budov\/\" target=\"_blank\" rel=\"noopener\"><strong>zde<\/strong><\/a>. <\/p>\n\t\t\t\t\t\t<\/div>\n\t\t\t\t<\/div>\n\t\t\t\t\t<\/div>\n\t\t<\/div>\n\t\t\t\t\t\t\t<\/div>\n\t\t<\/section>\n\t\t\t\t\t\t\t<\/div>\n\t\t","protected":false},"excerpt":{"rendered":"<p>Rekonstrukce byt\u016f v historick\u00e9 Praze \u010dasto \u010del\u00ed spoust\u011b komplikac\u00ed. ACORD INVEST se v\u0161ak sna\u017e\u00ed vr\u00e1tit t\u011bmto opu\u0161t\u011bn\u00fdm dom\u016fm v centru \u017eivot a kr\u00e1su.  <\/p>\n","protected":false},"author":4,"featured_media":1968,"comment_status":"closed","ping_status":"closed","sticky":false,"template":"","format":"standard","meta":{"inline_featured_image":false,"footnotes":"","_links_to":"","_links_to_target":""},"categories":[176],"tags":[],"class_list":["post-2182","post","type-post","status-publish","format-standard","has-post-thumbnail","hentry","category-napsali-o-nas-en"],"acf":[],"_links":{"self":[{"href":"https:\/\/beta.acordinvest.cz\/en\/wp-json\/wp\/v2\/posts\/2182","targetHints":{"allow":["GET"]}}],"collection":[{"href":"https:\/\/beta.acordinvest.cz\/en\/wp-json\/wp\/v2\/posts"}],"about":[{"href":"https:\/\/beta.acordinvest.cz\/en\/wp-json\/wp\/v2\/types\/post"}],"author":[{"embeddable":true,"href":"https:\/\/beta.acordinvest.cz\/en\/wp-json\/wp\/v2\/users\/4"}],"replies":[{"embeddable":true,"href":"https:\/\/beta.acordinvest.cz\/en\/wp-json\/wp\/v2\/comments?post=2182"}],"version-history":[{"count":1,"href":"https:\/\/beta.acordinvest.cz\/en\/wp-json\/wp\/v2\/posts\/2182\/revisions"}],"predecessor-version":[{"id":2183,"href":"https:\/\/beta.acordinvest.cz\/en\/wp-json\/wp\/v2\/posts\/2182\/revisions\/2183"}],"wp:featuredmedia":[{"embeddable":true,"href":"https:\/\/beta.acordinvest.cz\/en\/wp-json\/wp\/v2\/media\/1968"}],"wp:attachment":[{"href":"https:\/\/beta.acordinvest.cz\/en\/wp-json\/wp\/v2\/media?parent=2182"}],"wp:term":[{"taxonomy":"category","embeddable":true,"href":"https:\/\/beta.acordinvest.cz\/en\/wp-json\/wp\/v2\/categories?post=2182"},{"taxonomy":"post_tag","embeddable":true,"href":"https:\/\/beta.acordinvest.cz\/en\/wp-json\/wp\/v2\/tags?post=2182"}],"curies":[{"name":"wp","href":"https:\/\/api.w.org\/{rel}","templated":true}]}}