{"id":2184,"date":"2023-01-02T15:41:40","date_gmt":"2023-01-02T14:41:40","guid":{"rendered":"https:\/\/beta.acordinvest.cz\/zajimava-mista-v-centru-prahy-1\/"},"modified":"2023-01-12T16:10:06","modified_gmt":"2023-01-12T15:10:06","slug":"zajimava-mista-v-centru-prahy-1","status":"publish","type":"post","link":"https:\/\/beta.acordinvest.cz\/en\/zajimava-mista-v-centru-prahy-1\/","title":{"rendered":"Zaj\u00edmav\u00e1 m\u00edsta v centru Prahy 1"},"content":{"rendered":"\t\t<div data-elementor-type=\"wp-post\" data-elementor-id=\"2184\" class=\"elementor elementor-2184 elementor-1405\">\n\t\t\t\t\t\t\t\t\t<section class=\"elementor-section elementor-top-section elementor-element elementor-element-5226593 elementor-section-boxed elementor-section-height-default elementor-section-height-default\" data-id=\"5226593\" data-element_type=\"section\">\n\t\t\t\t\t\t<div class=\"elementor-container elementor-column-gap-default\">\n\t\t\t\t\t<div class=\"elementor-column elementor-col-100 elementor-top-column elementor-element elementor-element-ec9103c\" data-id=\"ec9103c\" data-element_type=\"column\">\n\t\t\t<div class=\"elementor-widget-wrap elementor-element-populated\">\n\t\t\t\t\t\t\t\t<div class=\"elementor-element elementor-element-c308fef elementor-widget elementor-widget-image\" data-id=\"c308fef\" data-element_type=\"widget\" data-widget_type=\"image.default\">\n\t\t\t\t<div class=\"elementor-widget-container\">\n\t\t\t<style>\/*! elementor - v3.10.1 - 17-01-2023 *\/\n.elementor-widget-image{text-align:center}.elementor-widget-image a{display:inline-block}.elementor-widget-image a img[src$=\".svg\"]{width:48px}.elementor-widget-image img{vertical-align:middle;display:inline-block}<\/style>\t\t\t\t\t\t\t\t\t\t\t\t<img loading=\"lazy\" decoding=\"async\" width=\"800\" height=\"600\" src=\"https:\/\/beta.acordinvest.cz\/wp-content\/uploads\/2023\/01\/ulicka-na-male-strane-s-prazskym-hradem.png\" class=\"attachment-full size-full wp-image-1409\" alt=\"\" srcset=\"https:\/\/beta.acordinvest.cz\/wp-content\/uploads\/2023\/01\/ulicka-na-male-strane-s-prazskym-hradem.png 800w, https:\/\/beta.acordinvest.cz\/wp-content\/uploads\/2023\/01\/ulicka-na-male-strane-s-prazskym-hradem-300x225.png 300w, https:\/\/beta.acordinvest.cz\/wp-content\/uploads\/2023\/01\/ulicka-na-male-strane-s-prazskym-hradem-768x576.png 768w\" sizes=\"auto, (max-width: 800px) 100vw, 800px\" \/>\t\t\t\t\t\t\t\t\t\t\t\t\t\t\t<\/div>\n\t\t\t\t<\/div>\n\t\t\t\t\t<\/div>\n\t\t<\/div>\n\t\t\t\t\t\t\t<\/div>\n\t\t<\/section>\n\t\t\t\t<section class=\"elementor-section elementor-top-section elementor-element elementor-element-1a15719 elementor-section-boxed elementor-section-height-default elementor-section-height-default\" data-id=\"1a15719\" data-element_type=\"section\">\n\t\t\t\t\t\t<div class=\"elementor-container elementor-column-gap-default\">\n\t\t\t\t\t<div class=\"elementor-column elementor-col-100 elementor-top-column elementor-element elementor-element-acb0a27\" data-id=\"acb0a27\" data-element_type=\"column\">\n\t\t\t<div class=\"elementor-widget-wrap elementor-element-populated\">\n\t\t\t\t\t\t\t\t<div class=\"elementor-element elementor-element-1bf575e elementor-widget elementor-widget-heading\" data-id=\"1bf575e\" data-element_type=\"widget\" data-widget_type=\"heading.default\">\n\t\t\t\t<div class=\"elementor-widget-container\">\n\t\t\t<style>\/*! elementor - v3.10.1 - 17-01-2023 *\/\n.elementor-heading-title{padding:0;margin:0;line-height:1}.elementor-widget-heading .elementor-heading-title[class*=elementor-size-]>a{color:inherit;font-size:inherit;line-height:inherit}.elementor-widget-heading .elementor-heading-title.elementor-size-small{font-size:15px}.elementor-widget-heading .elementor-heading-title.elementor-size-medium{font-size:19px}.elementor-widget-heading .elementor-heading-title.elementor-size-large{font-size:29px}.elementor-widget-heading .elementor-heading-title.elementor-size-xl{font-size:39px}.elementor-widget-heading .elementor-heading-title.elementor-size-xxl{font-size:59px}<\/style><h2 class=\"elementor-heading-title elementor-size-default\">Zaj\u00edmav\u00e1 m\u00edsta v centru Prahy<\/h2>\t\t<\/div>\n\t\t\t\t<\/div>\n\t\t\t\t\t<\/div>\n\t\t<\/div>\n\t\t\t\t\t\t\t<\/div>\n\t\t<\/section>\n\t\t\t\t<section class=\"elementor-section elementor-top-section elementor-element elementor-element-4ad5151 elementor-section-boxed elementor-section-height-default elementor-section-height-default\" data-id=\"4ad5151\" data-element_type=\"section\">\n\t\t\t\t\t\t<div class=\"elementor-container elementor-column-gap-default\">\n\t\t\t\t\t<div class=\"elementor-column elementor-col-100 elementor-top-column elementor-element elementor-element-7fbbedb\" data-id=\"7fbbedb\" data-element_type=\"column\">\n\t\t\t<div class=\"elementor-widget-wrap elementor-element-populated\">\n\t\t\t\t\t\t\t\t<div class=\"elementor-element elementor-element-31363e2 elementor-widget elementor-widget-heading\" data-id=\"31363e2\" data-element_type=\"widget\" data-widget_type=\"heading.default\">\n\t\t\t\t<div class=\"elementor-widget-container\">\n\t\t\t<h3 class=\"elementor-heading-title elementor-size-default\">KAM J\u00cdT ZA HISTORI\u00cd NEBO ODPO\u010cINKEM?<\/h3>\t\t<\/div>\n\t\t\t\t<\/div>\n\t\t\t\t\t<\/div>\n\t\t<\/div>\n\t\t\t\t\t\t\t<\/div>\n\t\t<\/section>\n\t\t\t\t<section class=\"elementor-section elementor-top-section elementor-element elementor-element-35e4855 elementor-section-boxed elementor-section-height-default elementor-section-height-default\" data-id=\"35e4855\" data-element_type=\"section\">\n\t\t\t\t\t\t<div class=\"elementor-container elementor-column-gap-default\">\n\t\t\t\t\t<div class=\"elementor-column elementor-col-100 elementor-top-column elementor-element elementor-element-cf6a31b\" data-id=\"cf6a31b\" data-element_type=\"column\">\n\t\t\t<div class=\"elementor-widget-wrap elementor-element-populated\">\n\t\t\t\t\t\t\t\t<div class=\"elementor-element elementor-element-9b31d0c elementor-widget elementor-widget-text-editor\" data-id=\"9b31d0c\" data-element_type=\"widget\" data-widget_type=\"text-editor.default\">\n\t\t\t\t<div class=\"elementor-widget-container\">\n\t\t\t<style>\/*! elementor - v3.10.1 - 17-01-2023 *\/\n.elementor-widget-text-editor.elementor-drop-cap-view-stacked .elementor-drop-cap{background-color:#818a91;color:#fff}.elementor-widget-text-editor.elementor-drop-cap-view-framed .elementor-drop-cap{color:#818a91;border:3px solid;background-color:transparent}.elementor-widget-text-editor:not(.elementor-drop-cap-view-default) .elementor-drop-cap{margin-top:8px}.elementor-widget-text-editor:not(.elementor-drop-cap-view-default) .elementor-drop-cap-letter{width:1em;height:1em}.elementor-widget-text-editor .elementor-drop-cap{float:left;text-align:center;line-height:1;font-size:50px}.elementor-widget-text-editor .elementor-drop-cap-letter{display:inline-block}<\/style>\t\t\t\t<p>L\u00e1k\u00e1 v\u00e1s<a href=\"https:\/\/www.acordinvest.cz\/prodej-bytu-praha-1\" target=\"_blank\" rel=\"noopener\"> bydlen\u00ed na Praze 1<\/a>, v sam\u00e9m srdci na\u0161\u00ed metropole? Pak ur\u010dit\u011b p\u00e1tr\u00e1te po tom, co v\u00e1s \u010dek\u00e1 v nejbli\u017e\u0161\u00edm okol\u00ed. V\u00edme, kam se m\u016f\u017eete vydat za na\u0161imi pestr\u00fdmi d\u011bjinami, za osv\u011b\u017euj\u00edc\u00ed zelen\u00ed nebo jin\u00fdmi zaj\u00edmavostmi. Mimochodem <a href=\"https:\/\/www.acordinvest.cz\/aktuality\/jsme-nejlepsi-v-cele-cr-ziskali-jsme-5-medaili-v-soutezi-projekt-roku-2021\" target=\"_blank\" rel=\"noopener\">za Prahu 1 jsme z\u00edskali v roce 2021 v sout\u011b\u017ei Projekt roku dv\u011b medaile<\/a>.  <\/p>\n\t\t\t\t\t\t<\/div>\n\t\t\t\t<\/div>\n\t\t\t\t\t<\/div>\n\t\t<\/div>\n\t\t\t\t\t\t\t<\/div>\n\t\t<\/section>\n\t\t\t\t<section class=\"elementor-section elementor-top-section elementor-element elementor-element-610b691 elementor-section-boxed elementor-section-height-default elementor-section-height-default\" data-id=\"610b691\" data-element_type=\"section\">\n\t\t\t\t\t\t<div class=\"elementor-container elementor-column-gap-default\">\n\t\t\t\t\t<div class=\"elementor-column elementor-col-100 elementor-top-column elementor-element elementor-element-bc8c1af\" data-id=\"bc8c1af\" data-element_type=\"column\">\n\t\t\t<div class=\"elementor-widget-wrap elementor-element-populated\">\n\t\t\t\t\t\t\t\t<div class=\"elementor-element elementor-element-01c31bf elementor-widget elementor-widget-heading\" data-id=\"01c31bf\" data-element_type=\"widget\" data-widget_type=\"heading.default\">\n\t\t\t\t<div class=\"elementor-widget-container\">\n\t\t\t<h3 class=\"elementor-heading-title elementor-size-default\">KAM ZA HISTORI\u00cd<\/h3>\t\t<\/div>\n\t\t\t\t<\/div>\n\t\t\t\t\t<\/div>\n\t\t<\/div>\n\t\t\t\t\t\t\t<\/div>\n\t\t<\/section>\n\t\t\t\t<section class=\"elementor-section elementor-top-section elementor-element elementor-element-1a7c441 elementor-section-boxed elementor-section-height-default elementor-section-height-default\" data-id=\"1a7c441\" data-element_type=\"section\">\n\t\t\t\t\t\t<div class=\"elementor-container elementor-column-gap-default\">\n\t\t\t\t\t<div class=\"elementor-column elementor-col-100 elementor-top-column elementor-element elementor-element-4df3ba9\" data-id=\"4df3ba9\" data-element_type=\"column\">\n\t\t\t<div class=\"elementor-widget-wrap elementor-element-populated\">\n\t\t\t\t\t\t\t\t<div class=\"elementor-element elementor-element-ec29538 elementor-widget elementor-widget-text-editor\" data-id=\"ec29538\" data-element_type=\"widget\" data-widget_type=\"text-editor.default\">\n\t\t\t\t<div class=\"elementor-widget-container\">\n\t\t\t\t\t\t\t<p>Historie je na Praze 1 opravdu po\u017eehnan\u011b. Pat\u0159\u00ed sem ty <strong>nejzn\u00e1m\u011bj\u0161\u00ed a nejv\u00fdznamn\u011bj\u0161\u00ed pam\u00e1tky<\/strong> ve m\u011bst\u011b, kter\u00e9 maj\u00ed nevy\u010d\u00edslitelnou hodnotu pro v\u0161echny \u010cechy. <\/p>\n\t\t\t\t\t\t<\/div>\n\t\t\t\t<\/div>\n\t\t\t\t\t<\/div>\n\t\t<\/div>\n\t\t\t\t\t\t\t<\/div>\n\t\t<\/section>\n\t\t\t\t<section class=\"elementor-section elementor-top-section elementor-element elementor-element-3c64396 elementor-section-boxed elementor-section-height-default elementor-section-height-default\" data-id=\"3c64396\" data-element_type=\"section\">\n\t\t\t\t\t\t<div class=\"elementor-container elementor-column-gap-default\">\n\t\t\t\t\t<div class=\"elementor-column elementor-col-100 elementor-top-column elementor-element elementor-element-3eb34fa\" data-id=\"3eb34fa\" data-element_type=\"column\">\n\t\t\t<div class=\"elementor-widget-wrap elementor-element-populated\">\n\t\t\t\t\t\t\t\t<div class=\"elementor-element elementor-element-d72dc52 elementor-widget elementor-widget-heading\" data-id=\"d72dc52\" data-element_type=\"widget\" data-widget_type=\"heading.default\">\n\t\t\t\t<div class=\"elementor-widget-container\">\n\t\t\t<h3 class=\"elementor-heading-title elementor-size-default\">PRA\u017dSK\u00dd HRAD<\/h3>\t\t<\/div>\n\t\t\t\t<\/div>\n\t\t\t\t\t<\/div>\n\t\t<\/div>\n\t\t\t\t\t\t\t<\/div>\n\t\t<\/section>\n\t\t\t\t<section class=\"elementor-section elementor-top-section elementor-element elementor-element-cdf4c5f elementor-section-boxed elementor-section-height-default elementor-section-height-default\" data-id=\"cdf4c5f\" data-element_type=\"section\">\n\t\t\t\t\t\t<div class=\"elementor-container elementor-column-gap-default\">\n\t\t\t\t\t<div class=\"elementor-column elementor-col-100 elementor-top-column elementor-element elementor-element-fd889d4\" data-id=\"fd889d4\" data-element_type=\"column\">\n\t\t\t<div class=\"elementor-widget-wrap elementor-element-populated\">\n\t\t\t\t\t\t\t\t<div class=\"elementor-element elementor-element-5c9a57d elementor-widget elementor-widget-text-editor\" data-id=\"5c9a57d\" data-element_type=\"widget\" data-widget_type=\"text-editor.default\">\n\t\t\t\t<div class=\"elementor-widget-container\">\n\t\t\t\t\t\t\t<p>Symbol \u010desk\u00e9ho st\u00e1tu maj\u00ed lid\u00e9 na Praze 1 skoro st\u00e1le na dohled. <strong>Komplex Pra\u017esk\u00e9ho hradu<\/strong> je pova\u017eov\u00e1n za ten <strong>nejv\u011bt\u0161\u00ed souvisl\u00fd na sv\u011bt\u011b<\/strong>, a to d\u00edky rozloze t\u00e9m\u011b\u0159 70 000 m<sup>2<\/sup>. Jeho sou\u010d\u00e1st\u00ed je objekt samotn\u00e9ho hradu, kter\u00fd byl od 9. stolet\u00ed s\u00eddlem \u010desk\u00fdch kn\u00ed\u017eat, kr\u00e1l\u016f a prezident\u016f republiky, ale pat\u0159\u00ed sem i dal\u0161\u00ed stavby, kter\u00e9 by zn\u00e1t ka\u017ed\u00fd \u010cech.  <\/p>\n\t\t\t\t\t\t<\/div>\n\t\t\t\t<\/div>\n\t\t\t\t\t<\/div>\n\t\t<\/div>\n\t\t\t\t\t\t\t<\/div>\n\t\t<\/section>\n\t\t\t\t<section class=\"elementor-section elementor-top-section elementor-element elementor-element-f16d613 elementor-section-boxed elementor-section-height-default elementor-section-height-default\" data-id=\"f16d613\" data-element_type=\"section\">\n\t\t\t\t\t\t<div class=\"elementor-container elementor-column-gap-default\">\n\t\t\t\t\t<div class=\"elementor-column elementor-col-100 elementor-top-column elementor-element elementor-element-dd593bd\" data-id=\"dd593bd\" data-element_type=\"column\">\n\t\t\t<div class=\"elementor-widget-wrap elementor-element-populated\">\n\t\t\t\t\t\t\t\t<div class=\"elementor-element elementor-element-6fadc0e elementor-widget elementor-widget-image\" data-id=\"6fadc0e\" data-element_type=\"widget\" data-widget_type=\"image.default\">\n\t\t\t\t<div class=\"elementor-widget-container\">\n\t\t\t\t\t\t\t\t\t\t\t\t\t\t\t<img loading=\"lazy\" decoding=\"async\" width=\"1000\" height=\"668\" src=\"https:\/\/beta.acordinvest.cz\/wp-content\/uploads\/2023\/01\/panorama-prazskeho-hradu.jpg\" class=\"attachment-full size-full wp-image-1407\" alt=\"\" srcset=\"https:\/\/beta.acordinvest.cz\/wp-content\/uploads\/2023\/01\/panorama-prazskeho-hradu.jpg 1000w, https:\/\/beta.acordinvest.cz\/wp-content\/uploads\/2023\/01\/panorama-prazskeho-hradu-300x200.jpg 300w, https:\/\/beta.acordinvest.cz\/wp-content\/uploads\/2023\/01\/panorama-prazskeho-hradu-768x513.jpg 768w\" sizes=\"auto, (max-width: 1000px) 100vw, 1000px\" \/>\t\t\t\t\t\t\t\t\t\t\t\t\t\t\t<\/div>\n\t\t\t\t<\/div>\n\t\t\t\t\t<\/div>\n\t\t<\/div>\n\t\t\t\t\t\t\t<\/div>\n\t\t<\/section>\n\t\t\t\t<section class=\"elementor-section elementor-top-section elementor-element elementor-element-787c0e1 elementor-section-boxed elementor-section-height-default elementor-section-height-default\" data-id=\"787c0e1\" data-element_type=\"section\">\n\t\t\t\t\t\t<div class=\"elementor-container elementor-column-gap-default\">\n\t\t\t\t\t<div class=\"elementor-column elementor-col-100 elementor-top-column elementor-element elementor-element-f0f374f\" data-id=\"f0f374f\" data-element_type=\"column\">\n\t\t\t<div class=\"elementor-widget-wrap elementor-element-populated\">\n\t\t\t\t\t\t\t\t<div class=\"elementor-element elementor-element-8363640 elementor-widget elementor-widget-text-editor\" data-id=\"8363640\" data-element_type=\"widget\" data-widget_type=\"text-editor.default\">\n\t\t\t\t<div class=\"elementor-widget-container\">\n\t\t\t\t\t\t\t<p>Jmenovat m\u016f\u017eeme <strong>katedr\u00e1lu svat\u00e9ho V\u00edta, V\u00e1clava a Vojt\u011bcha<\/strong> s hrobkou \u010desk\u00fdch kr\u00e1l\u016f a \u010desk\u00fdmi korunova\u010dn\u00edmi klenoty, kapli svat\u00e9ho K\u0159\u00ed\u017ee, letohr\u00e1dek kr\u00e1lovny Anny, Lobkovick\u00fd pal\u00e1c, <strong>Zlatou uli\u010dku <\/strong>(v\u00edte, \u017ee je star\u00e1 v\u00edce ne\u017e 425 let?), Jelen\u00ed p\u0159\u00edkop nebo Kr\u00e1lovskou zahradu. Zaj\u00edmavost\u00ed je tady skute\u010dn\u011b nepo\u010d\u00edtan\u011b a v\u011bt\u0161ina z nich v sob\u011b ukr\u00fdv\u00e1 po\u0159\u00e1dnou d\u00e1vku d\u011bjin. <\/p>\n\t\t\t\t\t\t<\/div>\n\t\t\t\t<\/div>\n\t\t\t\t\t<\/div>\n\t\t<\/div>\n\t\t\t\t\t\t\t<\/div>\n\t\t<\/section>\n\t\t\t\t<section class=\"elementor-section elementor-top-section elementor-element elementor-element-b069741 elementor-section-boxed elementor-section-height-default elementor-section-height-default\" data-id=\"b069741\" data-element_type=\"section\">\n\t\t\t\t\t\t<div class=\"elementor-container elementor-column-gap-default\">\n\t\t\t\t\t<div class=\"elementor-column elementor-col-100 elementor-top-column elementor-element elementor-element-ee00824\" data-id=\"ee00824\" data-element_type=\"column\">\n\t\t\t<div class=\"elementor-widget-wrap elementor-element-populated\">\n\t\t\t\t\t\t\t\t<div class=\"elementor-element elementor-element-d241c78 elementor-widget elementor-widget-image\" data-id=\"d241c78\" data-element_type=\"widget\" data-widget_type=\"image.default\">\n\t\t\t\t<div class=\"elementor-widget-container\">\n\t\t\t\t\t\t\t\t\t\t\t\t\t\t\t<img loading=\"lazy\" decoding=\"async\" width=\"800\" height=\"600\" src=\"https:\/\/beta.acordinvest.cz\/wp-content\/uploads\/2023\/01\/slavna-zlata-ulicka-na-praze-1.png\" class=\"attachment-full size-full wp-image-1408\" alt=\"\" srcset=\"https:\/\/beta.acordinvest.cz\/wp-content\/uploads\/2023\/01\/slavna-zlata-ulicka-na-praze-1.png 800w, https:\/\/beta.acordinvest.cz\/wp-content\/uploads\/2023\/01\/slavna-zlata-ulicka-na-praze-1-300x225.png 300w, https:\/\/beta.acordinvest.cz\/wp-content\/uploads\/2023\/01\/slavna-zlata-ulicka-na-praze-1-768x576.png 768w\" sizes=\"auto, (max-width: 800px) 100vw, 800px\" \/>\t\t\t\t\t\t\t\t\t\t\t\t\t\t\t<\/div>\n\t\t\t\t<\/div>\n\t\t\t\t\t<\/div>\n\t\t<\/div>\n\t\t\t\t\t\t\t<\/div>\n\t\t<\/section>\n\t\t\t\t<section class=\"elementor-section elementor-top-section elementor-element elementor-element-fb4e35e elementor-section-boxed elementor-section-height-default elementor-section-height-default\" data-id=\"fb4e35e\" data-element_type=\"section\">\n\t\t\t\t\t\t<div class=\"elementor-container elementor-column-gap-default\">\n\t\t\t\t\t<div class=\"elementor-column elementor-col-100 elementor-top-column elementor-element elementor-element-c1ce768\" data-id=\"c1ce768\" data-element_type=\"column\">\n\t\t\t<div class=\"elementor-widget-wrap elementor-element-populated\">\n\t\t\t\t\t\t\t\t<div class=\"elementor-element elementor-element-9c04a65 elementor-widget elementor-widget-text-editor\" data-id=\"9c04a65\" data-element_type=\"widget\" data-widget_type=\"text-editor.default\">\n\t\t\t\t<div class=\"elementor-widget-container\">\n\t\t\t\t\t\t\t<p>Pra\u017esk\u00fd hrad m\u00e1 sv\u016fj p\u016fvod u\u017e v 9. stolet\u00ed, kdy se za\u010dalo s jeho stavbou. P\u016fvodn\u011b \u0161lo o jednodu\u0161\u0161\u00ed hradi\u0161t\u011b na skalnat\u00e9m ostrohu nad Vltavou.  <\/p>\n\t\t\t\t\t\t<\/div>\n\t\t\t\t<\/div>\n\t\t\t\t\t<\/div>\n\t\t<\/div>\n\t\t\t\t\t\t\t<\/div>\n\t\t<\/section>\n\t\t\t\t<section class=\"elementor-section elementor-top-section elementor-element elementor-element-b0259c7 elementor-section-boxed elementor-section-height-default elementor-section-height-default\" data-id=\"b0259c7\" data-element_type=\"section\">\n\t\t\t\t\t\t<div class=\"elementor-container elementor-column-gap-default\">\n\t\t\t\t\t<div class=\"elementor-column elementor-col-100 elementor-top-column elementor-element elementor-element-2404735\" data-id=\"2404735\" data-element_type=\"column\">\n\t\t\t<div class=\"elementor-widget-wrap elementor-element-populated\">\n\t\t\t\t\t\t\t\t<div class=\"elementor-element elementor-element-08526b0 elementor-widget elementor-widget-heading\" data-id=\"08526b0\" data-element_type=\"widget\" data-widget_type=\"heading.default\">\n\t\t\t\t<div class=\"elementor-widget-container\">\n\t\t\t<h3 class=\"elementor-heading-title elementor-size-default\">MAL\u00c1 STRANA<\/h3>\t\t<\/div>\n\t\t\t\t<\/div>\n\t\t\t\t\t<\/div>\n\t\t<\/div>\n\t\t\t\t\t\t\t<\/div>\n\t\t<\/section>\n\t\t\t\t<section class=\"elementor-section elementor-top-section elementor-element elementor-element-f04cd6c elementor-section-boxed elementor-section-height-default elementor-section-height-default\" data-id=\"f04cd6c\" data-element_type=\"section\">\n\t\t\t\t\t\t<div class=\"elementor-container elementor-column-gap-default\">\n\t\t\t\t\t<div class=\"elementor-column elementor-col-100 elementor-top-column elementor-element elementor-element-9fc4545\" data-id=\"9fc4545\" data-element_type=\"column\">\n\t\t\t<div class=\"elementor-widget-wrap elementor-element-populated\">\n\t\t\t\t\t\t\t\t<div class=\"elementor-element elementor-element-2d08b2f elementor-widget elementor-widget-text-editor\" data-id=\"2d08b2f\" data-element_type=\"widget\" data-widget_type=\"text-editor.default\">\n\t\t\t\t<div class=\"elementor-widget-container\">\n\t\t\t\t\t\t\t<p>Mal\u00e1 Strana je jednou z <strong>nejstar\u0161\u00edch a nejp\u016fsobiv\u011bj\u0161\u00edch \u010d\u00e1st\u00ed cel\u00e9 Prahy<\/strong>. Turist\u00e9 ji obdivuj\u00ed, m\u00edstn\u00ed na ni nedaj\u00ed dopustit. Proch\u00e1zka zdej\u0161\u00edmi spletit\u00fdmi uli\u010dkami je kouzeln\u00e1 za ka\u017ed\u00e9ho po\u010das\u00ed i ro\u010dn\u00edho obdob\u00ed.  <\/p><\/p>\n\t\t\t\t\t\t<\/div>\n\t\t\t\t<\/div>\n\t\t\t\t\t<\/div>\n\t\t<\/div>\n\t\t\t\t\t\t\t<\/div>\n\t\t<\/section>\n\t\t\t\t<section class=\"elementor-section elementor-top-section elementor-element elementor-element-f8dc01f elementor-section-boxed elementor-section-height-default elementor-section-height-default\" data-id=\"f8dc01f\" data-element_type=\"section\">\n\t\t\t\t\t\t<div class=\"elementor-container elementor-column-gap-default\">\n\t\t\t\t\t<div class=\"elementor-column elementor-col-100 elementor-top-column elementor-element elementor-element-a328467\" data-id=\"a328467\" data-element_type=\"column\">\n\t\t\t<div class=\"elementor-widget-wrap elementor-element-populated\">\n\t\t\t\t\t\t\t\t<div class=\"elementor-element elementor-element-9522243 elementor-widget elementor-widget-image\" data-id=\"9522243\" data-element_type=\"widget\" data-widget_type=\"image.default\">\n\t\t\t\t<div class=\"elementor-widget-container\">\n\t\t\t\t\t\t\t\t\t\t\t\t\t\t\t<img loading=\"lazy\" decoding=\"async\" width=\"800\" height=\"600\" src=\"https:\/\/beta.acordinvest.cz\/wp-content\/uploads\/2023\/01\/ulicka-na-male-strane-s-prazskym-hradem.png\" class=\"attachment-full size-full wp-image-1409\" alt=\"\" srcset=\"https:\/\/beta.acordinvest.cz\/wp-content\/uploads\/2023\/01\/ulicka-na-male-strane-s-prazskym-hradem.png 800w, https:\/\/beta.acordinvest.cz\/wp-content\/uploads\/2023\/01\/ulicka-na-male-strane-s-prazskym-hradem-300x225.png 300w, https:\/\/beta.acordinvest.cz\/wp-content\/uploads\/2023\/01\/ulicka-na-male-strane-s-prazskym-hradem-768x576.png 768w\" sizes=\"auto, (max-width: 800px) 100vw, 800px\" \/>\t\t\t\t\t\t\t\t\t\t\t\t\t\t\t<\/div>\n\t\t\t\t<\/div>\n\t\t\t\t\t<\/div>\n\t\t<\/div>\n\t\t\t\t\t\t\t<\/div>\n\t\t<\/section>\n\t\t\t\t<section class=\"elementor-section elementor-top-section elementor-element elementor-element-3c35980 elementor-section-boxed elementor-section-height-default elementor-section-height-default\" data-id=\"3c35980\" data-element_type=\"section\">\n\t\t\t\t\t\t<div class=\"elementor-container elementor-column-gap-default\">\n\t\t\t\t\t<div class=\"elementor-column elementor-col-100 elementor-top-column elementor-element elementor-element-c903ecc\" data-id=\"c903ecc\" data-element_type=\"column\">\n\t\t\t<div class=\"elementor-widget-wrap elementor-element-populated\">\n\t\t\t\t\t\t\t\t<div class=\"elementor-element elementor-element-8b7a1b1 elementor-widget elementor-widget-text-editor\" data-id=\"8b7a1b1\" data-element_type=\"widget\" data-widget_type=\"text-editor.default\">\n\t\t\t\t<div class=\"elementor-widget-container\">\n\t\t\t\t\t\t\t<p>Jde o <strong>podhrad\u00ed Pra\u017esk\u00e9ho hradu<\/strong>, oblast, v n\u00ed\u017e s\u00eddl\u00ed v\u00fdznamn\u00e9 instituce st\u00e1tn\u00ed moci a kde se nach\u00e1z\u00ed cel\u00e1 \u0159ada kr\u00e1sn\u00fdch objekt\u016f nejr\u016fzn\u011bj\u0161\u00edho st\u00e1\u0159\u00ed.<\/p>\n\t\t\t\t\t\t<\/div>\n\t\t\t\t<\/div>\n\t\t\t\t\t<\/div>\n\t\t<\/div>\n\t\t\t\t\t\t\t<\/div>\n\t\t<\/section>\n\t\t\t\t<section class=\"elementor-section elementor-top-section elementor-element elementor-element-c5f697c elementor-section-boxed elementor-section-height-default elementor-section-height-default\" data-id=\"c5f697c\" data-element_type=\"section\">\n\t\t\t\t\t\t<div class=\"elementor-container elementor-column-gap-default\">\n\t\t\t\t\t<div class=\"elementor-column elementor-col-100 elementor-top-column elementor-element elementor-element-9861d9e\" data-id=\"9861d9e\" data-element_type=\"column\">\n\t\t\t<div class=\"elementor-widget-wrap elementor-element-populated\">\n\t\t\t\t\t\t\t\t<div class=\"elementor-element elementor-element-9d378f9 elementor-widget elementor-widget-heading\" data-id=\"9d378f9\" data-element_type=\"widget\" data-widget_type=\"heading.default\">\n\t\t\t\t<div class=\"elementor-widget-container\">\n\t\t\t<h3 class=\"elementor-heading-title elementor-size-default\">KARL\u016eV MOST<\/h3>\t\t<\/div>\n\t\t\t\t<\/div>\n\t\t\t\t\t<\/div>\n\t\t<\/div>\n\t\t\t\t\t\t\t<\/div>\n\t\t<\/section>\n\t\t\t\t<section class=\"elementor-section elementor-top-section elementor-element elementor-element-3c9d9d4 elementor-section-boxed elementor-section-height-default elementor-section-height-default\" data-id=\"3c9d9d4\" data-element_type=\"section\">\n\t\t\t\t\t\t<div class=\"elementor-container elementor-column-gap-default\">\n\t\t\t\t\t<div class=\"elementor-column elementor-col-100 elementor-top-column elementor-element elementor-element-b9d7728\" data-id=\"b9d7728\" data-element_type=\"column\">\n\t\t\t<div class=\"elementor-widget-wrap elementor-element-populated\">\n\t\t\t\t\t\t\t\t<div class=\"elementor-element elementor-element-4f1bad9 elementor-widget elementor-widget-text-editor\" data-id=\"4f1bad9\" data-element_type=\"widget\" data-widget_type=\"text-editor.default\">\n\t\t\t\t<div class=\"elementor-widget-container\">\n\t\t\t\t\t\t\t<p>Kdo by neznal <strong>nejstar\u0161\u00ed most stoj\u00edc\u00ed p\u0159es Vltavu<\/strong> a druh\u00fd nejstar\u0161\u00ed most v \u010cesku? S n\u00edm bude va\u0161e proch\u00e1zka po Praze 1 dokonal\u00e1 a kompletn\u00ed. Karl\u016fv most stoj\u00ed na m\u00edst\u011b p\u016fvodn\u00edho Juditina mostu. Vznikal ve 2. pol. 14. stolet\u00ed a po jeho dokon\u010den\u00ed se d\u00edky jeho existenci Praha stala v\u00fdznamnou zast\u00e1vkou na evropsk\u00fdch obchodn\u00edch stezk\u00e1ch.      <\/p>\n\t\t\t\t\t\t<\/div>\n\t\t\t\t<\/div>\n\t\t\t\t\t<\/div>\n\t\t<\/div>\n\t\t\t\t\t\t\t<\/div>\n\t\t<\/section>\n\t\t\t\t<section class=\"elementor-section elementor-top-section elementor-element elementor-element-69731ab elementor-section-boxed elementor-section-height-default elementor-section-height-default\" data-id=\"69731ab\" data-element_type=\"section\">\n\t\t\t\t\t\t<div class=\"elementor-container elementor-column-gap-default\">\n\t\t\t\t\t<div class=\"elementor-column elementor-col-100 elementor-top-column elementor-element elementor-element-b6096e1\" data-id=\"b6096e1\" data-element_type=\"column\">\n\t\t\t<div class=\"elementor-widget-wrap elementor-element-populated\">\n\t\t\t\t\t\t\t\t<div class=\"elementor-element elementor-element-998c746 elementor-widget elementor-widget-image\" data-id=\"998c746\" data-element_type=\"widget\" data-widget_type=\"image.default\">\n\t\t\t\t<div class=\"elementor-widget-container\">\n\t\t\t\t\t\t\t\t\t\t\t\t\t\t\t<img loading=\"lazy\" decoding=\"async\" width=\"1000\" height=\"567\" src=\"https:\/\/beta.acordinvest.cz\/wp-content\/uploads\/2023\/01\/karluv-most-na-praze-1.jpg\" class=\"attachment-full size-full wp-image-1410\" alt=\"\" srcset=\"https:\/\/beta.acordinvest.cz\/wp-content\/uploads\/2023\/01\/karluv-most-na-praze-1.jpg 1000w, https:\/\/beta.acordinvest.cz\/wp-content\/uploads\/2023\/01\/karluv-most-na-praze-1-300x170.jpg 300w, https:\/\/beta.acordinvest.cz\/wp-content\/uploads\/2023\/01\/karluv-most-na-praze-1-768x435.jpg 768w\" sizes=\"auto, (max-width: 1000px) 100vw, 1000px\" \/>\t\t\t\t\t\t\t\t\t\t\t\t\t\t\t<\/div>\n\t\t\t\t<\/div>\n\t\t\t\t\t<\/div>\n\t\t<\/div>\n\t\t\t\t\t\t\t<\/div>\n\t\t<\/section>\n\t\t\t\t<section class=\"elementor-section elementor-top-section elementor-element elementor-element-b933a32 elementor-section-boxed elementor-section-height-default elementor-section-height-default\" data-id=\"b933a32\" data-element_type=\"section\">\n\t\t\t\t\t\t<div class=\"elementor-container elementor-column-gap-default\">\n\t\t\t\t\t<div class=\"elementor-column elementor-col-100 elementor-top-column elementor-element elementor-element-09e607e\" data-id=\"09e607e\" data-element_type=\"column\">\n\t\t\t<div class=\"elementor-widget-wrap elementor-element-populated\">\n\t\t\t\t\t\t\t\t<div class=\"elementor-element elementor-element-08ff722 elementor-widget elementor-widget-text-editor\" data-id=\"08ff722\" data-element_type=\"widget\" data-widget_type=\"text-editor.default\">\n\t\t\t\t<div class=\"elementor-widget-container\">\n\t\t\t\t\t\t\t<p>Na <strong>516 metr\u016f dlouh\u00e9m most\u011b<\/strong> nelze p\u0159ehl\u00e9dnout <strong>celou \u0159adu soch<\/strong> \u2013 ty sem byly umis\u0165ov\u00e1ny od konce 17. stolet\u00ed. Poch\u00e1zej\u00ed od r\u016fzn\u00fdch socha\u0159\u016f, jsou p\u0159ev\u00e1\u017en\u011b barokn\u00ed a najdeme mezi nimi nap\u0159\u00edklad svatou Ludmilu se svat\u00fdm V\u00e1clavem, svat\u00e9ho Jana Nepomuck\u00e9ho nebo svat\u00e9ho Jana K\u0159titele.  <\/p>\n\t\t\t\t\t\t<\/div>\n\t\t\t\t<\/div>\n\t\t\t\t\t<\/div>\n\t\t<\/div>\n\t\t\t\t\t\t\t<\/div>\n\t\t<\/section>\n\t\t\t\t<section class=\"elementor-section elementor-top-section elementor-element elementor-element-1962257 elementor-section-boxed elementor-section-height-default elementor-section-height-default\" data-id=\"1962257\" data-element_type=\"section\">\n\t\t\t\t\t\t<div class=\"elementor-container elementor-column-gap-default\">\n\t\t\t\t\t<div class=\"elementor-column elementor-col-100 elementor-top-column elementor-element elementor-element-782ba5d\" data-id=\"782ba5d\" data-element_type=\"column\">\n\t\t\t<div class=\"elementor-widget-wrap elementor-element-populated\">\n\t\t\t\t\t\t\t\t<div class=\"elementor-element elementor-element-f0c47f4 elementor-widget elementor-widget-heading\" data-id=\"f0c47f4\" data-element_type=\"widget\" data-widget_type=\"heading.default\">\n\t\t\t\t<div class=\"elementor-widget-container\">\n\t\t\t<h3 class=\"elementor-heading-title elementor-size-default\">STAROM\u011aSTSK\u00c9 N\u00c1M\u011aST\u00cd<\/h3>\t\t<\/div>\n\t\t\t\t<\/div>\n\t\t\t\t\t<\/div>\n\t\t<\/div>\n\t\t\t\t\t\t\t<\/div>\n\t\t<\/section>\n\t\t\t\t<section class=\"elementor-section elementor-top-section elementor-element elementor-element-be7ea19 elementor-section-boxed elementor-section-height-default elementor-section-height-default\" data-id=\"be7ea19\" data-element_type=\"section\">\n\t\t\t\t\t\t<div class=\"elementor-container elementor-column-gap-default\">\n\t\t\t\t\t<div class=\"elementor-column elementor-col-100 elementor-top-column elementor-element elementor-element-de930e3\" data-id=\"de930e3\" data-element_type=\"column\">\n\t\t\t<div class=\"elementor-widget-wrap elementor-element-populated\">\n\t\t\t\t\t\t\t\t<div class=\"elementor-element elementor-element-d821f80 elementor-widget elementor-widget-text-editor\" data-id=\"d821f80\" data-element_type=\"widget\" data-widget_type=\"text-editor.default\">\n\t\t\t\t<div class=\"elementor-widget-container\">\n\t\t\t\t\t\t\t<p><em>Starom\u00e1k<\/em>, jak u\u017e pojmenov\u00e1n\u00ed zlidov\u011blo, je 9 000 m<sup>2<\/sup> rozlehl\u00e9 n\u00e1m\u011bst\u00ed v centru Star\u00e9ho M\u011bsta i historick\u00e9ho j\u00e1dra. Vede p\u0159es n\u011bj <strong>Kr\u00e1lovsk\u00e1 cesta<\/strong> (historick\u00e1 trasa Prahou) a stoj\u00ed na n\u011bm neopomenuteln\u00e9 budovy. Symbolem n\u00e1m\u011bst\u00ed je nepochybn\u011b <strong>Starom\u011bstsk\u00e1 radnice<\/strong> s orlojem, st\u0159edov\u011bk\u00fdmi astronomick\u00fdmi hodinami, kter\u00e9 jsou mimo jin\u00e9 t\u011bmi nejstar\u0161\u00edmi dosud funguj\u00edc\u00edmi na sv\u011bt\u011b.  <\/p>\n\t\t\t\t\t\t<\/div>\n\t\t\t\t<\/div>\n\t\t\t\t\t<\/div>\n\t\t<\/div>\n\t\t\t\t\t\t\t<\/div>\n\t\t<\/section>\n\t\t\t\t<section class=\"elementor-section elementor-top-section elementor-element elementor-element-f2fa1ca elementor-section-boxed elementor-section-height-default elementor-section-height-default\" data-id=\"f2fa1ca\" data-element_type=\"section\">\n\t\t\t\t\t\t<div class=\"elementor-container elementor-column-gap-default\">\n\t\t\t\t\t<div class=\"elementor-column elementor-col-100 elementor-top-column elementor-element elementor-element-5264556\" data-id=\"5264556\" data-element_type=\"column\">\n\t\t\t<div class=\"elementor-widget-wrap elementor-element-populated\">\n\t\t\t\t\t\t\t\t<div class=\"elementor-element elementor-element-311cc83 elementor-widget elementor-widget-image\" data-id=\"311cc83\" data-element_type=\"widget\" data-widget_type=\"image.default\">\n\t\t\t\t<div class=\"elementor-widget-container\">\n\t\t\t\t\t\t\t\t\t\t\t\t\t\t\t<img loading=\"lazy\" decoding=\"async\" width=\"1000\" height=\"778\" src=\"https:\/\/beta.acordinvest.cz\/wp-content\/uploads\/2023\/01\/starometske-namesti-a-tynsky-chram-na-praze-1.jpg\" class=\"attachment-full size-full wp-image-1411\" alt=\"\" srcset=\"https:\/\/beta.acordinvest.cz\/wp-content\/uploads\/2023\/01\/starometske-namesti-a-tynsky-chram-na-praze-1.jpg 1000w, https:\/\/beta.acordinvest.cz\/wp-content\/uploads\/2023\/01\/starometske-namesti-a-tynsky-chram-na-praze-1-300x233.jpg 300w, https:\/\/beta.acordinvest.cz\/wp-content\/uploads\/2023\/01\/starometske-namesti-a-tynsky-chram-na-praze-1-768x598.jpg 768w\" sizes=\"auto, (max-width: 1000px) 100vw, 1000px\" \/>\t\t\t\t\t\t\t\t\t\t\t\t\t\t\t<\/div>\n\t\t\t\t<\/div>\n\t\t\t\t\t<\/div>\n\t\t<\/div>\n\t\t\t\t\t\t\t<\/div>\n\t\t<\/section>\n\t\t\t\t<section class=\"elementor-section elementor-top-section elementor-element elementor-element-43525b1 elementor-section-boxed elementor-section-height-default elementor-section-height-default\" data-id=\"43525b1\" data-element_type=\"section\">\n\t\t\t\t\t\t<div class=\"elementor-container elementor-column-gap-default\">\n\t\t\t\t\t<div class=\"elementor-column elementor-col-100 elementor-top-column elementor-element elementor-element-e0817d7\" data-id=\"e0817d7\" data-element_type=\"column\">\n\t\t\t<div class=\"elementor-widget-wrap elementor-element-populated\">\n\t\t\t\t\t\t\t\t<div class=\"elementor-element elementor-element-c7de0b0 elementor-widget elementor-widget-text-editor\" data-id=\"c7de0b0\" data-element_type=\"widget\" data-widget_type=\"text-editor.default\">\n\t\t\t\t<div class=\"elementor-widget-container\">\n\t\t\t\t\t\t\t<p>Krom\u011b radnice se na Starom\u011bstsk\u00e9m n\u00e1m\u011bst\u00ed nach\u00e1z\u00ed <strong>T\u00fdnsk\u00fd chr\u00e1m<\/strong>, kostel svat\u00e9ho Mikul\u00e1\u0161e, pal\u00e1c Kinsk\u00fdch nebo d\u016fm \u201eU Kamenn\u00e9ho zvonu\u201c. Po obvodu n\u00e1m\u011bst\u00ed pak stoj\u00ed renesan\u010dn\u00ed, barokn\u00ed a rokokov\u00e9 domy s rom\u00e1nsk\u00fdmi a gotick\u00fdmi z\u00e1klady. Nelze tu p\u0159ehl\u00e9dnout <strong>pomn\u00edk mistra Jana Husa<\/strong> a <strong>Mari\u00e1nsk\u00fd sloup<\/strong>.  <\/p>\n\t\t\t\t\t\t<\/div>\n\t\t\t\t<\/div>\n\t\t\t\t\t<\/div>\n\t\t<\/div>\n\t\t\t\t\t\t\t<\/div>\n\t\t<\/section>\n\t\t\t\t<section class=\"elementor-section elementor-top-section elementor-element elementor-element-e4d81bf elementor-section-boxed elementor-section-height-default elementor-section-height-default\" data-id=\"e4d81bf\" data-element_type=\"section\">\n\t\t\t\t\t\t<div class=\"elementor-container elementor-column-gap-default\">\n\t\t\t\t\t<div class=\"elementor-column elementor-col-100 elementor-top-column elementor-element elementor-element-7352117\" data-id=\"7352117\" data-element_type=\"column\">\n\t\t\t<div class=\"elementor-widget-wrap elementor-element-populated\">\n\t\t\t\t\t\t\t\t<div class=\"elementor-element elementor-element-69192e1 elementor-widget elementor-widget-heading\" data-id=\"69192e1\" data-element_type=\"widget\" data-widget_type=\"heading.default\">\n\t\t\t\t<div class=\"elementor-widget-container\">\n\t\t\t<h3 class=\"elementor-heading-title elementor-size-default\">PRA\u017dSK\u00dd ORLOJ A ZAJ\u00cdMAVOSTI O N\u011aM<\/h3>\t\t<\/div>\n\t\t\t\t<\/div>\n\t\t\t\t\t<\/div>\n\t\t<\/div>\n\t\t\t\t\t\t\t<\/div>\n\t\t<\/section>\n\t\t\t\t<section class=\"elementor-section elementor-top-section elementor-element elementor-element-2095449 elementor-section-boxed elementor-section-height-default elementor-section-height-default\" data-id=\"2095449\" data-element_type=\"section\">\n\t\t\t\t\t\t<div class=\"elementor-container elementor-column-gap-default\">\n\t\t\t\t\t<div class=\"elementor-column elementor-col-100 elementor-top-column elementor-element elementor-element-bb6e342\" data-id=\"bb6e342\" data-element_type=\"column\">\n\t\t\t<div class=\"elementor-widget-wrap elementor-element-populated\">\n\t\t\t\t\t\t\t\t<div class=\"elementor-element elementor-element-a97d9cc elementor-widget elementor-widget-image\" data-id=\"a97d9cc\" data-element_type=\"widget\" data-widget_type=\"image.default\">\n\t\t\t\t<div class=\"elementor-widget-container\">\n\t\t\t\t\t\t\t\t\t\t\t\t\t\t\t<img loading=\"lazy\" decoding=\"async\" width=\"800\" height=\"671\" src=\"https:\/\/beta.acordinvest.cz\/wp-content\/uploads\/2023\/01\/acord.png\" class=\"attachment-full size-full wp-image-1412\" alt=\"\" srcset=\"https:\/\/beta.acordinvest.cz\/wp-content\/uploads\/2023\/01\/acord.png 800w, https:\/\/beta.acordinvest.cz\/wp-content\/uploads\/2023\/01\/acord-300x252.png 300w, https:\/\/beta.acordinvest.cz\/wp-content\/uploads\/2023\/01\/acord-768x644.png 768w\" sizes=\"auto, (max-width: 800px) 100vw, 800px\" \/>\t\t\t\t\t\t\t\t\t\t\t\t\t\t\t<\/div>\n\t\t\t\t<\/div>\n\t\t\t\t\t<\/div>\n\t\t<\/div>\n\t\t\t\t\t\t\t<\/div>\n\t\t<\/section>\n\t\t\t\t<section class=\"elementor-section elementor-top-section elementor-element elementor-element-66b2a10 elementor-section-boxed elementor-section-height-default elementor-section-height-default\" data-id=\"66b2a10\" data-element_type=\"section\">\n\t\t\t\t\t\t<div class=\"elementor-container elementor-column-gap-default\">\n\t\t\t\t\t<div class=\"elementor-column elementor-col-100 elementor-top-column elementor-element elementor-element-e2b0e49\" data-id=\"e2b0e49\" data-element_type=\"column\">\n\t\t\t<div class=\"elementor-widget-wrap elementor-element-populated\">\n\t\t\t\t\t\t\t\t<div class=\"elementor-element elementor-element-3c33418 elementor-widget elementor-widget-text-editor\" data-id=\"3c33418\" data-element_type=\"widget\" data-widget_type=\"text-editor.default\">\n\t\t\t\t<div class=\"elementor-widget-container\">\n\t\t\t\t\t\t\t<ul>\n<li>Orloj funguje pln\u011b mechanizovan\u011b u\u017e neuv\u011b\u0159iteln\u00fdch 456 let! Do t\u00e9 doby se nastavoval ru\u010dn\u011b ka\u017ed\u00fd den! Sou\u010dasn\u00e9 figurky jsou vyroben\u00e9 z lipov\u00e9ho d\u0159eva, zdarma dodan\u00e9ho od lid\u00ed z cel\u00e9 \u010cR!  <\/li>\n<li><strong>Jako posledn\u00ed na sv\u011bt\u011b m\u011b\u0159\u00ed babylonsk\u00fd a staro\u010desk\u00fd \u010das<\/strong>!<\/li>\n<li>P\u0159ed 198 lety se orloj zastavil a vypadalo to, \u017ee ho nikdo nedok\u00e1\u017ee opravit. Na\u0161t\u011bst\u00ed se na\u0161el hodin\u00e1\u0159 Ludv\u00edk Hainz, kter\u00fd mechanismu orloje porozum\u011bl. <\/li>\n<li><strong>Jde o 3. nejstar\u0161\u00ed astronomick\u00e9 hodiny na sv\u011bt\u011b <\/strong>, ale jedin\u00e9 sv\u00e9ho druhu st\u00e1le funk\u010dn\u00ed!<\/li>\n<\/ul>\n\t\t\t\t\t\t<\/div>\n\t\t\t\t<\/div>\n\t\t\t\t\t<\/div>\n\t\t<\/div>\n\t\t\t\t\t\t\t<\/div>\n\t\t<\/section>\n\t\t\t\t<section class=\"elementor-section elementor-top-section elementor-element elementor-element-040acca elementor-section-boxed elementor-section-height-default elementor-section-height-default\" data-id=\"040acca\" data-element_type=\"section\">\n\t\t\t\t\t\t<div class=\"elementor-container elementor-column-gap-default\">\n\t\t\t\t\t<div class=\"elementor-column elementor-col-100 elementor-top-column elementor-element elementor-element-04734fb\" data-id=\"04734fb\" data-element_type=\"column\">\n\t\t\t<div class=\"elementor-widget-wrap elementor-element-populated\">\n\t\t\t\t\t\t\t\t<div class=\"elementor-element elementor-element-c461efb elementor-widget elementor-widget-heading\" data-id=\"c461efb\" data-element_type=\"widget\" data-widget_type=\"heading.default\">\n\t\t\t\t<div class=\"elementor-widget-container\">\n\t\t\t<h3 class=\"elementor-heading-title elementor-size-default\">V\u00c1CLAVSK\u00c9 N\u00c1M\u011aST\u00cd<\/h3>\t\t<\/div>\n\t\t\t\t<\/div>\n\t\t\t\t\t<\/div>\n\t\t<\/div>\n\t\t\t\t\t\t\t<\/div>\n\t\t<\/section>\n\t\t\t\t<section class=\"elementor-section elementor-top-section elementor-element elementor-element-ef9f1ba elementor-section-boxed elementor-section-height-default elementor-section-height-default\" data-id=\"ef9f1ba\" data-element_type=\"section\">\n\t\t\t\t\t\t<div class=\"elementor-container elementor-column-gap-default\">\n\t\t\t\t\t<div class=\"elementor-column elementor-col-100 elementor-top-column elementor-element elementor-element-c1fab98\" data-id=\"c1fab98\" data-element_type=\"column\">\n\t\t\t<div class=\"elementor-widget-wrap elementor-element-populated\">\n\t\t\t\t\t\t\t\t<div class=\"elementor-element elementor-element-877e547 elementor-widget elementor-widget-text-editor\" data-id=\"877e547\" data-element_type=\"widget\" data-widget_type=\"text-editor.default\">\n\t\t\t\t<div class=\"elementor-widget-container\">\n\t\t\t\t\t\t\t<p>P\u016fvod V\u00e1clavsk\u00e9ho n\u00e1m\u011bst\u00ed se datuje u\u017e do roku 1348. V\u00edce ne\u017e n\u00e1m\u011bst\u00ed p\u0159ipom\u00edn\u00e1 bulv\u00e1r. Je dlouh\u00fd \u00factyhodn\u00fdch 750 metr\u016f a \u0161irok\u00fd 60 metr\u016f, na jednom jeho konci je <strong>ulice Na M\u016fstku<\/strong>, na druh\u00e9m pak budova <strong>N\u00e1rodn\u00edho muzea<\/strong> a samoz\u0159ejm\u011b v\u0161em dob\u0159e zn\u00e1m\u00e1 <strong>socha svat\u00e9ho V\u00e1clava na koni<\/strong>.konzervativn\u00ed, nudn\u00fd ani f\u00e1dn\u00ed, ale naopak zna\u010dn\u011b odr\u00e1\u017e\u00ed ji\u017eansk\u00fd temperament. <strong>Italsk\u00e9 bydlen\u00ed um\u00ed b\u00fdt elegantn\u00ed a vkusn\u00e9, ale i divok\u00e9 z\u00e1rove\u0148<\/strong>. Rozhodn\u011b v\u00e1s tak neomrz\u00ed.    <\/p>\n\t\t\t\t\t\t<\/div>\n\t\t\t\t<\/div>\n\t\t\t\t\t<\/div>\n\t\t<\/div>\n\t\t\t\t\t\t\t<\/div>\n\t\t<\/section>\n\t\t\t\t<section class=\"elementor-section elementor-top-section elementor-element elementor-element-2e43cd3 elementor-section-boxed elementor-section-height-default elementor-section-height-default\" data-id=\"2e43cd3\" data-element_type=\"section\">\n\t\t\t\t\t\t<div class=\"elementor-container elementor-column-gap-default\">\n\t\t\t\t\t<div class=\"elementor-column elementor-col-100 elementor-top-column elementor-element elementor-element-f9438b3\" data-id=\"f9438b3\" data-element_type=\"column\">\n\t\t\t<div class=\"elementor-widget-wrap elementor-element-populated\">\n\t\t\t\t\t\t\t\t<div class=\"elementor-element elementor-element-3cf27f6 elementor-widget elementor-widget-image\" data-id=\"3cf27f6\" data-element_type=\"widget\" data-widget_type=\"image.default\">\n\t\t\t\t<div class=\"elementor-widget-container\">\n\t\t\t\t\t\t\t\t\t\t\t\t\t\t\t<img loading=\"lazy\" decoding=\"async\" width=\"1000\" height=\"667\" src=\"https:\/\/beta.acordinvest.cz\/wp-content\/uploads\/2023\/01\/vaclavske-namesti-a-narodni-muzeum-na-praze-1.jpg\" class=\"attachment-full size-full wp-image-1413\" alt=\"\" srcset=\"https:\/\/beta.acordinvest.cz\/wp-content\/uploads\/2023\/01\/vaclavske-namesti-a-narodni-muzeum-na-praze-1.jpg 1000w, https:\/\/beta.acordinvest.cz\/wp-content\/uploads\/2023\/01\/vaclavske-namesti-a-narodni-muzeum-na-praze-1-300x200.jpg 300w, https:\/\/beta.acordinvest.cz\/wp-content\/uploads\/2023\/01\/vaclavske-namesti-a-narodni-muzeum-na-praze-1-768x512.jpg 768w\" sizes=\"auto, (max-width: 1000px) 100vw, 1000px\" \/>\t\t\t\t\t\t\t\t\t\t\t\t\t\t\t<\/div>\n\t\t\t\t<\/div>\n\t\t\t\t\t<\/div>\n\t\t<\/div>\n\t\t\t\t\t\t\t<\/div>\n\t\t<\/section>\n\t\t\t\t<section class=\"elementor-section elementor-top-section elementor-element elementor-element-9e617a6 elementor-section-boxed elementor-section-height-default elementor-section-height-default\" data-id=\"9e617a6\" data-element_type=\"section\">\n\t\t\t\t\t\t<div class=\"elementor-container elementor-column-gap-default\">\n\t\t\t\t\t<div class=\"elementor-column elementor-col-100 elementor-top-column elementor-element elementor-element-72596f8\" data-id=\"72596f8\" data-element_type=\"column\">\n\t\t\t<div class=\"elementor-widget-wrap elementor-element-populated\">\n\t\t\t\t\t\t\t\t<div class=\"elementor-element elementor-element-db3b74e elementor-widget elementor-widget-text-editor\" data-id=\"db3b74e\" data-element_type=\"widget\" data-widget_type=\"text-editor.default\">\n\t\t\t\t<div class=\"elementor-widget-container\">\n\t\t\t\t\t\t\t<p><em>V\u00e1clav\u00e1k<\/em>, d\u0159\u00edve <strong>Ko\u0148sk\u00fd trh<\/strong>, byl u\u017e v d\u00e1vn\u00fdch dob\u00e1ch d\u011bji\u0161t\u011bm v\u00fdznamn\u00fdch historick\u00fdch ud\u00e1lost\u00ed. Jeho horn\u00ed \u010d\u00e1st je <strong>nejfrekventovan\u011bj\u0161\u00ed p\u011b\u0161\u00ed tepnou v zemi<\/strong>. <\/p>\n\t\t\t\t\t\t<\/div>\n\t\t\t\t<\/div>\n\t\t\t\t\t<\/div>\n\t\t<\/div>\n\t\t\t\t\t\t\t<\/div>\n\t\t<\/section>\n\t\t\t\t<section class=\"elementor-section elementor-top-section elementor-element elementor-element-65b7a0e elementor-section-boxed elementor-section-height-default elementor-section-height-default\" data-id=\"65b7a0e\" data-element_type=\"section\">\n\t\t\t\t\t\t<div class=\"elementor-container elementor-column-gap-default\">\n\t\t\t\t\t<div class=\"elementor-column elementor-col-100 elementor-top-column elementor-element elementor-element-957ce8a\" data-id=\"957ce8a\" data-element_type=\"column\">\n\t\t\t<div class=\"elementor-widget-wrap elementor-element-populated\">\n\t\t\t\t\t\t\t\t<div class=\"elementor-element elementor-element-b66e340 elementor-widget elementor-widget-heading\" data-id=\"b66e340\" data-element_type=\"widget\" data-widget_type=\"heading.default\">\n\t\t\t\t<div class=\"elementor-widget-container\">\n\t\t\t<h3 class=\"elementor-heading-title elementor-size-default\">STARONOV\u00c1 SYNAGOGA<\/h3>\t\t<\/div>\n\t\t\t\t<\/div>\n\t\t\t\t\t<\/div>\n\t\t<\/div>\n\t\t\t\t\t\t\t<\/div>\n\t\t<\/section>\n\t\t\t\t<section class=\"elementor-section elementor-top-section elementor-element elementor-element-164b56c elementor-section-boxed elementor-section-height-default elementor-section-height-default\" data-id=\"164b56c\" data-element_type=\"section\">\n\t\t\t\t\t\t<div class=\"elementor-container elementor-column-gap-default\">\n\t\t\t\t\t<div class=\"elementor-column elementor-col-100 elementor-top-column elementor-element elementor-element-137e8d8\" data-id=\"137e8d8\" data-element_type=\"column\">\n\t\t\t<div class=\"elementor-widget-wrap elementor-element-populated\">\n\t\t\t\t\t\t\t\t<div class=\"elementor-element elementor-element-f504e09 elementor-widget elementor-widget-text-editor\" data-id=\"f504e09\" data-element_type=\"widget\" data-widget_type=\"text-editor.default\">\n\t\t\t\t<div class=\"elementor-widget-container\">\n\t\t\t\t\t\t\t<p>Na Praze 1 je k vid\u011bn\u00ed (a pro n\u011bkoho k nav\u0161t\u00edven\u00ed) Staronov\u00e1 synagoga, kter\u00e1 je mimochodem <strong>jednou z nejstar\u0161\u00edch Evrop\u011b<\/strong>. Vznikla pravd\u011bpodobn\u011b ve 2. polovin\u011b 13. stolet\u00ed, a je\u0161t\u011b st\u00e1le slou\u017e\u00ed sv\u00e9mu p\u016fvodn\u00edmu \u00fa\u010delu. Synagoga se postupem \u010dasu stala centrem \u017didovsk\u00e9ho m\u011bsta. A tak\u00e9 o n\u00ed koluje cel\u00e1 \u0159ada pov\u011bst\u00ed \u2013 nap\u0159\u00edklad ta, \u017ee kameny k zalo\u017een\u00ed synagogy sem p\u0159inesli and\u011bl\u00e9 a\u017e z Jeruzal\u00e9ma.     <\/p>\n\t\t\t\t\t\t<\/div>\n\t\t\t\t<\/div>\n\t\t\t\t\t<\/div>\n\t\t<\/div>\n\t\t\t\t\t\t\t<\/div>\n\t\t<\/section>\n\t\t\t\t<section class=\"elementor-section elementor-top-section elementor-element elementor-element-13af985 elementor-section-boxed elementor-section-height-default elementor-section-height-default\" data-id=\"13af985\" data-element_type=\"section\">\n\t\t\t\t\t\t<div class=\"elementor-container elementor-column-gap-default\">\n\t\t\t\t\t<div class=\"elementor-column elementor-col-100 elementor-top-column elementor-element elementor-element-a2bb85a\" data-id=\"a2bb85a\" data-element_type=\"column\">\n\t\t\t<div class=\"elementor-widget-wrap elementor-element-populated\">\n\t\t\t\t\t\t\t\t<div class=\"elementor-element elementor-element-d8e5ba6 elementor-widget elementor-widget-heading\" data-id=\"d8e5ba6\" data-element_type=\"widget\" data-widget_type=\"heading.default\">\n\t\t\t\t<div class=\"elementor-widget-container\">\n\t\t\t<h3 class=\"elementor-heading-title elementor-size-default\">JOSEFOF<\/h3>\t\t<\/div>\n\t\t\t\t<\/div>\n\t\t\t\t\t<\/div>\n\t\t<\/div>\n\t\t\t\t\t\t\t<\/div>\n\t\t<\/section>\n\t\t\t\t<section class=\"elementor-section elementor-top-section elementor-element elementor-element-68a388d elementor-section-boxed elementor-section-height-default elementor-section-height-default\" data-id=\"68a388d\" data-element_type=\"section\">\n\t\t\t\t\t\t<div class=\"elementor-container elementor-column-gap-default\">\n\t\t\t\t\t<div class=\"elementor-column elementor-col-100 elementor-top-column elementor-element elementor-element-c3b627d\" data-id=\"c3b627d\" data-element_type=\"column\">\n\t\t\t<div class=\"elementor-widget-wrap elementor-element-populated\">\n\t\t\t\t\t\t\t\t<div class=\"elementor-element elementor-element-5c113e7 elementor-widget elementor-widget-text-editor\" data-id=\"5c113e7\" data-element_type=\"widget\" data-widget_type=\"text-editor.default\">\n\t\t\t\t<div class=\"elementor-widget-container\">\n\t\t\t\t\t\t\t<p>Zm\u00edn\u011bn\u00e1 Staronov\u00e1 synagoga je sou\u010d\u00e1st\u00ed <strong>Josefova<\/strong>, v n\u011bm\u017e se d\u0159\u00edve nach\u00e1zela \u017didovsk\u00e1 \u010dtvr\u0165, a to od st\u0159edov\u011bku a\u017e do 19. stolet\u00ed, kdy bylo zru\u0161eno m\u00edstn\u00ed ghetto a z Josefova se stala \u010dtvr\u0165 chudinsk\u00e1. <\/p>\n<p>Spousta budov \u201enep\u0159e\u017eila\u201c asanaci Star\u00e9ho M\u011bsta, v\u00fdjimkou je jen n\u011bkolik synagog, h\u0159bitov a radnice. I dnes je ale radost se Josefovem proj\u00edt a nas\u00e1t tro\u0161ku toho ducha dob minul\u00fdch\u2026 <\/p>\n\t\t\t\t\t\t<\/div>\n\t\t\t\t<\/div>\n\t\t\t\t\t<\/div>\n\t\t<\/div>\n\t\t\t\t\t\t\t<\/div>\n\t\t<\/section>\n\t\t\t\t<section class=\"elementor-section elementor-top-section elementor-element elementor-element-63b6561 elementor-section-boxed elementor-section-height-default elementor-section-height-default\" data-id=\"63b6561\" data-element_type=\"section\">\n\t\t\t\t\t\t<div class=\"elementor-container elementor-column-gap-default\">\n\t\t\t\t\t<div class=\"elementor-column elementor-col-100 elementor-top-column elementor-element elementor-element-be3c53b\" data-id=\"be3c53b\" data-element_type=\"column\">\n\t\t\t<div class=\"elementor-widget-wrap elementor-element-populated\">\n\t\t\t\t\t\t\t\t<div class=\"elementor-element elementor-element-ee08eeb elementor-widget elementor-widget-image\" data-id=\"ee08eeb\" data-element_type=\"widget\" data-widget_type=\"image.default\">\n\t\t\t\t<div class=\"elementor-widget-container\">\n\t\t\t\t\t\t\t\t\t\t\t\t\t\t\t<img loading=\"lazy\" decoding=\"async\" width=\"1000\" height=\"715\" src=\"https:\/\/beta.acordinvest.cz\/wp-content\/uploads\/2023\/01\/spanelska-synagoga-na-josefove-na-praze-1.jpg\" class=\"attachment-full size-full wp-image-1414\" alt=\"\" srcset=\"https:\/\/beta.acordinvest.cz\/wp-content\/uploads\/2023\/01\/spanelska-synagoga-na-josefove-na-praze-1.jpg 1000w, https:\/\/beta.acordinvest.cz\/wp-content\/uploads\/2023\/01\/spanelska-synagoga-na-josefove-na-praze-1-300x215.jpg 300w, https:\/\/beta.acordinvest.cz\/wp-content\/uploads\/2023\/01\/spanelska-synagoga-na-josefove-na-praze-1-768x549.jpg 768w\" sizes=\"auto, (max-width: 1000px) 100vw, 1000px\" \/>\t\t\t\t\t\t\t\t\t\t\t\t\t\t\t<\/div>\n\t\t\t\t<\/div>\n\t\t\t\t\t<\/div>\n\t\t<\/div>\n\t\t\t\t\t\t\t<\/div>\n\t\t<\/section>\n\t\t\t\t<section class=\"elementor-section elementor-top-section elementor-element elementor-element-55836ff elementor-section-boxed elementor-section-height-default elementor-section-height-default\" data-id=\"55836ff\" data-element_type=\"section\">\n\t\t\t\t\t\t<div class=\"elementor-container elementor-column-gap-default\">\n\t\t\t\t\t<div class=\"elementor-column elementor-col-100 elementor-top-column elementor-element elementor-element-3a65f34\" data-id=\"3a65f34\" data-element_type=\"column\">\n\t\t\t<div class=\"elementor-widget-wrap elementor-element-populated\">\n\t\t\t\t\t\t\t\t<div class=\"elementor-element elementor-element-00d3e82 elementor-widget elementor-widget-heading\" data-id=\"00d3e82\" data-element_type=\"widget\" data-widget_type=\"heading.default\">\n\t\t\t\t<div class=\"elementor-widget-container\">\n\t\t\t<h3 class=\"elementor-heading-title elementor-size-default\">PRA\u0160N\u00c1 BR\u00c1NA<\/h3>\t\t<\/div>\n\t\t\t\t<\/div>\n\t\t\t\t\t<\/div>\n\t\t<\/div>\n\t\t\t\t\t\t\t<\/div>\n\t\t<\/section>\n\t\t\t\t<section class=\"elementor-section elementor-top-section elementor-element elementor-element-d29f129 elementor-section-boxed elementor-section-height-default elementor-section-height-default\" data-id=\"d29f129\" data-element_type=\"section\">\n\t\t\t\t\t\t<div class=\"elementor-container elementor-column-gap-default\">\n\t\t\t\t\t<div class=\"elementor-column elementor-col-100 elementor-top-column elementor-element elementor-element-92c1396\" data-id=\"92c1396\" data-element_type=\"column\">\n\t\t\t<div class=\"elementor-widget-wrap elementor-element-populated\">\n\t\t\t\t\t\t\t\t<div class=\"elementor-element elementor-element-828994a elementor-widget elementor-widget-text-editor\" data-id=\"828994a\" data-element_type=\"widget\" data-widget_type=\"text-editor.default\">\n\t\t\t\t<div class=\"elementor-widget-container\">\n\t\t\t\t\t\t\t<p>Dal\u0161\u00ed ze symbol\u016f Prahy stoj\u00ed na rozhran\u00ed <strong>ulice Na P\u0159\u00edkop\u011b<\/strong> a <strong>n\u00e1m\u011bst\u00ed Republiky<\/strong>. Pozdn\u011b gotick\u00e1 Pra\u0161n\u00e1 br\u00e1na nahradila v roce 1475 br\u00e1nu svat\u00e9ho Ambro\u017ee a m\u011bla slou\u017eit v\u00fdhradn\u011b k <strong>reprezenta\u010dn\u00edm \u00fa\u010del\u016fm<\/strong>. Dnes u n\u00ed m\u016f\u017eete nastoupit na Kr\u00e1lovskou cestu, kter\u00e1 v\u00e1s nejv\u00fdznamn\u011bj\u0161\u00edmi m\u00edsty Star\u00e9ho M\u011bsta dovede a\u017e na Pra\u017esk\u00fd hrad.  <\/p>\n<p>Pra\u0161n\u00e1 br\u00e1na se py\u0161n\u00ed v\u00fd\u0161kou 65 metr\u016f. Ve 44 metrech se nach\u00e1z\u00ed <strong>vyhl\u00eddkov\u00fd ochoz<\/strong>, na kter\u00fd vede 186 schod\u016f. <\/p>\n\t\t\t\t\t\t<\/div>\n\t\t\t\t<\/div>\n\t\t\t\t\t<\/div>\n\t\t<\/div>\n\t\t\t\t\t\t\t<\/div>\n\t\t<\/section>\n\t\t\t\t<section class=\"elementor-section elementor-top-section elementor-element elementor-element-d698bc5 elementor-section-boxed elementor-section-height-default elementor-section-height-default\" data-id=\"d698bc5\" data-element_type=\"section\">\n\t\t\t\t\t\t<div class=\"elementor-container elementor-column-gap-default\">\n\t\t\t\t\t<div class=\"elementor-column elementor-col-100 elementor-top-column elementor-element elementor-element-5ec78f8\" data-id=\"5ec78f8\" data-element_type=\"column\">\n\t\t\t<div class=\"elementor-widget-wrap elementor-element-populated\">\n\t\t\t\t\t\t\t\t<div class=\"elementor-element elementor-element-f92d5fd elementor-widget elementor-widget-heading\" data-id=\"f92d5fd\" data-element_type=\"widget\" data-widget_type=\"heading.default\">\n\t\t\t\t<div class=\"elementor-widget-container\">\n\t\t\t<h3 class=\"elementor-heading-title elementor-size-default\">STRAHOVSK\u00dd KL\u00c1\u0160TER<\/h3>\t\t<\/div>\n\t\t\t\t<\/div>\n\t\t\t\t\t<\/div>\n\t\t<\/div>\n\t\t\t\t\t\t\t<\/div>\n\t\t<\/section>\n\t\t\t\t<section class=\"elementor-section elementor-top-section elementor-element elementor-element-ed229d5 elementor-section-boxed elementor-section-height-default elementor-section-height-default\" data-id=\"ed229d5\" data-element_type=\"section\">\n\t\t\t\t\t\t<div class=\"elementor-container elementor-column-gap-default\">\n\t\t\t\t\t<div class=\"elementor-column elementor-col-100 elementor-top-column elementor-element elementor-element-0371955\" data-id=\"0371955\" data-element_type=\"column\">\n\t\t\t<div class=\"elementor-widget-wrap elementor-element-populated\">\n\t\t\t\t\t\t\t\t<div class=\"elementor-element elementor-element-878326e elementor-widget elementor-widget-text-editor\" data-id=\"878326e\" data-element_type=\"widget\" data-widget_type=\"text-editor.default\">\n\t\t\t\t<div class=\"elementor-widget-container\">\n\t\t\t\t\t\t\t<p>Sou\u010d\u00e1st\u00ed Prahy 1 je tak\u00e9 Strahovsk\u00fd kl\u00e1\u0161ter, by\u0165 stoj\u00ed tak\u0159ka na okraji. Je t\u00edm <strong>nejstar\u0161\u00edm premonstr\u00e1tsk\u00fdm kl\u00e1\u0161terem v \u010cech\u00e1ch<\/strong>. Vznikl u\u017e v roce 1143 a pat\u0159\u00ed k architektonicky nejv\u00fdznamn\u011bj\u0161\u00edm pam\u00e1tk\u00e1m \u010ceska.  <\/p>\n<p>Krom\u011b konventu, kter\u00fd tu byl na po\u010d\u00e1tku 90. let 20. stolet\u00ed obnoven, tu najdeme <strong>Pam\u00e1tn\u00edk n\u00e1rodn\u00edho p\u00edsemnictv\u00ed<\/strong>, zn\u00e1mou <strong>Strahovskou knihovnu<\/strong> s v\u00edce ne\u017e 200 000 knih a obraz\u00e1rnu.  <\/p>\n\t\t\t\t\t\t<\/div>\n\t\t\t\t<\/div>\n\t\t\t\t\t<\/div>\n\t\t<\/div>\n\t\t\t\t\t\t\t<\/div>\n\t\t<\/section>\n\t\t\t\t<section class=\"elementor-section elementor-top-section elementor-element elementor-element-d4bed35 elementor-section-boxed elementor-section-height-default elementor-section-height-default\" data-id=\"d4bed35\" data-element_type=\"section\">\n\t\t\t\t\t\t<div class=\"elementor-container elementor-column-gap-default\">\n\t\t\t\t\t<div class=\"elementor-column elementor-col-100 elementor-top-column elementor-element elementor-element-5c16413\" data-id=\"5c16413\" data-element_type=\"column\">\n\t\t\t<div class=\"elementor-widget-wrap elementor-element-populated\">\n\t\t\t\t\t\t\t\t<div class=\"elementor-element elementor-element-117de01 elementor-widget elementor-widget-image\" data-id=\"117de01\" data-element_type=\"widget\" data-widget_type=\"image.default\">\n\t\t\t\t<div class=\"elementor-widget-container\">\n\t\t\t\t\t\t\t\t\t\t\t\t\t\t\t<img loading=\"lazy\" decoding=\"async\" width=\"1000\" height=\"667\" src=\"https:\/\/beta.acordinvest.cz\/wp-content\/uploads\/2023\/01\/teologicky-sal-ve-strahovskem-klastere-na-praze-1.jpg\" class=\"attachment-full size-full wp-image-1415\" alt=\"\" srcset=\"https:\/\/beta.acordinvest.cz\/wp-content\/uploads\/2023\/01\/teologicky-sal-ve-strahovskem-klastere-na-praze-1.jpg 1000w, https:\/\/beta.acordinvest.cz\/wp-content\/uploads\/2023\/01\/teologicky-sal-ve-strahovskem-klastere-na-praze-1-300x200.jpg 300w, https:\/\/beta.acordinvest.cz\/wp-content\/uploads\/2023\/01\/teologicky-sal-ve-strahovskem-klastere-na-praze-1-768x512.jpg 768w\" sizes=\"auto, (max-width: 1000px) 100vw, 1000px\" \/>\t\t\t\t\t\t\t\t\t\t\t\t\t\t\t<\/div>\n\t\t\t\t<\/div>\n\t\t\t\t\t<\/div>\n\t\t<\/div>\n\t\t\t\t\t\t\t<\/div>\n\t\t<\/section>\n\t\t\t\t<section class=\"elementor-section elementor-top-section elementor-element elementor-element-ab6bf26 elementor-section-boxed elementor-section-height-default elementor-section-height-default\" data-id=\"ab6bf26\" data-element_type=\"section\">\n\t\t\t\t\t\t<div class=\"elementor-container elementor-column-gap-default\">\n\t\t\t\t\t<div class=\"elementor-column elementor-col-100 elementor-top-column elementor-element elementor-element-7b3d325\" data-id=\"7b3d325\" data-element_type=\"column\">\n\t\t\t<div class=\"elementor-widget-wrap elementor-element-populated\">\n\t\t\t\t\t\t\t\t<div class=\"elementor-element elementor-element-0a64225 elementor-widget elementor-widget-heading\" data-id=\"0a64225\" data-element_type=\"widget\" data-widget_type=\"heading.default\">\n\t\t\t\t<div class=\"elementor-widget-container\">\n\t\t\t<h3 class=\"elementor-heading-title elementor-size-default\">PRA\u017dSK\u00c1 LORETA<\/h3>\t\t<\/div>\n\t\t\t\t<\/div>\n\t\t\t\t\t<\/div>\n\t\t<\/div>\n\t\t\t\t\t\t\t<\/div>\n\t\t<\/section>\n\t\t\t\t<section class=\"elementor-section elementor-top-section elementor-element elementor-element-a762986 elementor-section-boxed elementor-section-height-default elementor-section-height-default\" data-id=\"a762986\" data-element_type=\"section\">\n\t\t\t\t\t\t<div class=\"elementor-container elementor-column-gap-default\">\n\t\t\t\t\t<div class=\"elementor-column elementor-col-100 elementor-top-column elementor-element elementor-element-9bb9983\" data-id=\"9bb9983\" data-element_type=\"column\">\n\t\t\t<div class=\"elementor-widget-wrap elementor-element-populated\">\n\t\t\t\t\t\t\t\t<div class=\"elementor-element elementor-element-4ac8cf2 elementor-widget elementor-widget-text-editor\" data-id=\"4ac8cf2\" data-element_type=\"widget\" data-widget_type=\"text-editor.default\">\n\t\t\t\t<div class=\"elementor-widget-container\">\n\t\t\t\t\t\t\t<p>Pra\u017esk\u00e1 Loreta zahrnuje <strong>loret\u00e1nskou kapli<\/strong>, kter\u00e1 je kopi\u00ed zn\u00e1m\u00e9 svat\u00e9 ch\u00fd\u0161e nach\u00e1zej\u00edc\u00ed se v italsk\u00e9m Loretu. \u010casto ale Pra\u017eskou Loretou naz\u00fdv\u00e1me i barokn\u00ed stavby na v\u00fdchodn\u00ed stran\u011b <strong>Loret\u00e1nsk\u00e9ho n\u00e1m\u011bst\u00ed<\/strong>. <\/p>\n\t\t\t\t\t\t<\/div>\n\t\t\t\t<\/div>\n\t\t\t\t\t<\/div>\n\t\t<\/div>\n\t\t\t\t\t\t\t<\/div>\n\t\t<\/section>\n\t\t\t\t<section class=\"elementor-section elementor-top-section elementor-element elementor-element-f19601a elementor-section-boxed elementor-section-height-default elementor-section-height-default\" data-id=\"f19601a\" data-element_type=\"section\">\n\t\t\t\t\t\t<div class=\"elementor-container elementor-column-gap-default\">\n\t\t\t\t\t<div class=\"elementor-column elementor-col-100 elementor-top-column elementor-element elementor-element-013b4b6\" data-id=\"013b4b6\" data-element_type=\"column\">\n\t\t\t<div class=\"elementor-widget-wrap elementor-element-populated\">\n\t\t\t\t\t\t\t\t<div class=\"elementor-element elementor-element-85ded7c elementor-widget elementor-widget-image\" data-id=\"85ded7c\" data-element_type=\"widget\" data-widget_type=\"image.default\">\n\t\t\t\t<div class=\"elementor-widget-container\">\n\t\t\t\t\t\t\t\t\t\t\t\t\t\t\t<img loading=\"lazy\" decoding=\"async\" width=\"1000\" height=\"667\" src=\"https:\/\/beta.acordinvest.cz\/wp-content\/uploads\/2023\/01\/prazska-loreta-na-praze-1.jpg\" class=\"attachment-full size-full wp-image-1416\" alt=\"\" srcset=\"https:\/\/beta.acordinvest.cz\/wp-content\/uploads\/2023\/01\/prazska-loreta-na-praze-1.jpg 1000w, https:\/\/beta.acordinvest.cz\/wp-content\/uploads\/2023\/01\/prazska-loreta-na-praze-1-300x200.jpg 300w, https:\/\/beta.acordinvest.cz\/wp-content\/uploads\/2023\/01\/prazska-loreta-na-praze-1-768x512.jpg 768w\" sizes=\"auto, (max-width: 1000px) 100vw, 1000px\" \/>\t\t\t\t\t\t\t\t\t\t\t\t\t\t\t<\/div>\n\t\t\t\t<\/div>\n\t\t\t\t\t<\/div>\n\t\t<\/div>\n\t\t\t\t\t\t\t<\/div>\n\t\t<\/section>\n\t\t\t\t<section class=\"elementor-section elementor-top-section elementor-element elementor-element-751edf0 elementor-section-boxed elementor-section-height-default elementor-section-height-default\" data-id=\"751edf0\" data-element_type=\"section\">\n\t\t\t\t\t\t<div class=\"elementor-container elementor-column-gap-default\">\n\t\t\t\t\t<div class=\"elementor-column elementor-col-100 elementor-top-column elementor-element elementor-element-511708d\" data-id=\"511708d\" data-element_type=\"column\">\n\t\t\t<div class=\"elementor-widget-wrap elementor-element-populated\">\n\t\t\t\t\t\t\t\t<div class=\"elementor-element elementor-element-b25da38 elementor-widget elementor-widget-text-editor\" data-id=\"b25da38\" data-element_type=\"widget\" data-widget_type=\"text-editor.default\">\n\t\t\t\t<div class=\"elementor-widget-container\">\n\t\t\t\t\t\t\t<p>Jej\u00ed v\u00fdstavba se datuje do 2. pol. 17. a 1. pol. 18. stolet\u00ed. Hlavn\u00ed fas\u00e1da, ta reprezentativn\u00ed, na kterou se obdivovatel\u00e9 d\u00edvaj\u00ed z n\u00e1m\u011bst\u00ed, m\u00e1 <strong>v\u011b\u017e se zvonohrou<\/strong>, za n\u00ed je pak k nalezen\u00ed n\u00e1dvo\u0159\u00ed s poutn\u00edmi ambity, kostelem Narozen\u00ed P\u00e1n\u011b a \u00fast\u0159edn\u00ed kapl\u00ed Panny Marie. Objekt Pra\u017esk\u00e9 Lorety je krytou chodbou spojen s <strong>kapuc\u00ednsk\u00fdm kl\u00e1\u0161terem p\u0159i kostele Panny Marie And\u011blsk\u00e9<\/strong>.        <\/p>\n<p>A co je vlastn\u011b svat\u00e1 ch\u00fd\u0161e? Podle legendy jde o domek, v n\u011bm\u017e \u017eila Panna Marie z Nazaretu a kter\u00fd and\u011bl\u00e9 p\u0159enesli p\u0159i vp\u00e1du sarac\u00e9n\u016f p\u0159es mo\u0159e do m\u011bsta <strong>Loreto v ji\u017en\u00ed \u010d\u00e1sti It\u00e1lie<\/strong>. M\u00edsto se do\u010dkalo obliby u poutn\u00edk\u016f a po sv\u011bt\u011b se pak za\u010daly stav\u011bt jeho kopie.  <\/p>\n\t\t\t\t\t\t<\/div>\n\t\t\t\t<\/div>\n\t\t\t\t\t<\/div>\n\t\t<\/div>\n\t\t\t\t\t\t\t<\/div>\n\t\t<\/section>\n\t\t\t\t<section class=\"elementor-section elementor-top-section elementor-element elementor-element-0070562 elementor-section-boxed elementor-section-height-default elementor-section-height-default\" data-id=\"0070562\" data-element_type=\"section\">\n\t\t\t\t\t\t<div class=\"elementor-container elementor-column-gap-default\">\n\t\t\t\t\t<div class=\"elementor-column elementor-col-100 elementor-top-column elementor-element elementor-element-629eb6c\" data-id=\"629eb6c\" data-element_type=\"column\">\n\t\t\t<div class=\"elementor-widget-wrap elementor-element-populated\">\n\t\t\t\t\t\t\t\t<div class=\"elementor-element elementor-element-543d968 elementor-widget elementor-widget-heading\" data-id=\"543d968\" data-element_type=\"widget\" data-widget_type=\"heading.default\">\n\t\t\t\t<div class=\"elementor-widget-container\">\n\t\t\t<h2 class=\"elementor-heading-title elementor-size-default\">KAM ZA ODPO\u010cINKEM<\/h2>\t\t<\/div>\n\t\t\t\t<\/div>\n\t\t\t\t\t<\/div>\n\t\t<\/div>\n\t\t\t\t\t\t\t<\/div>\n\t\t<\/section>\n\t\t\t\t<section class=\"elementor-section elementor-top-section elementor-element elementor-element-58748da elementor-section-boxed elementor-section-height-default elementor-section-height-default\" data-id=\"58748da\" data-element_type=\"section\">\n\t\t\t\t\t\t<div class=\"elementor-container elementor-column-gap-default\">\n\t\t\t\t\t<div class=\"elementor-column elementor-col-100 elementor-top-column elementor-element elementor-element-e4bcda5\" data-id=\"e4bcda5\" data-element_type=\"column\">\n\t\t\t<div class=\"elementor-widget-wrap elementor-element-populated\">\n\t\t\t\t\t\t\t\t<div class=\"elementor-element elementor-element-48c88b0 elementor-widget elementor-widget-text-editor\" data-id=\"48c88b0\" data-element_type=\"widget\" data-widget_type=\"text-editor.default\">\n\t\t\t\t<div class=\"elementor-widget-container\">\n\t\t\t\t\t\t\t<p>Budete-li se na Praze 1 cht\u00edt na chv\u00edli st\u00e1hnout do \u00fastran\u00ed a u\u017e\u00edt si tro\u0161ku klidu, m\u016f\u017eete zam\u00ed\u0159it t\u0159eba na tato m\u00edsta.<\/p>\n\t\t\t\t\t\t<\/div>\n\t\t\t\t<\/div>\n\t\t\t\t\t<\/div>\n\t\t<\/div>\n\t\t\t\t\t\t\t<\/div>\n\t\t<\/section>\n\t\t\t\t<section class=\"elementor-section elementor-top-section elementor-element elementor-element-7182846 elementor-section-boxed elementor-section-height-default elementor-section-height-default\" data-id=\"7182846\" data-element_type=\"section\">\n\t\t\t\t\t\t<div class=\"elementor-container elementor-column-gap-default\">\n\t\t\t\t\t<div class=\"elementor-column elementor-col-100 elementor-top-column elementor-element elementor-element-f43293f\" data-id=\"f43293f\" data-element_type=\"column\">\n\t\t\t<div class=\"elementor-widget-wrap elementor-element-populated\">\n\t\t\t\t\t\t\t\t<div class=\"elementor-element elementor-element-0bb5d27 elementor-widget elementor-widget-heading\" data-id=\"0bb5d27\" data-element_type=\"widget\" data-widget_type=\"heading.default\">\n\t\t\t\t<div class=\"elementor-widget-container\">\n\t\t\t<h3 class=\"elementor-heading-title elementor-size-default\">PET\u0158\u00cdNSK\u00c9 SADY<\/h3>\t\t<\/div>\n\t\t\t\t<\/div>\n\t\t\t\t\t<\/div>\n\t\t<\/div>\n\t\t\t\t\t\t\t<\/div>\n\t\t<\/section>\n\t\t\t\t<section class=\"elementor-section elementor-top-section elementor-element elementor-element-2d2182a elementor-section-boxed elementor-section-height-default elementor-section-height-default\" data-id=\"2d2182a\" data-element_type=\"section\">\n\t\t\t\t\t\t<div class=\"elementor-container elementor-column-gap-default\">\n\t\t\t\t\t<div class=\"elementor-column elementor-col-100 elementor-top-column elementor-element elementor-element-fd3811f\" data-id=\"fd3811f\" data-element_type=\"column\">\n\t\t\t<div class=\"elementor-widget-wrap elementor-element-populated\">\n\t\t\t\t\t\t\t\t<div class=\"elementor-element elementor-element-f3e60ba elementor-widget elementor-widget-text-editor\" data-id=\"f3e60ba\" data-element_type=\"widget\" data-widget_type=\"text-editor.default\">\n\t\t\t\t<div class=\"elementor-widget-container\">\n\t\t\t\t\t\t\t<p>K Praze 1 jednozna\u010dn\u011b pat\u0159\u00ed Pet\u0159\u00ednsk\u00e9 sady s nezam\u011bnitelnou rozhlednou, kter\u00e1 je <strong>volnou<\/strong><strong>kopi\u00ed Eiffelovy v\u011b\u017ee v Pa\u0159\u00ed\u017ei<\/strong> (v m\u011b\u0159\u00edtku 1:5). Za jasn\u00e9ho po\u010das\u00ed se n\u00e1v\u0161t\u011bvn\u00edk\u016fm rozhledny odkryje nejen cel\u00e9 m\u011bsto, ale i t\u00e9m\u011b\u0159 cel\u00e9 \u010cechy. <\/p>\n<p>Pet\u0159\u00ednsk\u00e9 sady sice pat\u0159\u00ed k nejobl\u00edben\u011bj\u0161\u00edm m\u00edst\u016fm zamilovan\u00fdch p\u00e1r\u016f, ale r\u00e1dy sem chod\u00ed i rodiny s d\u011btmi a v\u0161ichni ostatn\u00ed. K nejkouzeln\u011bj\u0161\u00edm m\u00edst\u016fm pat\u0159\u00ed <strong>Zahrada Neboz\u00edzek<\/strong>, R\u016f\u017eov\u00fd sad nebo <strong>Semin\u00e1\u0159sk\u00e1 zahrada<\/strong>, v n\u00ed\u017e je k vid\u011bn\u00ed v\u00edce ne\u017e 2 100 ovocn\u00fdch strom\u016f. <\/p>\n<p>Zm\u00ednit mus\u00edme tak\u00e9 <strong>lanovku na vrch Pet\u0159\u00edn<\/strong> a <strong>Zrcadlov\u00e9 bludi\u0161t\u011b<\/strong>, kde se aspo\u0148 na okam\u017eik r\u00e1d ztrat\u00ed snad ka\u017ed\u00fd\u2026<\/p>\n\t\t\t\t\t\t<\/div>\n\t\t\t\t<\/div>\n\t\t\t\t\t<\/div>\n\t\t<\/div>\n\t\t\t\t\t\t\t<\/div>\n\t\t<\/section>\n\t\t\t\t<section class=\"elementor-section elementor-top-section elementor-element elementor-element-56144ec elementor-section-boxed elementor-section-height-default elementor-section-height-default\" data-id=\"56144ec\" data-element_type=\"section\">\n\t\t\t\t\t\t<div class=\"elementor-container elementor-column-gap-default\">\n\t\t\t\t\t<div class=\"elementor-column elementor-col-100 elementor-top-column elementor-element elementor-element-b4576c7\" data-id=\"b4576c7\" data-element_type=\"column\">\n\t\t\t<div class=\"elementor-widget-wrap elementor-element-populated\">\n\t\t\t\t\t\t\t\t<div class=\"elementor-element elementor-element-8f292e1 elementor-widget elementor-widget-heading\" data-id=\"8f292e1\" data-element_type=\"widget\" data-widget_type=\"heading.default\">\n\t\t\t\t<div class=\"elementor-widget-container\">\n\t\t\t<h3 class=\"elementor-heading-title elementor-size-default\">CHOTKOVY SADY<\/h3>\t\t<\/div>\n\t\t\t\t<\/div>\n\t\t\t\t\t<\/div>\n\t\t<\/div>\n\t\t\t\t\t\t\t<\/div>\n\t\t<\/section>\n\t\t\t\t<section class=\"elementor-section elementor-top-section elementor-element elementor-element-0d3614c elementor-section-boxed elementor-section-height-default elementor-section-height-default\" data-id=\"0d3614c\" data-element_type=\"section\">\n\t\t\t\t\t\t<div class=\"elementor-container elementor-column-gap-default\">\n\t\t\t\t\t<div class=\"elementor-column elementor-col-100 elementor-top-column elementor-element elementor-element-cbce98f\" data-id=\"cbce98f\" data-element_type=\"column\">\n\t\t\t<div class=\"elementor-widget-wrap elementor-element-populated\">\n\t\t\t\t\t\t\t\t<div class=\"elementor-element elementor-element-aa67a0d elementor-widget elementor-widget-text-editor\" data-id=\"aa67a0d\" data-element_type=\"widget\" data-widget_type=\"text-editor.default\">\n\t\t\t\t<div class=\"elementor-widget-container\">\n\t\t\t\t\t\t\t<p>Park soused\u00edc\u00ed s <strong>Letohr\u00e1dkem kr\u00e1lovny Anny<\/strong> a <strong>Kr\u00e1lovskou zahradou<\/strong> je ve\u0159ejnosti otev\u0159en u\u017e od roku 1832, co\u017e z n\u011bj \u010din\u00ed prvn\u00ed ve\u0159ejn\u00fd park na \u00fazem\u00ed Prahy. Z jeho ji\u017en\u00ed \u010d\u00e1sti si za hezk\u00e9ho po\u010das\u00ed u\u017eijete n\u00e1dhern\u00fd v\u00fdhled na m\u011bsto a jeho <strong>rozlehl\u00e9 travnat\u00e9 plochy<\/strong> v\u00e1s tu ur\u010dit\u011b zl\u00e1kaj\u00ed k leno\u0161en\u00ed. <\/p>\n\t\t\t\t\t\t<\/div>\n\t\t\t\t<\/div>\n\t\t\t\t\t<\/div>\n\t\t<\/div>\n\t\t\t\t\t\t\t<\/div>\n\t\t<\/section>\n\t\t\t\t<section class=\"elementor-section elementor-top-section elementor-element elementor-element-d017734 elementor-section-boxed elementor-section-height-default elementor-section-height-default\" data-id=\"d017734\" data-element_type=\"section\">\n\t\t\t\t\t\t<div class=\"elementor-container elementor-column-gap-default\">\n\t\t\t\t\t<div class=\"elementor-column elementor-col-100 elementor-top-column elementor-element elementor-element-9a55173\" data-id=\"9a55173\" data-element_type=\"column\">\n\t\t\t<div class=\"elementor-widget-wrap elementor-element-populated\">\n\t\t\t\t\t\t\t\t<div class=\"elementor-element elementor-element-f99d860 elementor-widget elementor-widget-heading\" data-id=\"f99d860\" data-element_type=\"widget\" data-widget_type=\"heading.default\">\n\t\t\t\t<div class=\"elementor-widget-container\">\n\t\t\t<h3 class=\"elementor-heading-title elementor-size-default\">ST\u0158ELECK\u00dd OSTROV<\/h3>\t\t<\/div>\n\t\t\t\t<\/div>\n\t\t\t\t\t<\/div>\n\t\t<\/div>\n\t\t\t\t\t\t\t<\/div>\n\t\t<\/section>\n\t\t\t\t<section class=\"elementor-section elementor-top-section elementor-element elementor-element-ab003bb elementor-section-boxed elementor-section-height-default elementor-section-height-default\" data-id=\"ab003bb\" data-element_type=\"section\">\n\t\t\t\t\t\t<div class=\"elementor-container elementor-column-gap-default\">\n\t\t\t\t\t<div class=\"elementor-column elementor-col-100 elementor-top-column elementor-element elementor-element-4b2f6bf\" data-id=\"4b2f6bf\" data-element_type=\"column\">\n\t\t\t<div class=\"elementor-widget-wrap elementor-element-populated\">\n\t\t\t\t\t\t\t\t<div class=\"elementor-element elementor-element-700c5c5 elementor-widget elementor-widget-text-editor\" data-id=\"700c5c5\" data-element_type=\"widget\" data-widget_type=\"text-editor.default\">\n\t\t\t\t<div class=\"elementor-widget-container\">\n\t\t\t\t\t\t\t<p>Na St\u0159eleck\u00e9m ostrov\u011b uprost\u0159ed Vltavy najdete v\u0161echno, po \u010dem tou\u017e\u00edte, kdy\u017e chcete zapomenout na starosti v\u0161edn\u00edch dn\u00ed. Tohle romantick\u00e9 m\u00edsto se nach\u00e1z\u00ed pod mostem Legi\u00ed a za <strong>pohledy na m\u011bsto z \u00farovn\u011b Vltavy<\/strong> se sem ur\u010dit\u011b nejednou vr\u00e1t\u00edte. <\/p>\n\t\t\t\t\t\t<\/div>\n\t\t\t\t<\/div>\n\t\t\t\t\t<\/div>\n\t\t<\/div>\n\t\t\t\t\t\t\t<\/div>\n\t\t<\/section>\n\t\t\t\t<section class=\"elementor-section elementor-top-section elementor-element elementor-element-bc7fd3a elementor-section-boxed elementor-section-height-default elementor-section-height-default\" data-id=\"bc7fd3a\" data-element_type=\"section\">\n\t\t\t\t\t\t<div class=\"elementor-container elementor-column-gap-default\">\n\t\t\t\t\t<div class=\"elementor-column elementor-col-100 elementor-top-column elementor-element elementor-element-ff5dc72\" data-id=\"ff5dc72\" data-element_type=\"column\">\n\t\t\t<div class=\"elementor-widget-wrap elementor-element-populated\">\n\t\t\t\t\t\t\t\t<div class=\"elementor-element elementor-element-2e942ce elementor-widget elementor-widget-image\" data-id=\"2e942ce\" data-element_type=\"widget\" data-widget_type=\"image.default\">\n\t\t\t\t<div class=\"elementor-widget-container\">\n\t\t\t\t\t\t\t\t\t\t\t\t\t\t\t<img loading=\"lazy\" decoding=\"async\" width=\"1000\" height=\"667\" src=\"https:\/\/beta.acordinvest.cz\/wp-content\/uploads\/2023\/01\/strelecky-ostrov-na-praze-1.jpg\" class=\"attachment-full size-full wp-image-1417\" alt=\"\" srcset=\"https:\/\/beta.acordinvest.cz\/wp-content\/uploads\/2023\/01\/strelecky-ostrov-na-praze-1.jpg 1000w, https:\/\/beta.acordinvest.cz\/wp-content\/uploads\/2023\/01\/strelecky-ostrov-na-praze-1-300x200.jpg 300w, https:\/\/beta.acordinvest.cz\/wp-content\/uploads\/2023\/01\/strelecky-ostrov-na-praze-1-768x512.jpg 768w\" sizes=\"auto, (max-width: 1000px) 100vw, 1000px\" \/>\t\t\t\t\t\t\t\t\t\t\t\t\t\t\t<\/div>\n\t\t\t\t<\/div>\n\t\t\t\t\t<\/div>\n\t\t<\/div>\n\t\t\t\t\t\t\t<\/div>\n\t\t<\/section>\n\t\t\t\t<section class=\"elementor-section elementor-top-section elementor-element elementor-element-e582438 elementor-section-boxed elementor-section-height-default elementor-section-height-default\" data-id=\"e582438\" data-element_type=\"section\">\n\t\t\t\t\t\t<div class=\"elementor-container elementor-column-gap-default\">\n\t\t\t\t\t<div class=\"elementor-column elementor-col-100 elementor-top-column elementor-element elementor-element-bf8f64b\" data-id=\"bf8f64b\" data-element_type=\"column\">\n\t\t\t<div class=\"elementor-widget-wrap elementor-element-populated\">\n\t\t\t\t\t\t\t\t<div class=\"elementor-element elementor-element-a6239ae elementor-widget elementor-widget-text-editor\" data-id=\"a6239ae\" data-element_type=\"widget\" data-widget_type=\"text-editor.default\">\n\t\t\t\t<div class=\"elementor-widget-container\">\n\t\t\t\t\t\t\t<p>V uvoln\u011bn\u00e9 atmosf\u00e9\u0159e ostrova se nejsp\u00ed\u0161 r\u00e1di projdete nebo se s dobr\u00fdm ob\u010derstven\u00edm usad\u00edte na lavi\u010dku, z\u00fa\u010dastnit se tu ale m\u016f\u017eete i <strong>akc\u00ed, kter\u00e9 se tu kon\u00e1vaj\u00ed<\/strong> \u2013 k nim pat\u0159\u00ed festivaly, koncerty apod.<\/p>\n\t\t\t\t\t\t<\/div>\n\t\t\t\t<\/div>\n\t\t\t\t\t<\/div>\n\t\t<\/div>\n\t\t\t\t\t\t\t<\/div>\n\t\t<\/section>\n\t\t\t\t<section class=\"elementor-section elementor-top-section elementor-element elementor-element-18172f4 elementor-section-boxed elementor-section-height-default elementor-section-height-default\" data-id=\"18172f4\" data-element_type=\"section\">\n\t\t\t\t\t\t<div class=\"elementor-container elementor-column-gap-default\">\n\t\t\t\t\t<div class=\"elementor-column elementor-col-100 elementor-top-column elementor-element elementor-element-fbe4b3a\" data-id=\"fbe4b3a\" data-element_type=\"column\">\n\t\t\t<div class=\"elementor-widget-wrap elementor-element-populated\">\n\t\t\t\t\t\t\t\t<div class=\"elementor-element elementor-element-ad4bd4e elementor-widget elementor-widget-heading\" data-id=\"ad4bd4e\" data-element_type=\"widget\" data-widget_type=\"heading.default\">\n\t\t\t\t<div class=\"elementor-widget-container\">\n\t\t\t<h3 class=\"elementor-heading-title elementor-size-default\">DAL\u0160\u00cd ZAJ\u00cdMAVOSTI<\/h3>\t\t<\/div>\n\t\t\t\t<\/div>\n\t\t\t\t\t<\/div>\n\t\t<\/div>\n\t\t\t\t\t\t\t<\/div>\n\t\t<\/section>\n\t\t\t\t<section class=\"elementor-section elementor-top-section elementor-element elementor-element-e64dfec elementor-section-boxed elementor-section-height-default elementor-section-height-default\" data-id=\"e64dfec\" data-element_type=\"section\">\n\t\t\t\t\t\t<div class=\"elementor-container elementor-column-gap-default\">\n\t\t\t\t\t<div class=\"elementor-column elementor-col-100 elementor-top-column elementor-element elementor-element-ee9e946\" data-id=\"ee9e946\" data-element_type=\"column\">\n\t\t\t<div class=\"elementor-widget-wrap elementor-element-populated\">\n\t\t\t\t\t\t\t\t<div class=\"elementor-element elementor-element-cbf3633 elementor-widget elementor-widget-text-editor\" data-id=\"cbf3633\" data-element_type=\"widget\" data-widget_type=\"text-editor.default\">\n\t\t\t\t<div class=\"elementor-widget-container\">\n\t\t\t\t\t\t\t<p>Na Praze 1 je krom\u011b zm\u00edn\u011bn\u00fdch zaj\u00edmavost\u00ed i spousta dal\u0161\u00edch, rozmanit\u00fdch. Pokud m\u00e1te v oblib\u011b modern\u00ed d\u011bjiny, mo\u017en\u00e1 v\u00e1s pot\u011b\u0161\u00ed p\u0159\u00edtomnost fascinuj\u00edc\u00ed <strong>Lennonovy zdi<\/strong> nebo n\u00e1v\u0161t\u011bva hr\u016fzu nah\u00e1n\u011bj\u00edc\u00edho <strong>muzea v\u011bnovan\u00e9ho KGB<\/strong>. <\/p>\n<p>O n\u011bco delik\u00e1tn\u011bj\u0161\u00ed a pokojn\u011bj\u0161\u00ed je pak t\u0159eba n\u00e1v\u0161t\u011bva <strong>N\u00e1rodn\u00ed galerie<\/strong> nebo <strong>Rudolfina<\/strong> \u010di proch\u00e1zka po <strong>N\u00e1rodn\u00ed t\u0159\u00edd\u011b<\/strong>, kter\u00e1 v\u00e1m uk\u00e1\u017ee nap\u0159\u00edklad budovy z 19. stolet\u00ed nebo Pam\u00e1tn\u00edk Sametov\u00e9 revoluce 17. listopadu 1989.  <\/p>\n\t\t\t\t\t\t<\/div>\n\t\t\t\t<\/div>\n\t\t\t\t\t<\/div>\n\t\t<\/div>\n\t\t\t\t\t\t\t<\/div>\n\t\t<\/section>\n\t\t\t\t\t\t\t<\/div>\n\t\t","protected":false},"excerpt":{"rendered":"<p>L\u00e1k\u00e1 v\u00e1s bydlen\u00ed na Praze 1, v sam\u00e9m srdci na\u0161\u00ed metropole? Pak ur\u010dit\u011b p\u00e1tr\u00e1te po tom, co v\u00e1s \u010dek\u00e1 v nejbli\u017e\u0161\u00edm okol\u00ed. V\u00edme, kam se m\u016f\u017eete vydat za na\u0161imi pestr\u00fdmi d\u011bjinami, za osv\u011b\u017euj\u00edc\u00ed zelen\u00ed nebo jin\u00fdmi zaj\u00edmavostmi.  <\/p>\n","protected":false},"author":4,"featured_media":1972,"comment_status":"closed","ping_status":"closed","sticky":false,"template":"elementor_header_footer","format":"standard","meta":{"inline_featured_image":false,"footnotes":"","_links_to":"","_links_to_target":""},"categories":[175],"tags":[],"class_list":["post-2184","post","type-post","status-publish","format-standard","has-post-thumbnail","hentry","category-blog-en"],"acf":[],"_links":{"self":[{"href":"https:\/\/beta.acordinvest.cz\/en\/wp-json\/wp\/v2\/posts\/2184","targetHints":{"allow":["GET"]}}],"collection":[{"href":"https:\/\/beta.acordinvest.cz\/en\/wp-json\/wp\/v2\/posts"}],"about":[{"href":"https:\/\/beta.acordinvest.cz\/en\/wp-json\/wp\/v2\/types\/post"}],"author":[{"embeddable":true,"href":"https:\/\/beta.acordinvest.cz\/en\/wp-json\/wp\/v2\/users\/4"}],"replies":[{"embeddable":true,"href":"https:\/\/beta.acordinvest.cz\/en\/wp-json\/wp\/v2\/comments?post=2184"}],"version-history":[{"count":3,"href":"https:\/\/beta.acordinvest.cz\/en\/wp-json\/wp\/v2\/posts\/2184\/revisions"}],"predecessor-version":[{"id":2187,"href":"https:\/\/beta.acordinvest.cz\/en\/wp-json\/wp\/v2\/posts\/2184\/revisions\/2187"}],"wp:featuredmedia":[{"embeddable":true,"href":"https:\/\/beta.acordinvest.cz\/en\/wp-json\/wp\/v2\/media\/1972"}],"wp:attachment":[{"href":"https:\/\/beta.acordinvest.cz\/en\/wp-json\/wp\/v2\/media?parent=2184"}],"wp:term":[{"taxonomy":"category","embeddable":true,"href":"https:\/\/beta.acordinvest.cz\/en\/wp-json\/wp\/v2\/categories?post=2184"},{"taxonomy":"post_tag","embeddable":true,"href":"https:\/\/beta.acordinvest.cz\/en\/wp-json\/wp\/v2\/tags?post=2184"}],"curies":[{"name":"wp","href":"https:\/\/api.w.org\/{rel}","templated":true}]}}