{"id":2188,"date":"2023-01-03T15:04:08","date_gmt":"2023-01-03T14:04:08","guid":{"rendered":"https:\/\/beta.acordinvest.cz\/karlin-typy-na-zajimava-mista\/"},"modified":"2023-01-12T16:12:03","modified_gmt":"2023-01-12T15:12:03","slug":"karlin-typy-na-zajimava-mista","status":"publish","type":"post","link":"https:\/\/beta.acordinvest.cz\/en\/karlin-typy-na-zajimava-mista\/","title":{"rendered":"Karl\u00edn: Typy na zaj\u00edmav\u00e1 m\u00edsta"},"content":{"rendered":"\t\t<div data-elementor-type=\"wp-post\" data-elementor-id=\"2188\" class=\"elementor elementor-2188 elementor-1424\">\n\t\t\t\t\t\t\t\t\t<section class=\"elementor-section elementor-top-section elementor-element elementor-element-5226593 elementor-section-boxed elementor-section-height-default elementor-section-height-default\" data-id=\"5226593\" data-element_type=\"section\">\n\t\t\t\t\t\t<div class=\"elementor-container elementor-column-gap-default\">\n\t\t\t\t\t<div class=\"elementor-column elementor-col-100 elementor-top-column elementor-element elementor-element-ec9103c\" data-id=\"ec9103c\" data-element_type=\"column\">\n\t\t\t<div class=\"elementor-widget-wrap elementor-element-populated\">\n\t\t\t\t\t\t\t\t<div class=\"elementor-element elementor-element-c308fef elementor-widget elementor-widget-image\" data-id=\"c308fef\" data-element_type=\"widget\" data-widget_type=\"image.default\">\n\t\t\t\t<div class=\"elementor-widget-container\">\n\t\t\t<style>\/*! elementor - v3.10.1 - 17-01-2023 *\/\n.elementor-widget-image{text-align:center}.elementor-widget-image a{display:inline-block}.elementor-widget-image a img[src$=\".svg\"]{width:48px}.elementor-widget-image img{vertical-align:middle;display:inline-block}<\/style>\t\t\t\t\t\t\t\t\t\t\t\t<img loading=\"lazy\" decoding=\"async\" width=\"1060\" height=\"400\" src=\"https:\/\/beta.acordinvest.cz\/wp-content\/uploads\/2023\/01\/karlin.png\" class=\"attachment-full size-full wp-image-1431\" alt=\"\" srcset=\"https:\/\/beta.acordinvest.cz\/wp-content\/uploads\/2023\/01\/karlin.png 1060w, https:\/\/beta.acordinvest.cz\/wp-content\/uploads\/2023\/01\/karlin-300x113.png 300w, https:\/\/beta.acordinvest.cz\/wp-content\/uploads\/2023\/01\/karlin-1024x386.png 1024w, https:\/\/beta.acordinvest.cz\/wp-content\/uploads\/2023\/01\/karlin-768x290.png 768w\" sizes=\"auto, (max-width: 1060px) 100vw, 1060px\" \/>\t\t\t\t\t\t\t\t\t\t\t\t\t\t\t<\/div>\n\t\t\t\t<\/div>\n\t\t\t\t\t<\/div>\n\t\t<\/div>\n\t\t\t\t\t\t\t<\/div>\n\t\t<\/section>\n\t\t\t\t<section class=\"elementor-section elementor-top-section elementor-element elementor-element-1a15719 elementor-section-boxed elementor-section-height-default elementor-section-height-default\" data-id=\"1a15719\" data-element_type=\"section\">\n\t\t\t\t\t\t<div class=\"elementor-container elementor-column-gap-default\">\n\t\t\t\t\t<div class=\"elementor-column elementor-col-100 elementor-top-column elementor-element elementor-element-acb0a27\" data-id=\"acb0a27\" data-element_type=\"column\">\n\t\t\t<div class=\"elementor-widget-wrap elementor-element-populated\">\n\t\t\t\t\t\t\t\t<div class=\"elementor-element elementor-element-1bf575e elementor-widget elementor-widget-heading\" data-id=\"1bf575e\" data-element_type=\"widget\" data-widget_type=\"heading.default\">\n\t\t\t\t<div class=\"elementor-widget-container\">\n\t\t\t<style>\/*! elementor - v3.10.1 - 17-01-2023 *\/\n.elementor-heading-title{padding:0;margin:0;line-height:1}.elementor-widget-heading .elementor-heading-title[class*=elementor-size-]>a{color:inherit;font-size:inherit;line-height:inherit}.elementor-widget-heading .elementor-heading-title.elementor-size-small{font-size:15px}.elementor-widget-heading .elementor-heading-title.elementor-size-medium{font-size:19px}.elementor-widget-heading .elementor-heading-title.elementor-size-large{font-size:29px}.elementor-widget-heading .elementor-heading-title.elementor-size-xl{font-size:39px}.elementor-widget-heading .elementor-heading-title.elementor-size-xxl{font-size:59px}<\/style><h2 class=\"elementor-heading-title elementor-size-default\">Karl\u00edn: Typy na zaj\u00edmav\u00e1 m\u00edsta<\/h2>\t\t<\/div>\n\t\t\t\t<\/div>\n\t\t\t\t\t<\/div>\n\t\t<\/div>\n\t\t\t\t\t\t\t<\/div>\n\t\t<\/section>\n\t\t\t\t<section class=\"elementor-section elementor-top-section elementor-element elementor-element-35e4855 elementor-section-boxed elementor-section-height-default elementor-section-height-default\" data-id=\"35e4855\" data-element_type=\"section\">\n\t\t\t\t\t\t<div class=\"elementor-container elementor-column-gap-default\">\n\t\t\t\t\t<div class=\"elementor-column elementor-col-100 elementor-top-column elementor-element elementor-element-cf6a31b\" data-id=\"cf6a31b\" data-element_type=\"column\">\n\t\t\t<div class=\"elementor-widget-wrap elementor-element-populated\">\n\t\t\t\t\t\t\t\t<div class=\"elementor-element elementor-element-9b31d0c elementor-widget elementor-widget-text-editor\" data-id=\"9b31d0c\" data-element_type=\"widget\" data-widget_type=\"text-editor.default\">\n\t\t\t\t<div class=\"elementor-widget-container\">\n\t\t\t<style>\/*! elementor - v3.10.1 - 17-01-2023 *\/\n.elementor-widget-text-editor.elementor-drop-cap-view-stacked .elementor-drop-cap{background-color:#818a91;color:#fff}.elementor-widget-text-editor.elementor-drop-cap-view-framed .elementor-drop-cap{color:#818a91;border:3px solid;background-color:transparent}.elementor-widget-text-editor:not(.elementor-drop-cap-view-default) .elementor-drop-cap{margin-top:8px}.elementor-widget-text-editor:not(.elementor-drop-cap-view-default) .elementor-drop-cap-letter{width:1em;height:1em}.elementor-widget-text-editor .elementor-drop-cap{float:left;text-align:center;line-height:1;font-size:50px}.elementor-widget-text-editor .elementor-drop-cap-letter{display:inline-block}<\/style>\t\t\t\t<p>Karl\u00edn je <strong>\u010dtvr\u0165 v m\u011bstsk\u00e9 \u010d\u00e1sti Praha 8<\/strong> rozprost\u00edraj\u00edc\u00ed se mezi Libn\u00ed a Nov\u00fdm M\u011bstem. Samotn\u00e1 Praha 8 je pom\u011brn\u011b unik\u00e1tn\u00ed, nebo\u0165 se jako <strong>jedin\u00e1 ze v\u0161ech pra\u017esk\u00fdch m\u011bstsk\u00fdch obvod\u016f t\u011bsn\u011b dot\u00fdk\u00e1 historick\u00e9ho j\u00e1dra <\/strong>(v historii se zde nach\u00e1zelo nap\u0159. <a href=\"https:\/\/www.cestovinky.cz\/clanek\/architektura-prahy-7-staveb-ktere-uz-nikdy-neuvidite#nadrazitesnov\" target=\"_blank\" rel=\"noopener\">slavn\u00e9 n\u00e1dra\u017e\u00ed T\u011b\u0161nov<\/a>) a rozprost\u00edr\u00e1 se i za okrajem hlavn\u00edho m\u011bsta. <\/p>\n<p><strong>V posledn\u00edch letech se Karl\u00edn stal jednou z nejzaj\u00edmav\u011bj\u0161\u00edch pra\u017esk\u00fdch \u010dtvrt\u00ed<\/strong>, a to p\u0159edev\u0161\u00edm proto, \u017ee p\u0159edstavuje skv\u011bl\u00fd kompromis mezi plnou nab\u00eddkou slu\u017eeb a poklidn\u00fdm m\u00edstem k bydlen\u00ed. <strong>To je tak\u00e9 jedn\u00edm z d\u016fvod\u016f, pro\u010d se v sou\u010dasn\u00e9 dob\u011b zab\u00fdv\u00e1me<\/strong><a href=\"https:\/\/carolinacorner.cz\/\" target=\"_blank\" rel=\"noopener\">rekonstrukc\u00ed luxusn\u00ed rezidence Carolina Corner<\/a>, kter\u00e1 nab\u00edz\u00ed exkluzivn\u00ed byty a obchodn\u00ed prostory v sam\u00e9m srdci Karl\u00edna. <\/p>\n\t\t\t\t\t\t<\/div>\n\t\t\t\t<\/div>\n\t\t\t\t\t<\/div>\n\t\t<\/div>\n\t\t\t\t\t\t\t<\/div>\n\t\t<\/section>\n\t\t\t\t<section class=\"elementor-section elementor-top-section elementor-element elementor-element-f16d613 elementor-section-boxed elementor-section-height-default elementor-section-height-default\" data-id=\"f16d613\" data-element_type=\"section\">\n\t\t\t\t\t\t<div class=\"elementor-container elementor-column-gap-default\">\n\t\t\t\t\t<div class=\"elementor-column elementor-col-100 elementor-top-column elementor-element elementor-element-dd593bd\" data-id=\"dd593bd\" data-element_type=\"column\">\n\t\t\t<div class=\"elementor-widget-wrap elementor-element-populated\">\n\t\t\t\t\t\t\t\t<div class=\"elementor-element elementor-element-6fadc0e elementor-widget elementor-widget-image\" data-id=\"6fadc0e\" data-element_type=\"widget\" data-widget_type=\"image.default\">\n\t\t\t\t<div class=\"elementor-widget-container\">\n\t\t\t\t\t\t\t\t\t\t\t\t\t\t\t<img loading=\"lazy\" decoding=\"async\" width=\"1920\" height=\"1080\" src=\"https:\/\/beta.acordinvest.cz\/wp-content\/uploads\/2023\/01\/vitkova-19-16-9.jpg\" class=\"attachment-full size-full wp-image-1426\" alt=\"\" srcset=\"https:\/\/beta.acordinvest.cz\/wp-content\/uploads\/2023\/01\/vitkova-19-16-9.jpg 1920w, https:\/\/beta.acordinvest.cz\/wp-content\/uploads\/2023\/01\/vitkova-19-16-9-300x169.jpg 300w, https:\/\/beta.acordinvest.cz\/wp-content\/uploads\/2023\/01\/vitkova-19-16-9-1024x576.jpg 1024w, https:\/\/beta.acordinvest.cz\/wp-content\/uploads\/2023\/01\/vitkova-19-16-9-768x432.jpg 768w, https:\/\/beta.acordinvest.cz\/wp-content\/uploads\/2023\/01\/vitkova-19-16-9-1536x864.jpg 1536w\" sizes=\"auto, (max-width: 1920px) 100vw, 1920px\" \/>\t\t\t\t\t\t\t\t\t\t\t\t\t\t\t<\/div>\n\t\t\t\t<\/div>\n\t\t\t\t\t<\/div>\n\t\t<\/div>\n\t\t\t\t\t\t\t<\/div>\n\t\t<\/section>\n\t\t\t\t<section class=\"elementor-section elementor-top-section elementor-element elementor-element-b0259c7 elementor-section-boxed elementor-section-height-default elementor-section-height-default\" data-id=\"b0259c7\" data-element_type=\"section\">\n\t\t\t\t\t\t<div class=\"elementor-container elementor-column-gap-default\">\n\t\t\t\t\t<div class=\"elementor-column elementor-col-100 elementor-top-column elementor-element elementor-element-2404735\" data-id=\"2404735\" data-element_type=\"column\">\n\t\t\t<div class=\"elementor-widget-wrap elementor-element-populated\">\n\t\t\t\t\t\t\t\t<div class=\"elementor-element elementor-element-08526b0 elementor-widget elementor-widget-heading\" data-id=\"08526b0\" data-element_type=\"widget\" data-widget_type=\"heading.default\">\n\t\t\t\t<div class=\"elementor-widget-container\">\n\t\t\t<h3 class=\"elementor-heading-title elementor-size-default\">#1 KOSTEL SV. CYRILA A METOD\u011aJE <\/h3>\t\t<\/div>\n\t\t\t\t<\/div>\n\t\t\t\t\t<\/div>\n\t\t<\/div>\n\t\t\t\t\t\t\t<\/div>\n\t\t<\/section>\n\t\t\t\t<section class=\"elementor-section elementor-top-section elementor-element elementor-element-f04cd6c elementor-section-boxed elementor-section-height-default elementor-section-height-default\" data-id=\"f04cd6c\" data-element_type=\"section\">\n\t\t\t\t\t\t<div class=\"elementor-container elementor-column-gap-default\">\n\t\t\t\t\t<div class=\"elementor-column elementor-col-100 elementor-top-column elementor-element elementor-element-9fc4545\" data-id=\"9fc4545\" data-element_type=\"column\">\n\t\t\t<div class=\"elementor-widget-wrap elementor-element-populated\">\n\t\t\t\t\t\t\t\t<div class=\"elementor-element elementor-element-2d08b2f elementor-widget elementor-widget-text-editor\" data-id=\"2d08b2f\" data-element_type=\"widget\" data-widget_type=\"text-editor.default\">\n\t\t\t\t<div class=\"elementor-widget-container\">\n\t\t\t\t\t\t\t<p>Kostel sv. Cyrila a Metod\u011bje je nejzn\u00e1m\u011bj\u0161\u00ed historickou pam\u00e1tkou Prahy 8 a tak\u00e9 jednou z nejp\u0159edn\u011bj\u0161\u00edch c\u00edrkevn\u00edch staveb v \u010cech\u00e1ch <strong>. Nach\u00e1z\u00ed se na Karl\u00ednsk\u00e9m n\u00e1m\u011bst\u00ed <\/strong> a jeho v\u00fdstavba prob\u00edhala v 2. polovin\u011b 19. stolet\u00ed. Slavnostn\u011b vysv\u011bcen byl v roce 1863, a to u p\u0159\u00edle\u017eitosti mil\u00e9nia p\u0159\u00edchodu slovansk\u00fdch v\u011brozv\u011bst\u016f na Moravu.   <\/p>\n\t\t\t\t\t\t<\/div>\n\t\t\t\t<\/div>\n\t\t\t\t\t<\/div>\n\t\t<\/div>\n\t\t\t\t\t\t\t<\/div>\n\t\t<\/section>\n\t\t\t\t<section class=\"elementor-section elementor-top-section elementor-element elementor-element-f8dc01f elementor-section-boxed elementor-section-height-default elementor-section-height-default\" data-id=\"f8dc01f\" data-element_type=\"section\">\n\t\t\t\t\t\t<div class=\"elementor-container elementor-column-gap-default\">\n\t\t\t\t\t<div class=\"elementor-column elementor-col-100 elementor-top-column elementor-element elementor-element-a328467\" data-id=\"a328467\" data-element_type=\"column\">\n\t\t\t<div class=\"elementor-widget-wrap elementor-element-populated\">\n\t\t\t\t\t\t\t\t<div class=\"elementor-element elementor-element-9522243 elementor-widget elementor-widget-image\" data-id=\"9522243\" data-element_type=\"widget\" data-widget_type=\"image.default\">\n\t\t\t\t<div class=\"elementor-widget-container\">\n\t\t\t\t\t\t\t\t\t\t\t\t\t\t\t<img loading=\"lazy\" decoding=\"async\" width=\"1000\" height=\"667\" src=\"https:\/\/beta.acordinvest.cz\/wp-content\/uploads\/2023\/01\/bigstock-prague-czech-republic-may-275169460-1.jpg\" class=\"attachment-full size-full wp-image-1427\" alt=\"\" srcset=\"https:\/\/beta.acordinvest.cz\/wp-content\/uploads\/2023\/01\/bigstock-prague-czech-republic-may-275169460-1.jpg 1000w, https:\/\/beta.acordinvest.cz\/wp-content\/uploads\/2023\/01\/bigstock-prague-czech-republic-may-275169460-1-300x200.jpg 300w, https:\/\/beta.acordinvest.cz\/wp-content\/uploads\/2023\/01\/bigstock-prague-czech-republic-may-275169460-1-768x512.jpg 768w\" sizes=\"auto, (max-width: 1000px) 100vw, 1000px\" \/>\t\t\t\t\t\t\t\t\t\t\t\t\t\t\t<\/div>\n\t\t\t\t<\/div>\n\t\t\t\t\t<\/div>\n\t\t<\/div>\n\t\t\t\t\t\t\t<\/div>\n\t\t<\/section>\n\t\t\t\t<section class=\"elementor-section elementor-top-section elementor-element elementor-element-3c35980 elementor-section-boxed elementor-section-height-default elementor-section-height-default\" data-id=\"3c35980\" data-element_type=\"section\">\n\t\t\t\t\t\t<div class=\"elementor-container elementor-column-gap-default\">\n\t\t\t\t\t<div class=\"elementor-column elementor-col-100 elementor-top-column elementor-element elementor-element-c903ecc\" data-id=\"c903ecc\" data-element_type=\"column\">\n\t\t\t<div class=\"elementor-widget-wrap elementor-element-populated\">\n\t\t\t\t\t\t\t\t<div class=\"elementor-element elementor-element-8b7a1b1 elementor-widget elementor-widget-text-editor\" data-id=\"8b7a1b1\" data-element_type=\"widget\" data-widget_type=\"text-editor.default\">\n\t\t\t\t<div class=\"elementor-widget-container\">\n\t\t\t\t\t\t\t<p>Dominantu kostela tvo\u0159\u00ed p\u0159edev\u0161\u00edm jeho <strong>dv\u011b v\u011b\u017ee dosahuj\u00edc\u00ed v\u00fd\u0161e p\u0159es 78 metr\u016f<\/strong>, kter\u00e9 p\u016fsobiv\u011b dokresluj\u00ed cel\u00e9 pra\u017esk\u00e9 panorama. Pr\u00e1v\u011b tyto v\u011b\u017ee u\u010dinily z kostela ve sv\u00e9 dob\u011b nejv\u011bt\u0161\u00ed stavbu v Praze a jejich p\u0159edm\u011bst\u00edch. <\/p>\n<p>A\u010d se kostel <strong>zven\u010d\u00ed podob\u00e1 star\u00fdm rom\u00e1nsk\u00fdm kostel\u016fm<\/strong>, disponuje mnohem ok\u00e1zalej\u0161\u00ed v\u00fdzdobou interi\u00e9r\u016f. Na t\u00e9 se mimo jin\u00e9 pod\u00edleli v\u00fdznamn\u00ed <strong>mal\u00ed\u0159i Josef M\u00e1nes a Franti\u0161ek \u017den\u00ed\u0161ek<\/strong>. <\/p>\n\t\t\t\t\t\t<\/div>\n\t\t\t\t<\/div>\n\t\t\t\t\t<\/div>\n\t\t<\/div>\n\t\t\t\t\t\t\t<\/div>\n\t\t<\/section>\n\t\t\t\t<section class=\"elementor-section elementor-top-section elementor-element elementor-element-c5f697c elementor-section-boxed elementor-section-height-default elementor-section-height-default\" data-id=\"c5f697c\" data-element_type=\"section\">\n\t\t\t\t\t\t<div class=\"elementor-container elementor-column-gap-default\">\n\t\t\t\t\t<div class=\"elementor-column elementor-col-100 elementor-top-column elementor-element elementor-element-9861d9e\" data-id=\"9861d9e\" data-element_type=\"column\">\n\t\t\t<div class=\"elementor-widget-wrap elementor-element-populated\">\n\t\t\t\t\t\t\t\t<div class=\"elementor-element elementor-element-9d378f9 elementor-widget elementor-widget-heading\" data-id=\"9d378f9\" data-element_type=\"widget\" data-widget_type=\"heading.default\">\n\t\t\t\t<div class=\"elementor-widget-container\">\n\t\t\t<h3 class=\"elementor-heading-title elementor-size-default\">#2 MUZEUM HLAVN\u00cdHO M\u011aSTA PRAHY<\/h3>\t\t<\/div>\n\t\t\t\t<\/div>\n\t\t\t\t\t<\/div>\n\t\t<\/div>\n\t\t\t\t\t\t\t<\/div>\n\t\t<\/section>\n\t\t\t\t<section class=\"elementor-section elementor-top-section elementor-element elementor-element-3c9d9d4 elementor-section-boxed elementor-section-height-default elementor-section-height-default\" data-id=\"3c9d9d4\" data-element_type=\"section\">\n\t\t\t\t\t\t<div class=\"elementor-container elementor-column-gap-default\">\n\t\t\t\t\t<div class=\"elementor-column elementor-col-100 elementor-top-column elementor-element elementor-element-b9d7728\" data-id=\"b9d7728\" data-element_type=\"column\">\n\t\t\t<div class=\"elementor-widget-wrap elementor-element-populated\">\n\t\t\t\t\t\t\t\t<div class=\"elementor-element elementor-element-4f1bad9 elementor-widget elementor-widget-text-editor\" data-id=\"4f1bad9\" data-element_type=\"widget\" data-widget_type=\"text-editor.default\">\n\t\t\t\t<div class=\"elementor-widget-container\">\n\t\t\t\t\t\t\t<p>Muzeum hlavn\u00edho m\u011bsta Prahy z konce 19. stolet\u00ed sk\u00fdt\u00e1 opravdu<strong> velk\u00e9 bohatstv\u00ed sb\u00edrkov\u00fdch p\u0159edm\u011bt\u016f<\/strong>, je\u017e dokonale dokumentuj\u00ed d\u011bjiny hlavn\u00edho m\u011bsta. Jejich po\u010det dokonce p\u0159evy\u0161uje \u010d\u00edslo jeden milion.  <\/p>\n\t\t\t\t\t\t<\/div>\n\t\t\t\t<\/div>\n\t\t\t\t\t<\/div>\n\t\t<\/div>\n\t\t\t\t\t\t\t<\/div>\n\t\t<\/section>\n\t\t\t\t<section class=\"elementor-section elementor-top-section elementor-element elementor-element-1962257 elementor-section-boxed elementor-section-height-default elementor-section-height-default\" data-id=\"1962257\" data-element_type=\"section\">\n\t\t\t\t\t\t<div class=\"elementor-container elementor-column-gap-default\">\n\t\t\t\t\t<div class=\"elementor-column elementor-col-100 elementor-top-column elementor-element elementor-element-782ba5d\" data-id=\"782ba5d\" data-element_type=\"column\">\n\t\t\t<div class=\"elementor-widget-wrap elementor-element-populated\">\n\t\t\t\t\t\t\t\t<div class=\"elementor-element elementor-element-f0c47f4 elementor-widget elementor-widget-heading\" data-id=\"f0c47f4\" data-element_type=\"widget\" data-widget_type=\"heading.default\">\n\t\t\t\t<div class=\"elementor-widget-container\">\n\t\t\t<h4 class=\"elementor-heading-title elementor-size-default\">Veduty pat\u0159\u00ed k nejhodnotn\u011bj\u0161\u00edm klenot\u016fm muzea<\/h4>\t\t<\/div>\n\t\t\t\t<\/div>\n\t\t\t\t\t<\/div>\n\t\t<\/div>\n\t\t\t\t\t\t\t<\/div>\n\t\t<\/section>\n\t\t\t\t<section class=\"elementor-section elementor-top-section elementor-element elementor-element-be7ea19 elementor-section-boxed elementor-section-height-default elementor-section-height-default\" data-id=\"be7ea19\" data-element_type=\"section\">\n\t\t\t\t\t\t<div class=\"elementor-container elementor-column-gap-default\">\n\t\t\t\t\t<div class=\"elementor-column elementor-col-100 elementor-top-column elementor-element elementor-element-de930e3\" data-id=\"de930e3\" data-element_type=\"column\">\n\t\t\t<div class=\"elementor-widget-wrap elementor-element-populated\">\n\t\t\t\t\t\t\t\t<div class=\"elementor-element elementor-element-d821f80 elementor-widget elementor-widget-text-editor\" data-id=\"d821f80\" data-element_type=\"widget\" data-widget_type=\"text-editor.default\">\n\t\t\t\t<div class=\"elementor-widget-container\">\n\t\t\t\t\t\t\t<p>Po\u010detn\u011b nejrozs\u00e1hlej\u0161\u00ed \u010d\u00e1st muzea tvo\u0159\u00ed sb\u00edrky archeologick\u00e9, rozs\u00e1hl\u00e1 je v\u0161ak i sb\u00edrka grafiky, jej\u00ed\u017e nejhodnotn\u011bj\u0161\u00ed \u010d\u00e1st tvo\u0159\u00ed <strong>veduty \u2013 tedy pohledy na Prahu a jej\u00ed okol\u00ed \u2013 zn\u00e1zor\u0148uj\u00edc\u00ed prom\u011bnu m\u011bsta od 15. do 20. stolet\u00ed  <\/strong>. Za zm\u00ednku stoj\u00ed tak\u00e9 sb\u00edrky tisk\u016f, obraz\u016f, plastiky a medail\u00ed a v neposledn\u00ed \u0159ad\u011b kolekce ter\u010d\u016f pra\u017esk\u00fdch ostrost\u0159elc\u016f. <\/p>\n\t\t\t\t\t\t<\/div>\n\t\t\t\t<\/div>\n\t\t\t\t\t<\/div>\n\t\t<\/div>\n\t\t\t\t\t\t\t<\/div>\n\t\t<\/section>\n\t\t\t\t<section class=\"elementor-section elementor-top-section elementor-element elementor-element-f2fa1ca elementor-section-boxed elementor-section-height-default elementor-section-height-default\" data-id=\"f2fa1ca\" data-element_type=\"section\">\n\t\t\t\t\t\t<div class=\"elementor-container elementor-column-gap-default\">\n\t\t\t\t\t<div class=\"elementor-column elementor-col-100 elementor-top-column elementor-element elementor-element-5264556\" data-id=\"5264556\" data-element_type=\"column\">\n\t\t\t<div class=\"elementor-widget-wrap elementor-element-populated\">\n\t\t\t\t\t\t\t\t<div class=\"elementor-element elementor-element-311cc83 elementor-widget elementor-widget-image\" data-id=\"311cc83\" data-element_type=\"widget\" data-widget_type=\"image.default\">\n\t\t\t\t<div class=\"elementor-widget-container\">\n\t\t\t\t\t\t\t\t\t\t\t\t\t\t\t<img loading=\"lazy\" decoding=\"async\" width=\"1920\" height=\"580\" src=\"https:\/\/beta.acordinvest.cz\/wp-content\/uploads\/2023\/01\/praha-kolem-1650.jpg\" class=\"attachment-full size-full wp-image-1428\" alt=\"\" srcset=\"https:\/\/beta.acordinvest.cz\/wp-content\/uploads\/2023\/01\/praha-kolem-1650.jpg 1920w, https:\/\/beta.acordinvest.cz\/wp-content\/uploads\/2023\/01\/praha-kolem-1650-300x91.jpg 300w, https:\/\/beta.acordinvest.cz\/wp-content\/uploads\/2023\/01\/praha-kolem-1650-1024x309.jpg 1024w, https:\/\/beta.acordinvest.cz\/wp-content\/uploads\/2023\/01\/praha-kolem-1650-768x232.jpg 768w, https:\/\/beta.acordinvest.cz\/wp-content\/uploads\/2023\/01\/praha-kolem-1650-1536x464.jpg 1536w\" sizes=\"auto, (max-width: 1920px) 100vw, 1920px\" \/>\t\t\t\t\t\t\t\t\t\t\t\t\t\t\t<\/div>\n\t\t\t\t<\/div>\n\t\t\t\t\t<\/div>\n\t\t<\/div>\n\t\t\t\t\t\t\t<\/div>\n\t\t<\/section>\n\t\t\t\t<section class=\"elementor-section elementor-top-section elementor-element elementor-element-43525b1 elementor-section-boxed elementor-section-height-default elementor-section-height-default\" data-id=\"43525b1\" data-element_type=\"section\">\n\t\t\t\t\t\t<div class=\"elementor-container elementor-column-gap-default\">\n\t\t\t\t\t<div class=\"elementor-column elementor-col-100 elementor-top-column elementor-element elementor-element-e0817d7\" data-id=\"e0817d7\" data-element_type=\"column\">\n\t\t\t<div class=\"elementor-widget-wrap elementor-element-populated\">\n\t\t\t\t\t\t\t\t<div class=\"elementor-element elementor-element-c7de0b0 elementor-widget elementor-widget-text-editor\" data-id=\"c7de0b0\" data-element_type=\"widget\" data-widget_type=\"text-editor.default\">\n\t\t\t\t<div class=\"elementor-widget-container\">\n\t\t\t\t\t\t\t<p>Muzeum nab\u00edz\u00ed jednak celou \u0159adu st\u00e1l\u00fdch expozic, jednak \u010dasov\u011b omezen\u00e9 v\u00fdstavy. My\u0161leno je p\u0159itom tak\u00e9 na d\u011bti a nevidom\u00e9 n\u00e1v\u0161t\u011bvn\u00edky. <\/p>\n\t\t\t\t\t\t<\/div>\n\t\t\t\t<\/div>\n\t\t\t\t\t<\/div>\n\t\t<\/div>\n\t\t\t\t\t\t\t<\/div>\n\t\t<\/section>\n\t\t\t\t<section class=\"elementor-section elementor-top-section elementor-element elementor-element-e4d81bf elementor-section-boxed elementor-section-height-default elementor-section-height-default\" data-id=\"e4d81bf\" data-element_type=\"section\">\n\t\t\t\t\t\t<div class=\"elementor-container elementor-column-gap-default\">\n\t\t\t\t\t<div class=\"elementor-column elementor-col-100 elementor-top-column elementor-element elementor-element-7352117\" data-id=\"7352117\" data-element_type=\"column\">\n\t\t\t<div class=\"elementor-widget-wrap elementor-element-populated\">\n\t\t\t\t\t\t\t\t<div class=\"elementor-element elementor-element-69192e1 elementor-widget elementor-widget-heading\" data-id=\"69192e1\" data-element_type=\"widget\" data-widget_type=\"heading.default\">\n\t\t\t\t<div class=\"elementor-widget-container\">\n\t\t\t<h3 class=\"elementor-heading-title elementor-size-default\">#3 NEGRELLIHO VIADUKT<\/h3>\t\t<\/div>\n\t\t\t\t<\/div>\n\t\t\t\t\t<\/div>\n\t\t<\/div>\n\t\t\t\t\t\t\t<\/div>\n\t\t<\/section>\n\t\t\t\t<section class=\"elementor-section elementor-top-section elementor-element elementor-element-66b2a10 elementor-section-boxed elementor-section-height-default elementor-section-height-default\" data-id=\"66b2a10\" data-element_type=\"section\">\n\t\t\t\t\t\t<div class=\"elementor-container elementor-column-gap-default\">\n\t\t\t\t\t<div class=\"elementor-column elementor-col-100 elementor-top-column elementor-element elementor-element-e2b0e49\" data-id=\"e2b0e49\" data-element_type=\"column\">\n\t\t\t<div class=\"elementor-widget-wrap elementor-element-populated\">\n\t\t\t\t\t\t\t\t<div class=\"elementor-element elementor-element-3c33418 elementor-widget elementor-widget-text-editor\" data-id=\"3c33418\" data-element_type=\"widget\" data-widget_type=\"text-editor.default\">\n\t\t\t\t<div class=\"elementor-widget-container\">\n\t\t\t\t\t\t\t<p><strong>Negrelliho viadukt je nejdel\u0161\u00ed \u017eelezni\u010dn\u00ed most v \u010cesk\u00e9 republice a po Karlov\u011b most\u011b druh\u00fd nejstar\u0161\u00ed v Praze<\/strong>. Budov\u00e1n byl v letech 1846-1850. V pr\u016fb\u011bhu let doch\u00e1zelo k r\u016fzn\u00fdm \u00faprav\u00e1m a oprav\u00e1m, a v letech <strong>2017-2020 pro\u0161el most n\u00e1ro\u010dnou rekonstrukc\u00ed<\/strong>. Nicm\u00e9n\u011b, ani ta nepomohla k tomu, aby Pra\u017ean\u00e9 Negrelliho viadukt nevn\u00edmali jako ohyzdnou a nep\u0159\u00edjemnou stavbu komplikuj\u00edc\u00ed dopravu.   <\/p>\n\t\t\t\t\t\t<\/div>\n\t\t\t\t<\/div>\n\t\t\t\t\t<\/div>\n\t\t<\/div>\n\t\t\t\t\t\t\t<\/div>\n\t\t<\/section>\n\t\t\t\t<section class=\"elementor-section elementor-top-section elementor-element elementor-element-040acca elementor-section-boxed elementor-section-height-default elementor-section-height-default\" data-id=\"040acca\" data-element_type=\"section\">\n\t\t\t\t\t\t<div class=\"elementor-container elementor-column-gap-default\">\n\t\t\t\t\t<div class=\"elementor-column elementor-col-100 elementor-top-column elementor-element elementor-element-04734fb\" data-id=\"04734fb\" data-element_type=\"column\">\n\t\t\t<div class=\"elementor-widget-wrap elementor-element-populated\">\n\t\t\t\t\t\t\t\t<div class=\"elementor-element elementor-element-c461efb elementor-widget elementor-widget-heading\" data-id=\"c461efb\" data-element_type=\"widget\" data-widget_type=\"heading.default\">\n\t\t\t\t<div class=\"elementor-widget-container\">\n\t\t\t<h4 class=\"elementor-heading-title elementor-size-default\">Most, kter\u00fd je v o\u010d\u00edch lid\u00ed jaksi nedocen\u011bn<\/h4>\t\t<\/div>\n\t\t\t\t<\/div>\n\t\t\t\t\t<\/div>\n\t\t<\/div>\n\t\t\t\t\t\t\t<\/div>\n\t\t<\/section>\n\t\t\t\t<section class=\"elementor-section elementor-top-section elementor-element elementor-element-ef9f1ba elementor-section-boxed elementor-section-height-default elementor-section-height-default\" data-id=\"ef9f1ba\" data-element_type=\"section\">\n\t\t\t\t\t\t<div class=\"elementor-container elementor-column-gap-default\">\n\t\t\t\t\t<div class=\"elementor-column elementor-col-100 elementor-top-column elementor-element elementor-element-c1fab98\" data-id=\"c1fab98\" data-element_type=\"column\">\n\t\t\t<div class=\"elementor-widget-wrap elementor-element-populated\">\n\t\t\t\t\t\t\t\t<div class=\"elementor-element elementor-element-877e547 elementor-widget elementor-widget-text-editor\" data-id=\"877e547\" data-element_type=\"widget\" data-widget_type=\"text-editor.default\">\n\t\t\t\t<div class=\"elementor-widget-container\">\n\t\t\t\t\t\t\t<p><strong>Jako dopravn\u00ed a estetick\u00e1 p\u0159ek\u00e1\u017eka byl most vn\u00edm\u00e1m ji\u017e koncem 19. stolet\u00ed <\/strong>, kdy se hovo\u0159ilo o tom, \u017ee cel\u00e1 trasa m\u011bla b\u00fdt vedena v\u00edce na v\u00fdchod. Av\u0161ak vzhledem k tomu, \u017ee v tehdej\u0161\u00ed dob\u011b byly levn\u00e9 venkovsk\u00e9 pozemky, nab\u00edzelo se pro vybudov\u00e1n\u00ed \u017eeleznice pr\u00e1v\u011b toto m\u00edsto. <\/p>\n<p>V nelibosti Pra\u017ean\u016f se ocitl tak\u00e9 kv\u016fli p\u0159ehnan\u00fdm snah\u00e1m o vyu\u017eit\u00ed prostor pod klenbami pro v\u00fdrobn\u00ed a skladi\u0161tn\u00ed \u00fa\u010dely, kter\u00e9 m\u00edsto zne\u010di\u0161\u0165uj\u00ed a znehodnocuj\u00ed. N\u00e1sledkem toho si jen velice m\u00e1lo obyvatel hlavn\u00edho m\u011bsta uv\u011bdomuje st\u00e1\u0159\u00ed t\u00e9to stavby a jej\u00ed skute\u010dnou kr\u00e1su. <\/p>\n\t\t\t\t\t\t<\/div>\n\t\t\t\t<\/div>\n\t\t\t\t\t<\/div>\n\t\t<\/div>\n\t\t\t\t\t\t\t<\/div>\n\t\t<\/section>\n\t\t\t\t<section class=\"elementor-section elementor-top-section elementor-element elementor-element-65b7a0e elementor-section-boxed elementor-section-height-default elementor-section-height-default\" data-id=\"65b7a0e\" data-element_type=\"section\">\n\t\t\t\t\t\t<div class=\"elementor-container elementor-column-gap-default\">\n\t\t\t\t\t<div class=\"elementor-column elementor-col-100 elementor-top-column elementor-element elementor-element-957ce8a\" data-id=\"957ce8a\" data-element_type=\"column\">\n\t\t\t<div class=\"elementor-widget-wrap elementor-element-populated\">\n\t\t\t\t\t\t\t\t<div class=\"elementor-element elementor-element-b66e340 elementor-widget elementor-widget-heading\" data-id=\"b66e340\" data-element_type=\"widget\" data-widget_type=\"heading.default\">\n\t\t\t\t<div class=\"elementor-widget-container\">\n\t\t\t<h3 class=\"elementor-heading-title elementor-size-default\">#4 BUDOVA INVALIDOVNY<\/h3>\t\t<\/div>\n\t\t\t\t<\/div>\n\t\t\t\t\t<\/div>\n\t\t<\/div>\n\t\t\t\t\t\t\t<\/div>\n\t\t<\/section>\n\t\t\t\t<section class=\"elementor-section elementor-top-section elementor-element elementor-element-164b56c elementor-section-boxed elementor-section-height-default elementor-section-height-default\" data-id=\"164b56c\" data-element_type=\"section\">\n\t\t\t\t\t\t<div class=\"elementor-container elementor-column-gap-default\">\n\t\t\t\t\t<div class=\"elementor-column elementor-col-100 elementor-top-column elementor-element elementor-element-137e8d8\" data-id=\"137e8d8\" data-element_type=\"column\">\n\t\t\t<div class=\"elementor-widget-wrap elementor-element-populated\">\n\t\t\t\t\t\t\t\t<div class=\"elementor-element elementor-element-f504e09 elementor-widget elementor-widget-text-editor\" data-id=\"f504e09\" data-element_type=\"widget\" data-widget_type=\"text-editor.default\">\n\t\t\t\t<div class=\"elementor-widget-container\">\n\t\t\t\t\t\t\t<p>Na Praze 1 je k vid\u011bn\u00ed (a pro n\u011bkoho k nav\u0161t\u00edven\u00ed) Staronov\u00e1 synagoga, kter\u00e1 je mimochodem <strong>jednou z nejstar\u0161\u00edch Evrop\u011b<\/strong>. Vznikla pravd\u011bpodobn\u011b ve 2. polovin\u011b 13. stolet\u00ed, a je\u0161t\u011b st\u00e1le slou\u017e\u00ed sv\u00e9mu p\u016fvodn\u00edmu \u00fa\u010delu. Synagoga se postupem \u010dasu stala centrem \u017didovsk\u00e9ho m\u011bsta. A tak\u00e9 o n\u00ed koluje cel\u00e1 \u0159ada pov\u011bst\u00ed \u2013 nap\u0159\u00edklad ta, \u017ee kameny k zalo\u017een\u00ed synagogy sem p\u0159inesli and\u011bl\u00e9 a\u017e z Jeruzal\u00e9ma.     <\/p>\n\t\t\t\t\t\t<\/div>\n\t\t\t\t<\/div>\n\t\t\t\t\t<\/div>\n\t\t<\/div>\n\t\t\t\t\t\t\t<\/div>\n\t\t<\/section>\n\t\t\t\t<section class=\"elementor-section elementor-top-section elementor-element elementor-element-13af985 elementor-section-boxed elementor-section-height-default elementor-section-height-default\" data-id=\"13af985\" data-element_type=\"section\">\n\t\t\t\t\t\t<div class=\"elementor-container elementor-column-gap-default\">\n\t\t\t\t\t<div class=\"elementor-column elementor-col-100 elementor-top-column elementor-element elementor-element-a2bb85a\" data-id=\"a2bb85a\" data-element_type=\"column\">\n\t\t\t<div class=\"elementor-widget-wrap elementor-element-populated\">\n\t\t\t\t\t\t\t\t<div class=\"elementor-element elementor-element-d8e5ba6 elementor-widget elementor-widget-heading\" data-id=\"d8e5ba6\" data-element_type=\"widget\" data-widget_type=\"heading.default\">\n\t\t\t\t<div class=\"elementor-widget-container\">\n\t\t\t<h4 class=\"elementor-heading-title elementor-size-default\">Most, kter\u00fd je v o\u010d\u00edch lid\u00ed jaksi nedocen\u011bn<\/h4>\t\t<\/div>\n\t\t\t\t<\/div>\n\t\t\t\t\t<\/div>\n\t\t<\/div>\n\t\t\t\t\t\t\t<\/div>\n\t\t<\/section>\n\t\t\t\t<section class=\"elementor-section elementor-top-section elementor-element elementor-element-68a388d elementor-section-boxed elementor-section-height-default elementor-section-height-default\" data-id=\"68a388d\" data-element_type=\"section\">\n\t\t\t\t\t\t<div class=\"elementor-container elementor-column-gap-default\">\n\t\t\t\t\t<div class=\"elementor-column elementor-col-100 elementor-top-column elementor-element elementor-element-c3b627d\" data-id=\"c3b627d\" data-element_type=\"column\">\n\t\t\t<div class=\"elementor-widget-wrap elementor-element-populated\">\n\t\t\t\t\t\t\t\t<div class=\"elementor-element elementor-element-5c113e7 elementor-widget elementor-widget-text-editor\" data-id=\"5c113e7\" data-element_type=\"widget\" data-widget_type=\"text-editor.default\">\n\t\t\t\t<div class=\"elementor-widget-container\">\n\t\t\t\t\t\t\t<p><strong>Jako dopravn\u00ed a estetick\u00e1 p\u0159ek\u00e1\u017eka byl most vn\u00edm\u00e1m ji\u017e koncem 19. stolet\u00ed <\/strong>, kdy se hovo\u0159ilo o tom, \u017ee cel\u00e1 trasa m\u011bla b\u00fdt vedena v\u00edce na v\u00fdchod. Av\u0161ak vzhledem k tomu, \u017ee v tehdej\u0161\u00ed dob\u011b byly levn\u00e9 venkovsk\u00e9 pozemky, nab\u00edzelo se pro vybudov\u00e1n\u00ed \u017eeleznice pr\u00e1v\u011b toto m\u00edsto. <\/p>\n<p>V nelibosti Pra\u017ean\u016f se ocitl tak\u00e9 kv\u016fli p\u0159ehnan\u00fdm snah\u00e1m o vyu\u017eit\u00ed prostor pod klenbami pro v\u00fdrobn\u00ed a skladi\u0161tn\u00ed \u00fa\u010dely, kter\u00e9 m\u00edsto zne\u010di\u0161\u0165uj\u00ed a znehodnocuj\u00ed. N\u00e1sledkem toho si jen velice m\u00e1lo obyvatel hlavn\u00edho m\u011bsta uv\u011bdomuje st\u00e1\u0159\u00ed t\u00e9to stavby a jej\u00ed skute\u010dnou kr\u00e1su. <\/p>\n\t\t\t\t\t\t<\/div>\n\t\t\t\t<\/div>\n\t\t\t\t\t<\/div>\n\t\t<\/div>\n\t\t\t\t\t\t\t<\/div>\n\t\t<\/section>\n\t\t\t\t<section class=\"elementor-section elementor-top-section elementor-element elementor-element-d698bc5 elementor-section-boxed elementor-section-height-default elementor-section-height-default\" data-id=\"d698bc5\" data-element_type=\"section\">\n\t\t\t\t\t\t<div class=\"elementor-container elementor-column-gap-default\">\n\t\t\t\t\t<div class=\"elementor-column elementor-col-100 elementor-top-column elementor-element elementor-element-5ec78f8\" data-id=\"5ec78f8\" data-element_type=\"column\">\n\t\t\t<div class=\"elementor-widget-wrap elementor-element-populated\">\n\t\t\t\t\t\t\t\t<div class=\"elementor-element elementor-element-f92d5fd elementor-widget elementor-widget-heading\" data-id=\"f92d5fd\" data-element_type=\"widget\" data-widget_type=\"heading.default\">\n\t\t\t\t<div class=\"elementor-widget-container\">\n\t\t\t<h3 class=\"elementor-heading-title elementor-size-default\">#4 BUDOVA INVALIDOVNY<\/h3>\t\t<\/div>\n\t\t\t\t<\/div>\n\t\t\t\t\t<\/div>\n\t\t<\/div>\n\t\t\t\t\t\t\t<\/div>\n\t\t<\/section>\n\t\t\t\t<section class=\"elementor-section elementor-top-section elementor-element elementor-element-ed229d5 elementor-section-boxed elementor-section-height-default elementor-section-height-default\" data-id=\"ed229d5\" data-element_type=\"section\">\n\t\t\t\t\t\t<div class=\"elementor-container elementor-column-gap-default\">\n\t\t\t\t\t<div class=\"elementor-column elementor-col-100 elementor-top-column elementor-element elementor-element-0371955\" data-id=\"0371955\" data-element_type=\"column\">\n\t\t\t<div class=\"elementor-widget-wrap elementor-element-populated\">\n\t\t\t\t\t\t\t\t<div class=\"elementor-element elementor-element-878326e elementor-widget elementor-widget-text-editor\" data-id=\"878326e\" data-element_type=\"widget\" data-widget_type=\"text-editor.default\">\n\t\t\t\t<div class=\"elementor-widget-container\">\n\t\t\t\t\t\t\t<p><strong>Invalidovna v Karl\u00edn\u011b pat\u0159\u00ed mezi jednu z nejstar\u0161\u00edch staveb cel\u00e9 t\u00e9to m\u011bstsk\u00e9 \u010d\u00e1sti<\/strong>. Vznikala mezi lety 1731-1737 a m\u011bla <strong>slou\u017eit jako \u00fatulek pro v\u00e1le\u010dn\u00e9 veter\u00e1ny<\/strong>, kte\u0159\u00ed by jinak skon\u010dili ve starobinc\u00edch nebo by museli \u017eebrat. <\/p>\n<p>Se stavbou za\u010dal hrab\u011b Petr Strozzi, kter\u00fd si jako voj\u00e1k s\u00e1m n\u011bkolikr\u00e1t vyzkou\u0161el bezmoc ran\u011bn\u00e9ho. <strong>Nechal se p\u0159itom inspirovat francouzsk\u00fdm kr\u00e1lem Ludv\u00edkem XIV<\/strong>., neboli Kr\u00e1lem Slunce, kter\u00fd nechal v Pa\u0159\u00ed\u017ei postavit prvn\u00ed vojenskou invalidovnu.<\/p>\n\t\t\t\t\t\t<\/div>\n\t\t\t\t<\/div>\n\t\t\t\t\t<\/div>\n\t\t<\/div>\n\t\t\t\t\t\t\t<\/div>\n\t\t<\/section>\n\t\t\t\t<section class=\"elementor-section elementor-top-section elementor-element elementor-element-d4bed35 elementor-section-boxed elementor-section-height-default elementor-section-height-default\" data-id=\"d4bed35\" data-element_type=\"section\">\n\t\t\t\t\t\t<div class=\"elementor-container elementor-column-gap-default\">\n\t\t\t\t\t<div class=\"elementor-column elementor-col-100 elementor-top-column elementor-element elementor-element-5c16413\" data-id=\"5c16413\" data-element_type=\"column\">\n\t\t\t<div class=\"elementor-widget-wrap elementor-element-populated\">\n\t\t\t\t\t\t\t\t<div class=\"elementor-element elementor-element-117de01 elementor-widget elementor-widget-image\" data-id=\"117de01\" data-element_type=\"widget\" data-widget_type=\"image.default\">\n\t\t\t\t<div class=\"elementor-widget-container\">\n\t\t\t\t\t\t\t\t\t\t\t\t\t\t\t<img loading=\"lazy\" decoding=\"async\" width=\"800\" height=\"547\" src=\"https:\/\/beta.acordinvest.cz\/wp-content\/uploads\/2023\/01\/socha-ludvika-xiv.png\" class=\"attachment-full size-full wp-image-1429\" alt=\"\" srcset=\"https:\/\/beta.acordinvest.cz\/wp-content\/uploads\/2023\/01\/socha-ludvika-xiv.png 800w, https:\/\/beta.acordinvest.cz\/wp-content\/uploads\/2023\/01\/socha-ludvika-xiv-300x205.png 300w, https:\/\/beta.acordinvest.cz\/wp-content\/uploads\/2023\/01\/socha-ludvika-xiv-768x525.png 768w\" sizes=\"auto, (max-width: 800px) 100vw, 800px\" \/>\t\t\t\t\t\t\t\t\t\t\t\t\t\t\t<\/div>\n\t\t\t\t<\/div>\n\t\t\t\t\t<\/div>\n\t\t<\/div>\n\t\t\t\t\t\t\t<\/div>\n\t\t<\/section>\n\t\t\t\t<section class=\"elementor-section elementor-top-section elementor-element elementor-element-a762986 elementor-section-boxed elementor-section-height-default elementor-section-height-default\" data-id=\"a762986\" data-element_type=\"section\">\n\t\t\t\t\t\t<div class=\"elementor-container elementor-column-gap-default\">\n\t\t\t\t\t<div class=\"elementor-column elementor-col-100 elementor-top-column elementor-element elementor-element-9bb9983\" data-id=\"9bb9983\" data-element_type=\"column\">\n\t\t\t<div class=\"elementor-widget-wrap elementor-element-populated\">\n\t\t\t\t\t\t\t\t<div class=\"elementor-element elementor-element-4ac8cf2 elementor-widget elementor-widget-text-editor\" data-id=\"4ac8cf2\" data-element_type=\"widget\" data-widget_type=\"text-editor.default\">\n\t\t\t\t<div class=\"elementor-widget-container\">\n\t\t\t\t\t\t\t<p><strong>Projekt byl p\u016fvodn\u011b pl\u00e1nov\u00e1n pro 4 000 invalid\u016f s rodinami<\/strong>, spr\u00e1vu \u00fastavu a pomocn\u00fd person\u00e1l. V roce 1737 v\u0161ak byla z d\u016fvodu nedostatku finan\u010dn\u00edch prost\u0159edk\u016f hotova zhruba dev\u00edtina projektu. Sou\u010d\u00e1st\u00ed budov p\u0159itom m\u011bly b\u00fdt \u2013 mimo jin\u00e9 \u2013 i slavnostn\u00ed s\u00e1ly, refekt\u00e1\u0159e, d\u00edlny, kr\u00e1mky, kuchyn\u011b, um\u00fdv\u00e1rny, \u0161kola, nemocnice \u010di v\u011bzen\u00ed.  <\/p>\n<p><strong>Nakonec do\u0161lo pouze k \u00faprav\u011b stoj\u00edc\u00ed \u010d\u00e1sti Invalidovny<\/strong>, aby alespo\u0148 v men\u0161\u00edm m\u011b\u0159\u00edtku mohla zast\u00e1vat funkci cel\u00e9ho komplexu. V roce 1925 bylo v \u010d\u00e1sti budovy z\u0159\u00edzeno vojensk\u00e9 muzeum a mezi lety 1933-1934 byla pro invalidy postavena nov\u00e1 invalidovna v Ho\u0159ic\u00edch v Podkrkono\u0161\u00ed. <\/p>\n\t\t\t\t\t\t<\/div>\n\t\t\t\t<\/div>\n\t\t\t\t\t<\/div>\n\t\t<\/div>\n\t\t\t\t\t\t\t<\/div>\n\t\t<\/section>\n\t\t\t\t<section class=\"elementor-section elementor-top-section elementor-element elementor-element-7182846 elementor-section-boxed elementor-section-height-default elementor-section-height-default\" data-id=\"7182846\" data-element_type=\"section\">\n\t\t\t\t\t\t<div class=\"elementor-container elementor-column-gap-default\">\n\t\t\t\t\t<div class=\"elementor-column elementor-col-100 elementor-top-column elementor-element elementor-element-f43293f\" data-id=\"f43293f\" data-element_type=\"column\">\n\t\t\t<div class=\"elementor-widget-wrap elementor-element-populated\">\n\t\t\t\t\t\t\t\t<div class=\"elementor-element elementor-element-0bb5d27 elementor-widget elementor-widget-heading\" data-id=\"0bb5d27\" data-element_type=\"widget\" data-widget_type=\"heading.default\">\n\t\t\t\t<div class=\"elementor-widget-container\">\n\t\t\t<h4 class=\"elementor-heading-title elementor-size-default\">Jak\u00fd je aktu\u00e1ln\u00ed stav?<\/h4>\t\t<\/div>\n\t\t\t\t<\/div>\n\t\t\t\t\t<\/div>\n\t\t<\/div>\n\t\t\t\t\t\t\t<\/div>\n\t\t<\/section>\n\t\t\t\t<section class=\"elementor-section elementor-top-section elementor-element elementor-element-2d2182a elementor-section-boxed elementor-section-height-default elementor-section-height-default\" data-id=\"2d2182a\" data-element_type=\"section\">\n\t\t\t\t\t\t<div class=\"elementor-container elementor-column-gap-default\">\n\t\t\t\t\t<div class=\"elementor-column elementor-col-100 elementor-top-column elementor-element elementor-element-fd3811f\" data-id=\"fd3811f\" data-element_type=\"column\">\n\t\t\t<div class=\"elementor-widget-wrap elementor-element-populated\">\n\t\t\t\t\t\t\t\t<div class=\"elementor-element elementor-element-f3e60ba elementor-widget elementor-widget-text-editor\" data-id=\"f3e60ba\" data-element_type=\"widget\" data-widget_type=\"text-editor.default\">\n\t\t\t\t<div class=\"elementor-widget-container\">\n\t\t\t\t\t\t\t<p><strong>V sou\u010dasn\u00e9 dob\u011b je budova Invalidovny ve \u0161patn\u00e9m technick\u00e9m stavu<\/strong>, na jeho\u017e n\u00e1prav\u011b v\u0161ak ji\u017e pracuje N\u00e1rodn\u00ed pam\u00e1tkov\u00fd \u00fastav, kter\u00fd budovu z\u00edskal v roce 2018. Sou\u010d\u00e1st\u00ed Invalidovny by mimo jin\u00e9 m\u011bly b\u00fdt expozice v\u011bnovan\u00e9 historii objektu \u010di eduka\u010dn\u00ed centrum. <\/p>\n\t\t\t\t\t\t<\/div>\n\t\t\t\t<\/div>\n\t\t\t\t\t<\/div>\n\t\t<\/div>\n\t\t\t\t\t\t\t<\/div>\n\t\t<\/section>\n\t\t\t\t<section class=\"elementor-section elementor-top-section elementor-element elementor-element-56144ec elementor-section-boxed elementor-section-height-default elementor-section-height-default\" data-id=\"56144ec\" data-element_type=\"section\">\n\t\t\t\t\t\t<div class=\"elementor-container elementor-column-gap-default\">\n\t\t\t\t\t<div class=\"elementor-column elementor-col-100 elementor-top-column elementor-element elementor-element-b4576c7\" data-id=\"b4576c7\" data-element_type=\"column\">\n\t\t\t<div class=\"elementor-widget-wrap elementor-element-populated\">\n\t\t\t\t\t\t\t\t<div class=\"elementor-element elementor-element-8f292e1 elementor-widget elementor-widget-heading\" data-id=\"8f292e1\" data-element_type=\"widget\" data-widget_type=\"heading.default\">\n\t\t\t\t<div class=\"elementor-widget-container\">\n\t\t\t<h3 class=\"elementor-heading-title elementor-size-default\">#5 DANUBE HOUSE<\/h3>\t\t<\/div>\n\t\t\t\t<\/div>\n\t\t\t\t\t<\/div>\n\t\t<\/div>\n\t\t\t\t\t\t\t<\/div>\n\t\t<\/section>\n\t\t\t\t<section class=\"elementor-section elementor-top-section elementor-element elementor-element-0d3614c elementor-section-boxed elementor-section-height-default elementor-section-height-default\" data-id=\"0d3614c\" data-element_type=\"section\">\n\t\t\t\t\t\t<div class=\"elementor-container elementor-column-gap-default\">\n\t\t\t\t\t<div class=\"elementor-column elementor-col-100 elementor-top-column elementor-element elementor-element-cbce98f\" data-id=\"cbce98f\" data-element_type=\"column\">\n\t\t\t<div class=\"elementor-widget-wrap elementor-element-populated\">\n\t\t\t\t\t\t\t\t<div class=\"elementor-element elementor-element-aa67a0d elementor-widget elementor-widget-text-editor\" data-id=\"aa67a0d\" data-element_type=\"widget\" data-widget_type=\"text-editor.default\">\n\t\t\t\t<div class=\"elementor-widget-container\">\n\t\t\t\t\t\t\t<p>Na karl\u00ednsk\u00e9m Rohansk\u00e9m ostrov\u011b je k vid\u011bn\u00ed n\u011bkolik budov nesouc\u00edch jm\u00e9no po sv\u011btov\u00fdch veletoc\u00edch. Jednu z nich p\u0159edstavuje administrativn\u00ed budova <strong>Danube House pojmenov\u00e1na po \u0159ece Dunaj<\/strong>. V\u00fdstavba prob\u00edhala v letech 2001-2003 a za jej\u00edm n\u00e1vrhem stoj\u00ed americk\u00fd ateli\u00e9r KPF, kter\u00fd mimo jin\u00e9 navrhoval budovu World Financial Center v \u0160anghaji.  <\/p>\n\t\t\t\t\t\t<\/div>\n\t\t\t\t<\/div>\n\t\t\t\t\t<\/div>\n\t\t<\/div>\n\t\t\t\t\t\t\t<\/div>\n\t\t<\/section>\n\t\t\t\t<section class=\"elementor-section elementor-top-section elementor-element elementor-element-d017734 elementor-section-boxed elementor-section-height-default elementor-section-height-default\" data-id=\"d017734\" data-element_type=\"section\">\n\t\t\t\t\t\t<div class=\"elementor-container elementor-column-gap-default\">\n\t\t\t\t\t<div class=\"elementor-column elementor-col-100 elementor-top-column elementor-element elementor-element-9a55173\" data-id=\"9a55173\" data-element_type=\"column\">\n\t\t\t<div class=\"elementor-widget-wrap elementor-element-populated\">\n\t\t\t\t\t\t\t\t<div class=\"elementor-element elementor-element-f99d860 elementor-widget elementor-widget-heading\" data-id=\"f99d860\" data-element_type=\"widget\" data-widget_type=\"heading.default\">\n\t\t\t\t<div class=\"elementor-widget-container\">\n\t\t\t<h3 class=\"elementor-heading-title elementor-size-default\">Tvar budovy<\/h3>\t\t<\/div>\n\t\t\t\t<\/div>\n\t\t\t\t\t<\/div>\n\t\t<\/div>\n\t\t\t\t\t\t\t<\/div>\n\t\t<\/section>\n\t\t\t\t<section class=\"elementor-section elementor-top-section elementor-element elementor-element-ab003bb elementor-section-boxed elementor-section-height-default elementor-section-height-default\" data-id=\"ab003bb\" data-element_type=\"section\">\n\t\t\t\t\t\t<div class=\"elementor-container elementor-column-gap-default\">\n\t\t\t\t\t<div class=\"elementor-column elementor-col-100 elementor-top-column elementor-element elementor-element-4b2f6bf\" data-id=\"4b2f6bf\" data-element_type=\"column\">\n\t\t\t<div class=\"elementor-widget-wrap elementor-element-populated\">\n\t\t\t\t\t\t\t\t<div class=\"elementor-element elementor-element-700c5c5 elementor-widget elementor-widget-text-editor\" data-id=\"700c5c5\" data-element_type=\"widget\" data-widget_type=\"text-editor.default\">\n\t\t\t\t<div class=\"elementor-widget-container\">\n\t\t\t\t\t\t\t<p><strong>Cel\u00e1 budova m\u00e1 tvar lodi a m\u00e1 slou\u017eit jako p\u0159ipom\u00ednka hlavn\u00edho pra\u017esk\u00e9ho p\u0159\u00edstavu<\/strong>, kter\u00fd na tomto m\u00edst\u011b p\u016fvodn\u011b st\u00e1l. Jej\u00ed p\u0159\u00ed\u010f m\u00ed\u0159\u00ed na ji\u017e zm\u00edn\u011bn\u00fd Negrelliho viadukt. Na severn\u00ed a v\u00fdchodn\u00ed stran\u011b stavby se nach\u00e1zej\u00ed kancel\u00e1\u0159e, kter\u00e9 jsou se zbytkem budovy propojeny prosklenou fas\u00e1dou monument\u00e1ln\u00edho atria. To je p\u0159\u00edstupn\u00e9 i ve\u0159ejnosti a nach\u00e1z\u00ed se zde \u0159ada obchod\u016f, restaurac\u00ed a kav\u00e1ren.   <\/p>\n\t\t\t\t\t\t<\/div>\n\t\t\t\t<\/div>\n\t\t\t\t\t<\/div>\n\t\t<\/div>\n\t\t\t\t\t\t\t<\/div>\n\t\t<\/section>\n\t\t\t\t<section class=\"elementor-section elementor-top-section elementor-element elementor-element-18172f4 elementor-section-boxed elementor-section-height-default elementor-section-height-default\" data-id=\"18172f4\" data-element_type=\"section\">\n\t\t\t\t\t\t<div class=\"elementor-container elementor-column-gap-default\">\n\t\t\t\t\t<div class=\"elementor-column elementor-col-100 elementor-top-column elementor-element elementor-element-fbe4b3a\" data-id=\"fbe4b3a\" data-element_type=\"column\">\n\t\t\t<div class=\"elementor-widget-wrap elementor-element-populated\">\n\t\t\t\t\t\t\t\t<div class=\"elementor-element elementor-element-ad4bd4e elementor-widget elementor-widget-heading\" data-id=\"ad4bd4e\" data-element_type=\"widget\" data-widget_type=\"heading.default\">\n\t\t\t\t<div class=\"elementor-widget-container\">\n\t\t\t<h3 class=\"elementor-heading-title elementor-size-default\">#6 AQUACENTRUM \u0160UTKA A LANOV\u00c9 CENTRUM DOMU D\u011aT\u00cd A ML\u00c1DE\u017dE HL. M. PRAHA <\/h3>\t\t<\/div>\n\t\t\t\t<\/div>\n\t\t\t\t\t<\/div>\n\t\t<\/div>\n\t\t\t\t\t\t\t<\/div>\n\t\t<\/section>\n\t\t\t\t<section class=\"elementor-section elementor-top-section elementor-element elementor-element-e64dfec elementor-section-boxed elementor-section-height-default elementor-section-height-default\" data-id=\"e64dfec\" data-element_type=\"section\">\n\t\t\t\t\t\t<div class=\"elementor-container elementor-column-gap-default\">\n\t\t\t\t\t<div class=\"elementor-column elementor-col-100 elementor-top-column elementor-element elementor-element-ee9e946\" data-id=\"ee9e946\" data-element_type=\"column\">\n\t\t\t<div class=\"elementor-widget-wrap elementor-element-populated\">\n\t\t\t\t\t\t\t\t<div class=\"elementor-element elementor-element-cbf3633 elementor-widget elementor-widget-text-editor\" data-id=\"cbf3633\" data-element_type=\"widget\" data-widget_type=\"text-editor.default\">\n\t\t\t\t<div class=\"elementor-widget-container\">\n\t\t\t\t\t\t\t<p>Karl\u00edn m\u00e1 co nab\u00eddnout i sportovn\u00edm nad\u0161enc\u016fm. <strong>Vodn\u00edm radov\u00e1nk\u00e1m se m\u016f\u017eete v\u011bnovat v jednom z nejmodern\u011bj\u0161\u00edch plaveck\u00fdch are\u00e1l\u016f v Praze i cel\u00e9 \u010cR<\/strong>, a to v Aquacentru \u0160utka.<\/p>\n\t\t\t\t\t\t<\/div>\n\t\t\t\t<\/div>\n\t\t\t\t\t<\/div>\n\t\t<\/div>\n\t\t\t\t\t\t\t<\/div>\n\t\t<\/section>\n\t\t\t\t<section class=\"elementor-section elementor-top-section elementor-element elementor-element-840e147 elementor-section-boxed elementor-section-height-default elementor-section-height-default\" data-id=\"840e147\" data-element_type=\"section\">\n\t\t\t\t\t\t<div class=\"elementor-container elementor-column-gap-default\">\n\t\t\t\t\t<div class=\"elementor-column elementor-col-100 elementor-top-column elementor-element elementor-element-cf85f7d\" data-id=\"cf85f7d\" data-element_type=\"column\">\n\t\t\t<div class=\"elementor-widget-wrap elementor-element-populated\">\n\t\t\t\t\t\t\t\t<div class=\"elementor-element elementor-element-b1ac0f1 elementor-widget elementor-widget-image\" data-id=\"b1ac0f1\" data-element_type=\"widget\" data-widget_type=\"image.default\">\n\t\t\t\t<div class=\"elementor-widget-container\">\n\t\t\t\t\t\t\t\t\t\t\t\t\t\t\t<img loading=\"lazy\" decoding=\"async\" width=\"800\" height=\"547\" src=\"https:\/\/beta.acordinvest.cz\/wp-content\/uploads\/2023\/01\/aquapark.png\" class=\"attachment-full size-full wp-image-1430\" alt=\"\" srcset=\"https:\/\/beta.acordinvest.cz\/wp-content\/uploads\/2023\/01\/aquapark.png 800w, https:\/\/beta.acordinvest.cz\/wp-content\/uploads\/2023\/01\/aquapark-300x205.png 300w, https:\/\/beta.acordinvest.cz\/wp-content\/uploads\/2023\/01\/aquapark-768x525.png 768w\" sizes=\"auto, (max-width: 800px) 100vw, 800px\" \/>\t\t\t\t\t\t\t\t\t\t\t\t\t\t\t<\/div>\n\t\t\t\t<\/div>\n\t\t\t\t\t<\/div>\n\t\t<\/div>\n\t\t\t\t\t\t\t<\/div>\n\t\t<\/section>\n\t\t\t\t<section class=\"elementor-section elementor-top-section elementor-element elementor-element-09879a9 elementor-section-boxed elementor-section-height-default elementor-section-height-default\" data-id=\"09879a9\" data-element_type=\"section\">\n\t\t\t\t\t\t<div class=\"elementor-container elementor-column-gap-default\">\n\t\t\t\t\t<div class=\"elementor-column elementor-col-100 elementor-top-column elementor-element elementor-element-ed78e38\" data-id=\"ed78e38\" data-element_type=\"column\">\n\t\t\t<div class=\"elementor-widget-wrap elementor-element-populated\">\n\t\t\t\t\t\t\t\t<div class=\"elementor-element elementor-element-93ce14f elementor-widget elementor-widget-text-editor\" data-id=\"93ce14f\" data-element_type=\"widget\" data-widget_type=\"text-editor.default\">\n\t\t\t\t<div class=\"elementor-widget-container\">\n\t\t\t\t\t\t\t<p><strong>To sv\u00fdm n\u00e1v\u0161t\u011bvn\u00edk\u016fm nab\u00edz\u00ed v\u0161e, co s dov\u00e1d\u011bn\u00edm ve vod\u011b souvis\u00ed<\/strong> \u2013 od kryt\u00e9ho baz\u00e9nu o d\u00e9lce 50 metr\u016f s osmi plaveck\u00fdmi drahami, p\u0159es tobog\u00e1ny, vodop\u00e1d, divokou \u0159eku, v\u00ed\u0159ivky a relaxa\u010dn\u00ed baz\u00e9n, a\u017e po d\u011btsk\u00e9 brouzdali\u0161t\u011b a vodn\u00ed bar s ob\u010derstven\u00edm. Na sv\u00e9 si p\u0159ijdou i milovn\u00edci wellnessu, kter\u00fdm are\u00e1l nab\u00edz\u00ed dv\u011b finsk\u00e9 sauny a parn\u00ed l\u00e1zn\u011b. <\/p>\n<p><strong>Preferujete-li sp\u00ed\u0161e aktivity na sou\u0161i<\/strong>, <strong>m\u016f\u017eete zam\u00ed\u0159it t\u0159eba do Lanov\u00e9ho centra Domu d\u011bt\u00ed a ml\u00e1de\u017ee hl.m. Prahy. <\/strong> A vyzkou\u0161et si n\u011bkter\u00fd z jeho z\u00e1\u017eitkov\u00fdch program\u016f. Provoz centra je celoro\u010dn\u00ed, v zim\u011b s drobn\u00fdmi omezen\u00edmi. <\/p>\n\t\t\t\t\t\t<\/div>\n\t\t\t\t<\/div>\n\t\t\t\t\t<\/div>\n\t\t<\/div>\n\t\t\t\t\t\t\t<\/div>\n\t\t<\/section>\n\t\t\t\t<section class=\"elementor-section elementor-top-section elementor-element elementor-element-5722749 elementor-section-boxed elementor-section-height-default elementor-section-height-default\" data-id=\"5722749\" data-element_type=\"section\">\n\t\t\t\t\t\t<div class=\"elementor-container elementor-column-gap-default\">\n\t\t\t\t\t<div class=\"elementor-column elementor-col-100 elementor-top-column elementor-element elementor-element-3c16eab\" data-id=\"3c16eab\" data-element_type=\"column\">\n\t\t\t<div class=\"elementor-widget-wrap elementor-element-populated\">\n\t\t\t\t\t\t\t\t<div class=\"elementor-element elementor-element-9bdef45 elementor-widget elementor-widget-heading\" data-id=\"9bdef45\" data-element_type=\"widget\" data-widget_type=\"heading.default\">\n\t\t\t\t<div class=\"elementor-widget-container\">\n\t\t\t<h3 class=\"elementor-heading-title elementor-size-default\">#7 FORUM KARL\u00cdN<\/h3>\t\t<\/div>\n\t\t\t\t<\/div>\n\t\t\t\t\t<\/div>\n\t\t<\/div>\n\t\t\t\t\t\t\t<\/div>\n\t\t<\/section>\n\t\t\t\t<section class=\"elementor-section elementor-top-section elementor-element elementor-element-c2734f2 elementor-section-boxed elementor-section-height-default elementor-section-height-default\" data-id=\"c2734f2\" data-element_type=\"section\">\n\t\t\t\t\t\t<div class=\"elementor-container elementor-column-gap-default\">\n\t\t\t\t\t<div class=\"elementor-column elementor-col-100 elementor-top-column elementor-element elementor-element-aeea6fb\" data-id=\"aeea6fb\" data-element_type=\"column\">\n\t\t\t<div class=\"elementor-widget-wrap elementor-element-populated\">\n\t\t\t\t\t\t\t\t<div class=\"elementor-element elementor-element-bfc78b1 elementor-widget elementor-widget-text-editor\" data-id=\"bfc78b1\" data-element_type=\"widget\" data-widget_type=\"text-editor.default\">\n\t\t\t\t<div class=\"elementor-widget-container\">\n\t\t\t\t\t\t\t<p>Forum Karl\u00edn<strong> je multifunk\u010dn\u00ed komplex<\/strong>, kter\u00fd vznikl mezi lety 2011-2014 a kter\u00fd poskytuje flexibiln\u00ed z\u00e1zem\u00ed pro v\u0161echny druhy kulturn\u00edch, spole\u010densk\u00fdch a vzd\u011bl\u00e1vac\u00edch akc\u00ed. A\u0165 u\u017e jsou to r\u016fzn\u00e9 konference a kongresy, galave\u010de\u0159e, nebo<strong> koncerty profituj\u00edc\u00ed ze skv\u011bl\u00e9 akustiky s\u00e1lu, kter\u00fd m\u00e1 nav\u00edc kapacitu 3 000 lid\u00ed<\/strong>. <\/p>\n\t\t\t\t\t\t<\/div>\n\t\t\t\t<\/div>\n\t\t\t\t\t<\/div>\n\t\t<\/div>\n\t\t\t\t\t\t\t<\/div>\n\t\t<\/section>\n\t\t\t\t\t\t\t<\/div>\n\t\t","protected":false},"excerpt":{"rendered":"<p>Karl\u00edn je \u010dtvr\u0165 v m\u011bstsk\u00e9 \u010d\u00e1sti Praha 8 rozprost\u00edraj\u00edc\u00ed se mezi Libn\u00ed a Nov\u00fdm M\u011bstem. Samotn\u00e1 Praha 8 je pom\u011brn\u011b unik\u00e1tn\u00ed, nebo\u0165 se jako jedin\u00e1 ze v\u0161ech pra\u017esk\u00fdch m\u011bstsk\u00fdch obvod\u016f t\u011bsn\u011b dot\u00fdk\u00e1 historick\u00e9ho j\u00e1dra a rozprost\u00edr\u00e1 se i za okrajem hlavn\u00edho m\u011bsta. <\/p>\n","protected":false},"author":4,"featured_media":1993,"comment_status":"closed","ping_status":"closed","sticky":false,"template":"elementor_header_footer","format":"standard","meta":{"inline_featured_image":false,"footnotes":"","_links_to":"","_links_to_target":""},"categories":[175],"tags":[],"class_list":["post-2188","post","type-post","status-publish","format-standard","has-post-thumbnail","hentry","category-blog-en"],"acf":[],"_links":{"self":[{"href":"https:\/\/beta.acordinvest.cz\/en\/wp-json\/wp\/v2\/posts\/2188","targetHints":{"allow":["GET"]}}],"collection":[{"href":"https:\/\/beta.acordinvest.cz\/en\/wp-json\/wp\/v2\/posts"}],"about":[{"href":"https:\/\/beta.acordinvest.cz\/en\/wp-json\/wp\/v2\/types\/post"}],"author":[{"embeddable":true,"href":"https:\/\/beta.acordinvest.cz\/en\/wp-json\/wp\/v2\/users\/4"}],"replies":[{"embeddable":true,"href":"https:\/\/beta.acordinvest.cz\/en\/wp-json\/wp\/v2\/comments?post=2188"}],"version-history":[{"count":1,"href":"https:\/\/beta.acordinvest.cz\/en\/wp-json\/wp\/v2\/posts\/2188\/revisions"}],"predecessor-version":[{"id":2189,"href":"https:\/\/beta.acordinvest.cz\/en\/wp-json\/wp\/v2\/posts\/2188\/revisions\/2189"}],"wp:featuredmedia":[{"embeddable":true,"href":"https:\/\/beta.acordinvest.cz\/en\/wp-json\/wp\/v2\/media\/1993"}],"wp:attachment":[{"href":"https:\/\/beta.acordinvest.cz\/en\/wp-json\/wp\/v2\/media?parent=2188"}],"wp:term":[{"taxonomy":"category","embeddable":true,"href":"https:\/\/beta.acordinvest.cz\/en\/wp-json\/wp\/v2\/categories?post=2188"},{"taxonomy":"post_tag","embeddable":true,"href":"https:\/\/beta.acordinvest.cz\/en\/wp-json\/wp\/v2\/tags?post=2188"}],"curies":[{"name":"wp","href":"https:\/\/api.w.org\/{rel}","templated":true}]}}