{"id":2190,"date":"2023-01-04T08:45:56","date_gmt":"2023-01-04T07:45:56","guid":{"rendered":"https:\/\/beta.acordinvest.cz\/zajimava-mista-v-centru-prahy-2\/"},"modified":"2023-01-12T16:14:15","modified_gmt":"2023-01-12T15:14:15","slug":"zajimava-mista-v-centru-prahy-2","status":"publish","type":"post","link":"https:\/\/beta.acordinvest.cz\/en\/zajimava-mista-v-centru-prahy-2\/","title":{"rendered":"Zaj\u00edmav\u00e1 m\u00edsta v centru Prahy 2"},"content":{"rendered":"\t\t<div data-elementor-type=\"wp-post\" data-elementor-id=\"2190\" class=\"elementor elementor-2190 elementor-1451\">\n\t\t\t\t\t\t\t\t\t<section class=\"elementor-section elementor-top-section elementor-element elementor-element-5226593 elementor-section-boxed elementor-section-height-default elementor-section-height-default\" data-id=\"5226593\" data-element_type=\"section\">\n\t\t\t\t\t\t<div class=\"elementor-container elementor-column-gap-default\">\n\t\t\t\t\t<div class=\"elementor-column elementor-col-100 elementor-top-column elementor-element elementor-element-ec9103c\" data-id=\"ec9103c\" data-element_type=\"column\">\n\t\t\t<div class=\"elementor-widget-wrap elementor-element-populated\">\n\t\t\t\t\t\t\t\t<div class=\"elementor-element elementor-element-c308fef elementor-widget elementor-widget-image\" data-id=\"c308fef\" data-element_type=\"widget\" data-widget_type=\"image.default\">\n\t\t\t\t<div class=\"elementor-widget-container\">\n\t\t\t<style>\/*! elementor - v3.10.1 - 17-01-2023 *\/\n.elementor-widget-image{text-align:center}.elementor-widget-image a{display:inline-block}.elementor-widget-image a img[src$=\".svg\"]{width:48px}.elementor-widget-image img{vertical-align:middle;display:inline-block}<\/style>\t\t\t\t\t\t\t\t\t\t\t\t<img decoding=\"async\" src=\"https:\/\/beta.acordinvest.cz\/wp-content\/uploads\/2023\/01\/vysehrad.png\" title=\"\" alt=\"\" loading=\"lazy\" \/>\t\t\t\t\t\t\t\t\t\t\t\t\t\t\t<\/div>\n\t\t\t\t<\/div>\n\t\t\t\t\t<\/div>\n\t\t<\/div>\n\t\t\t\t\t\t\t<\/div>\n\t\t<\/section>\n\t\t\t\t<section class=\"elementor-section elementor-top-section elementor-element elementor-element-1a15719 elementor-section-boxed elementor-section-height-default elementor-section-height-default\" data-id=\"1a15719\" data-element_type=\"section\">\n\t\t\t\t\t\t<div class=\"elementor-container elementor-column-gap-default\">\n\t\t\t\t\t<div class=\"elementor-column elementor-col-100 elementor-top-column elementor-element elementor-element-acb0a27\" data-id=\"acb0a27\" data-element_type=\"column\">\n\t\t\t<div class=\"elementor-widget-wrap elementor-element-populated\">\n\t\t\t\t\t\t\t\t<div class=\"elementor-element elementor-element-1bf575e elementor-widget elementor-widget-heading\" data-id=\"1bf575e\" data-element_type=\"widget\" data-widget_type=\"heading.default\">\n\t\t\t\t<div class=\"elementor-widget-container\">\n\t\t\t<style>\/*! elementor - v3.10.1 - 17-01-2023 *\/\n.elementor-heading-title{padding:0;margin:0;line-height:1}.elementor-widget-heading .elementor-heading-title[class*=elementor-size-]>a{color:inherit;font-size:inherit;line-height:inherit}.elementor-widget-heading .elementor-heading-title.elementor-size-small{font-size:15px}.elementor-widget-heading .elementor-heading-title.elementor-size-medium{font-size:19px}.elementor-widget-heading .elementor-heading-title.elementor-size-large{font-size:29px}.elementor-widget-heading .elementor-heading-title.elementor-size-xl{font-size:39px}.elementor-widget-heading .elementor-heading-title.elementor-size-xxl{font-size:59px}<\/style><h2 class=\"elementor-heading-title elementor-size-default\">Zaj\u00edmav\u00e1 m\u00edsta v centru Prahy 2<\/h2>\t\t<\/div>\n\t\t\t\t<\/div>\n\t\t\t\t\t<\/div>\n\t\t<\/div>\n\t\t\t\t\t\t\t<\/div>\n\t\t<\/section>\n\t\t\t\t<section class=\"elementor-section elementor-top-section elementor-element elementor-element-4ad5151 elementor-section-boxed elementor-section-height-default elementor-section-height-default\" data-id=\"4ad5151\" data-element_type=\"section\">\n\t\t\t\t\t\t<div class=\"elementor-container elementor-column-gap-default\">\n\t\t\t\t\t<div class=\"elementor-column elementor-col-100 elementor-top-column elementor-element elementor-element-7fbbedb\" data-id=\"7fbbedb\" data-element_type=\"column\">\n\t\t\t<div class=\"elementor-widget-wrap elementor-element-populated\">\n\t\t\t\t\t\t\t\t<div class=\"elementor-element elementor-element-31363e2 elementor-widget elementor-widget-heading\" data-id=\"31363e2\" data-element_type=\"widget\" data-widget_type=\"heading.default\">\n\t\t\t\t<div class=\"elementor-widget-container\">\n\t\t\t<h3 class=\"elementor-heading-title elementor-size-default\">KAM J\u00cdT ZA HISTORI\u00cd NEBO ODPO\u010cINKEM?<\/h3>\t\t<\/div>\n\t\t\t\t<\/div>\n\t\t\t\t\t<\/div>\n\t\t<\/div>\n\t\t\t\t\t\t\t<\/div>\n\t\t<\/section>\n\t\t\t\t<section class=\"elementor-section elementor-top-section elementor-element elementor-element-35e4855 elementor-section-boxed elementor-section-height-default elementor-section-height-default\" data-id=\"35e4855\" data-element_type=\"section\">\n\t\t\t\t\t\t<div class=\"elementor-container elementor-column-gap-default\">\n\t\t\t\t\t<div class=\"elementor-column elementor-col-100 elementor-top-column elementor-element elementor-element-cf6a31b\" data-id=\"cf6a31b\" data-element_type=\"column\">\n\t\t\t<div class=\"elementor-widget-wrap elementor-element-populated\">\n\t\t\t\t\t\t\t\t<div class=\"elementor-element elementor-element-9b31d0c elementor-widget elementor-widget-text-editor\" data-id=\"9b31d0c\" data-element_type=\"widget\" data-widget_type=\"text-editor.default\">\n\t\t\t\t<div class=\"elementor-widget-container\">\n\t\t\t<style>\/*! elementor - v3.10.1 - 17-01-2023 *\/\n.elementor-widget-text-editor.elementor-drop-cap-view-stacked .elementor-drop-cap{background-color:#818a91;color:#fff}.elementor-widget-text-editor.elementor-drop-cap-view-framed .elementor-drop-cap{color:#818a91;border:3px solid;background-color:transparent}.elementor-widget-text-editor:not(.elementor-drop-cap-view-default) .elementor-drop-cap{margin-top:8px}.elementor-widget-text-editor:not(.elementor-drop-cap-view-default) .elementor-drop-cap-letter{width:1em;height:1em}.elementor-widget-text-editor .elementor-drop-cap{float:left;text-align:center;line-height:1;font-size:50px}.elementor-widget-text-editor .elementor-drop-cap-letter{display:inline-block}<\/style>\t\t\t\t<p>Pod\u00edvejte se, kam se m\u016f\u017eete vydat za <a href=\"https:\/\/www.acordinvest.cz\/aktuality\/zajimava-mista-v-centru-prahy-2-kam-jit-za-historii-nebo-odpocinkem#historie\" target=\"_blank\" rel=\"noopener\">histori\u00ed, modern\u00ed architekturou<\/a> a <a href=\"https:\/\/www.acordinvest.cz\/aktuality\/zajimava-mista-v-centru-prahy-2-kam-jit-za-historii-nebo-odpocinkem#parky\" target=\"_blank\" rel=\"noopener\">do park\u016f<\/a>, kter\u00e9 jsou pro odpo\u010dinek p\u0159\u00edmo stvo\u0159en\u00e9.<\/p>\n\t\t\t\t\t\t<\/div>\n\t\t\t\t<\/div>\n\t\t\t\t\t<\/div>\n\t\t<\/div>\n\t\t\t\t\t\t\t<\/div>\n\t\t<\/section>\n\t\t\t\t<section class=\"elementor-section elementor-top-section elementor-element elementor-element-610b691 elementor-section-boxed elementor-section-height-default elementor-section-height-default\" data-id=\"610b691\" data-element_type=\"section\">\n\t\t\t\t\t\t<div class=\"elementor-container elementor-column-gap-default\">\n\t\t\t\t\t<div class=\"elementor-column elementor-col-100 elementor-top-column elementor-element elementor-element-bc8c1af\" data-id=\"bc8c1af\" data-element_type=\"column\">\n\t\t\t<div class=\"elementor-widget-wrap elementor-element-populated\">\n\t\t\t\t\t\t\t\t<div class=\"elementor-element elementor-element-01c31bf elementor-widget elementor-widget-heading\" data-id=\"01c31bf\" data-element_type=\"widget\" data-widget_type=\"heading.default\">\n\t\t\t\t<div class=\"elementor-widget-container\">\n\t\t\t<h3 class=\"elementor-heading-title elementor-size-default\">KAM ZA HISTORI\u00cd A ZAJ\u00cdMAVOSTMI<\/h3>\t\t<\/div>\n\t\t\t\t<\/div>\n\t\t\t\t\t<\/div>\n\t\t<\/div>\n\t\t\t\t\t\t\t<\/div>\n\t\t<\/section>\n\t\t\t\t<section class=\"elementor-section elementor-top-section elementor-element elementor-element-1a7c441 elementor-section-boxed elementor-section-height-default elementor-section-height-default\" data-id=\"1a7c441\" data-element_type=\"section\">\n\t\t\t\t\t\t<div class=\"elementor-container elementor-column-gap-default\">\n\t\t\t\t\t<div class=\"elementor-column elementor-col-100 elementor-top-column elementor-element elementor-element-4df3ba9\" data-id=\"4df3ba9\" data-element_type=\"column\">\n\t\t\t<div class=\"elementor-widget-wrap elementor-element-populated\">\n\t\t\t\t\t\t\t\t<div class=\"elementor-element elementor-element-ec29538 elementor-widget elementor-widget-text-editor\" data-id=\"ec29538\" data-element_type=\"widget\" data-widget_type=\"text-editor.default\">\n\t\t\t\t<div class=\"elementor-widget-container\">\n\t\t\t\t\t\t\t<p>Historie, kultury i jin\u00fdch zaj\u00edmavost\u00ed je na Praze 2 spousta. Nav\u00edc jde o m\u00edsta, kter\u00e1 jsou d\u016fle\u017eit\u00e1 pro <strong>historii a kulturu cel\u00e9ho \u010ceska<\/strong>. <\/p>\n\t\t\t\t\t\t<\/div>\n\t\t\t\t<\/div>\n\t\t\t\t\t<\/div>\n\t\t<\/div>\n\t\t\t\t\t\t\t<\/div>\n\t\t<\/section>\n\t\t\t\t<section class=\"elementor-section elementor-top-section elementor-element elementor-element-3c64396 elementor-section-boxed elementor-section-height-default elementor-section-height-default\" data-id=\"3c64396\" data-element_type=\"section\">\n\t\t\t\t\t\t<div class=\"elementor-container elementor-column-gap-default\">\n\t\t\t\t\t<div class=\"elementor-column elementor-col-100 elementor-top-column elementor-element elementor-element-3eb34fa\" data-id=\"3eb34fa\" data-element_type=\"column\">\n\t\t\t<div class=\"elementor-widget-wrap elementor-element-populated\">\n\t\t\t\t\t\t\t\t<div class=\"elementor-element elementor-element-d72dc52 elementor-widget elementor-widget-heading\" data-id=\"d72dc52\" data-element_type=\"widget\" data-widget_type=\"heading.default\">\n\t\t\t\t<div class=\"elementor-widget-container\">\n\t\t\t<h3 class=\"elementor-heading-title elementor-size-default\">VY\u0160EHRAD<\/h3>\t\t<\/div>\n\t\t\t\t<\/div>\n\t\t\t\t\t<\/div>\n\t\t<\/div>\n\t\t\t\t\t\t\t<\/div>\n\t\t<\/section>\n\t\t\t\t<section class=\"elementor-section elementor-top-section elementor-element elementor-element-cdf4c5f elementor-section-boxed elementor-section-height-default elementor-section-height-default\" data-id=\"cdf4c5f\" data-element_type=\"section\">\n\t\t\t\t\t\t<div class=\"elementor-container elementor-column-gap-default\">\n\t\t\t\t\t<div class=\"elementor-column elementor-col-100 elementor-top-column elementor-element elementor-element-fd889d4\" data-id=\"fd889d4\" data-element_type=\"column\">\n\t\t\t<div class=\"elementor-widget-wrap elementor-element-populated\">\n\t\t\t\t\t\t\t\t<div class=\"elementor-element elementor-element-5c9a57d elementor-widget elementor-widget-text-editor\" data-id=\"5c9a57d\" data-element_type=\"widget\" data-widget_type=\"text-editor.default\">\n\t\t\t\t<div class=\"elementor-widget-container\">\n\t\t\t\t\t\t\t<p>Historick\u00e9 hradi\u0161t\u011b, hrad a pevnost na sk\u00e1le je <strong>jedn\u00edm ze symbol\u016f cel\u00e9 Prahy<\/strong>. Ty\u010d\u00ed se nad prav\u00fdm b\u0159ehem Vltavy a l\u00e1k\u00e1 turisty z \u010ceska i zahrani\u010d\u00ed. V pom\u011brn\u011b rozs\u00e1hl\u00e9m objektu, kter\u00fd je od roku 1962 n\u00e1rodn\u00ed kulturn\u00ed pam\u00e1tkou, ukr\u00fdv\u00e1 hned n\u011bkolik poklad\u016f \u2013 t\u0159eba   <strong>kostel sv. Petra a Pavla <\/strong>,  <strong>rotunda sv. Martina <\/strong> (je\u017e je nejstar\u0161\u00ed rotundou v Praze), <strong>Vy\u0161ehradsk\u00fd h\u0159bitov<\/strong> nebo zdej\u0161\u00ed sady.<\/p>\n\t\t\t\t\t\t<\/div>\n\t\t\t\t<\/div>\n\t\t\t\t\t<\/div>\n\t\t<\/div>\n\t\t\t\t\t\t\t<\/div>\n\t\t<\/section>\n\t\t\t\t<section class=\"elementor-section elementor-top-section elementor-element elementor-element-f16d613 elementor-section-boxed elementor-section-height-default elementor-section-height-default\" data-id=\"f16d613\" data-element_type=\"section\">\n\t\t\t\t\t\t<div class=\"elementor-container elementor-column-gap-default\">\n\t\t\t\t\t<div class=\"elementor-column elementor-col-100 elementor-top-column elementor-element elementor-element-dd593bd\" data-id=\"dd593bd\" data-element_type=\"column\">\n\t\t\t<div class=\"elementor-widget-wrap elementor-element-populated\">\n\t\t\t\t\t\t\t\t<div class=\"elementor-element elementor-element-6fadc0e elementor-widget elementor-widget-image\" data-id=\"6fadc0e\" data-element_type=\"widget\" data-widget_type=\"image.default\">\n\t\t\t\t<div class=\"elementor-widget-container\">\n\t\t\t\t\t\t\t\t\t\t\t\t\t\t\t<img decoding=\"async\" src=\"https:\/\/beta.acordinvest.cz\/wp-content\/uploads\/2023\/01\/vysehrad-v-praze.png\" title=\"\" alt=\"\" loading=\"lazy\" \/>\t\t\t\t\t\t\t\t\t\t\t\t\t\t\t<\/div>\n\t\t\t\t<\/div>\n\t\t\t\t\t<\/div>\n\t\t<\/div>\n\t\t\t\t\t\t\t<\/div>\n\t\t<\/section>\n\t\t\t\t<section class=\"elementor-section elementor-top-section elementor-element elementor-element-787c0e1 elementor-section-boxed elementor-section-height-default elementor-section-height-default\" data-id=\"787c0e1\" data-element_type=\"section\">\n\t\t\t\t\t\t<div class=\"elementor-container elementor-column-gap-default\">\n\t\t\t\t\t<div class=\"elementor-column elementor-col-100 elementor-top-column elementor-element elementor-element-f0f374f\" data-id=\"f0f374f\" data-element_type=\"column\">\n\t\t\t<div class=\"elementor-widget-wrap elementor-element-populated\">\n\t\t\t\t\t\t\t\t<div class=\"elementor-element elementor-element-8363640 elementor-widget elementor-widget-text-editor\" data-id=\"8363640\" data-element_type=\"widget\" data-widget_type=\"text-editor.default\">\n\t\t\t\t<div class=\"elementor-widget-container\">\n\t\t\t\t\t\t\t<p>Podle Star\u00fdch pov\u011bst\u00ed \u010desk\u00fd zalo\u017eil Vy\u0161ehrad <strong>kn\u00ed\u017ee Krok<\/strong>, skute\u010dn\u00fd vznik se datuje do 2. poloviny 10. stolet\u00ed. Jde o jednu z t\u011bch pam\u00e1tek, kter\u00e1 p\u0159itahuje t\u00edm v\u00edc pozornosti, \u010d\u00edm star\u0161\u00ed je.   <\/p>\n\t\t\t\t\t\t<\/div>\n\t\t\t\t<\/div>\n\t\t\t\t\t<\/div>\n\t\t<\/div>\n\t\t\t\t\t\t\t<\/div>\n\t\t<\/section>\n\t\t\t\t<section class=\"elementor-section elementor-top-section elementor-element elementor-element-b0259c7 elementor-section-boxed elementor-section-height-default elementor-section-height-default\" data-id=\"b0259c7\" data-element_type=\"section\">\n\t\t\t\t\t\t<div class=\"elementor-container elementor-column-gap-default\">\n\t\t\t\t\t<div class=\"elementor-column elementor-col-100 elementor-top-column elementor-element elementor-element-2404735\" data-id=\"2404735\" data-element_type=\"column\">\n\t\t\t<div class=\"elementor-widget-wrap elementor-element-populated\">\n\t\t\t\t\t\t\t\t<div class=\"elementor-element elementor-element-08526b0 elementor-widget elementor-widget-heading\" data-id=\"08526b0\" data-element_type=\"widget\" data-widget_type=\"heading.default\">\n\t\t\t\t<div class=\"elementor-widget-container\">\n\t\t\t<h3 class=\"elementor-heading-title elementor-size-default\">TAN\u010c\u00cdC\u00cd D\u016eM<\/h3>\t\t<\/div>\n\t\t\t\t<\/div>\n\t\t\t\t\t<\/div>\n\t\t<\/div>\n\t\t\t\t\t\t\t<\/div>\n\t\t<\/section>\n\t\t\t\t<section class=\"elementor-section elementor-top-section elementor-element elementor-element-f04cd6c elementor-section-boxed elementor-section-height-default elementor-section-height-default\" data-id=\"f04cd6c\" data-element_type=\"section\">\n\t\t\t\t\t\t<div class=\"elementor-container elementor-column-gap-default\">\n\t\t\t\t\t<div class=\"elementor-column elementor-col-100 elementor-top-column elementor-element elementor-element-9fc4545\" data-id=\"9fc4545\" data-element_type=\"column\">\n\t\t\t<div class=\"elementor-widget-wrap elementor-element-populated\">\n\t\t\t\t\t\t\t\t<div class=\"elementor-element elementor-element-2d08b2f elementor-widget elementor-widget-text-editor\" data-id=\"2d08b2f\" data-element_type=\"widget\" data-widget_type=\"text-editor.default\">\n\t\t\t\t<div class=\"elementor-widget-container\">\n\t\t\t\t\t\t\t<p>Jen nedaleko od Vy\u0161ehradu, rovn\u011b\u017e na prav\u00e9m b\u0159ehu Vltavy, stoj\u00ed nep\u0159ehl\u00e9dnuteln\u00fd orienta\u010dn\u00ed bod \u2013 Tan\u010d\u00edc\u00ed d\u016fm (nebo tak\u00e9 <strong>Ginger and Fred<\/strong>). Postaven byl v roce 1996, pat\u0159\u00ed tedy k uk\u00e1zce <strong>modern\u00ed architektury<\/strong>. D\u016fm je inspirov\u00e1n meziv\u00e1le\u010dn\u00fdm tan\u010d\u00edc\u00edm p\u00e1rem Freda Astaira a Ginger Rogersov\u00e9.  <\/p>\n\t\t\t\t\t\t<\/div>\n\t\t\t\t<\/div>\n\t\t\t\t\t<\/div>\n\t\t<\/div>\n\t\t\t\t\t\t\t<\/div>\n\t\t<\/section>\n\t\t\t\t<section class=\"elementor-section elementor-top-section elementor-element elementor-element-f8dc01f elementor-section-boxed elementor-section-height-default elementor-section-height-default\" data-id=\"f8dc01f\" data-element_type=\"section\">\n\t\t\t\t\t\t<div class=\"elementor-container elementor-column-gap-default\">\n\t\t\t\t\t<div class=\"elementor-column elementor-col-100 elementor-top-column elementor-element elementor-element-a328467\" data-id=\"a328467\" data-element_type=\"column\">\n\t\t\t<div class=\"elementor-widget-wrap elementor-element-populated\">\n\t\t\t\t\t\t\t\t<div class=\"elementor-element elementor-element-9522243 elementor-widget elementor-widget-image\" data-id=\"9522243\" data-element_type=\"widget\" data-widget_type=\"image.default\">\n\t\t\t\t<div class=\"elementor-widget-container\">\n\t\t\t\t\t\t\t\t\t\t\t\t\t\t\t<img decoding=\"async\" src=\"https:\/\/beta.acordinvest.cz\/wp-content\/uploads\/2023\/01\/tancici-dum.png\" title=\"\" alt=\"\" loading=\"lazy\" \/>\t\t\t\t\t\t\t\t\t\t\t\t\t\t\t<\/div>\n\t\t\t\t<\/div>\n\t\t\t\t\t<\/div>\n\t\t<\/div>\n\t\t\t\t\t\t\t<\/div>\n\t\t<\/section>\n\t\t\t\t<section class=\"elementor-section elementor-top-section elementor-element elementor-element-3c35980 elementor-section-boxed elementor-section-height-default elementor-section-height-default\" data-id=\"3c35980\" data-element_type=\"section\">\n\t\t\t\t\t\t<div class=\"elementor-container elementor-column-gap-default\">\n\t\t\t\t\t<div class=\"elementor-column elementor-col-100 elementor-top-column elementor-element elementor-element-c903ecc\" data-id=\"c903ecc\" data-element_type=\"column\">\n\t\t\t<div class=\"elementor-widget-wrap elementor-element-populated\">\n\t\t\t\t\t\t\t\t<div class=\"elementor-element elementor-element-8b7a1b1 elementor-widget elementor-widget-text-editor\" data-id=\"8b7a1b1\" data-element_type=\"widget\" data-widget_type=\"text-editor.default\">\n\t\t\t\t<div class=\"elementor-widget-container\">\n\t\t\t\t\t\t\t<p>Na m\u00edst\u011b Tan\u010d\u00edc\u00edho domu st\u00e1val d\u0159\u00edve d\u016fm \u010din\u017eovn\u00ed, ten byl ov\u0161em zni\u010den v roce 1945 b\u011bhem bombardov\u00e1n\u00ed Prahy. V 60. letech se rozhodlo o z\u00e1stavb\u011b voln\u00e9ho m\u00edsta, k tomu ale do\u0161lo a\u017e o des\u00edtky let pozd\u011bji. Dnes jsou v <strong>neobvykl\u00e9m \u0161estipatrov\u00e9m dom\u011b<\/strong> kancel\u00e1\u0159e, restaurace, bar a galerie.   <\/p>\n\t\t\t\t\t\t<\/div>\n\t\t\t\t<\/div>\n\t\t\t\t\t<\/div>\n\t\t<\/div>\n\t\t\t\t\t\t\t<\/div>\n\t\t<\/section>\n\t\t\t\t<section class=\"elementor-section elementor-top-section elementor-element elementor-element-c5f697c elementor-section-boxed elementor-section-height-default elementor-section-height-default\" data-id=\"c5f697c\" data-element_type=\"section\">\n\t\t\t\t\t\t<div class=\"elementor-container elementor-column-gap-default\">\n\t\t\t\t\t<div class=\"elementor-column elementor-col-100 elementor-top-column elementor-element elementor-element-9861d9e\" data-id=\"9861d9e\" data-element_type=\"column\">\n\t\t\t<div class=\"elementor-widget-wrap elementor-element-populated\">\n\t\t\t\t\t\t\t\t<div class=\"elementor-element elementor-element-9d378f9 elementor-widget elementor-widget-heading\" data-id=\"9d378f9\" data-element_type=\"widget\" data-widget_type=\"heading.default\">\n\t\t\t\t<div class=\"elementor-widget-container\">\n\t\t\t<h3 class=\"elementor-heading-title elementor-size-default\">KUBISTICK\u00dd TROJD\u016eM<\/h3>\t\t<\/div>\n\t\t\t\t<\/div>\n\t\t\t\t\t<\/div>\n\t\t<\/div>\n\t\t\t\t\t\t\t<\/div>\n\t\t<\/section>\n\t\t\t\t<section class=\"elementor-section elementor-top-section elementor-element elementor-element-3c9d9d4 elementor-section-boxed elementor-section-height-default elementor-section-height-default\" data-id=\"3c9d9d4\" data-element_type=\"section\">\n\t\t\t\t\t\t<div class=\"elementor-container elementor-column-gap-default\">\n\t\t\t\t\t<div class=\"elementor-column elementor-col-100 elementor-top-column elementor-element elementor-element-b9d7728\" data-id=\"b9d7728\" data-element_type=\"column\">\n\t\t\t<div class=\"elementor-widget-wrap elementor-element-populated\">\n\t\t\t\t\t\t\t\t<div class=\"elementor-element elementor-element-4f1bad9 elementor-widget elementor-widget-text-editor\" data-id=\"4f1bad9\" data-element_type=\"widget\" data-widget_type=\"text-editor.default\">\n\t\t\t\t<div class=\"elementor-widget-container\">\n\t\t\t\t\t\t\t<p>K Praze 2 neodmysliteln\u011b pat\u0159\u00ed i jin\u00fd architektonick\u00fd skvost, a to <strong>Kubistick\u00fd trojd\u016fm<\/strong> na Ra\u0161\u00ednov\u011b n\u00e1b\u0159e\u017e\u00ed. Tento trojd\u016fm vznikal v kubistick\u00e9m slohu v letech 1912\u20131913 na \u00fapat\u00ed Vy\u0161ehradu. <\/p>\n\t\t\t\t\t\t<\/div>\n\t\t\t\t<\/div>\n\t\t\t\t\t<\/div>\n\t\t<\/div>\n\t\t\t\t\t\t\t<\/div>\n\t\t<\/section>\n\t\t\t\t<section class=\"elementor-section elementor-top-section elementor-element elementor-element-69731ab elementor-section-boxed elementor-section-height-default elementor-section-height-default\" data-id=\"69731ab\" data-element_type=\"section\">\n\t\t\t\t\t\t<div class=\"elementor-container elementor-column-gap-default\">\n\t\t\t\t\t<div class=\"elementor-column elementor-col-100 elementor-top-column elementor-element elementor-element-b6096e1\" data-id=\"b6096e1\" data-element_type=\"column\">\n\t\t\t<div class=\"elementor-widget-wrap elementor-element-populated\">\n\t\t\t\t\t\t\t\t<div class=\"elementor-element elementor-element-998c746 elementor-widget elementor-widget-image\" data-id=\"998c746\" data-element_type=\"widget\" data-widget_type=\"image.default\">\n\t\t\t\t<div class=\"elementor-widget-container\">\n\t\t\t\t\t\t\t\t\t\t\t\t\t\t\t<img decoding=\"async\" src=\"https:\/\/beta.acordinvest.cz\/wp-content\/uploads\/2023\/01\/kubisticky-trojdum-na-rasinove-nabrezi.jpg\" title=\"\" alt=\"\" loading=\"lazy\" \/>\t\t\t\t\t\t\t\t\t\t\t\t\t\t\t<\/div>\n\t\t\t\t<\/div>\n\t\t\t\t\t<\/div>\n\t\t<\/div>\n\t\t\t\t\t\t\t<\/div>\n\t\t<\/section>\n\t\t\t\t<section class=\"elementor-section elementor-top-section elementor-element elementor-element-b933a32 elementor-section-boxed elementor-section-height-default elementor-section-height-default\" data-id=\"b933a32\" data-element_type=\"section\">\n\t\t\t\t\t\t<div class=\"elementor-container elementor-column-gap-default\">\n\t\t\t\t\t<div class=\"elementor-column elementor-col-100 elementor-top-column elementor-element elementor-element-09e607e\" data-id=\"09e607e\" data-element_type=\"column\">\n\t\t\t<div class=\"elementor-widget-wrap elementor-element-populated\">\n\t\t\t\t\t\t\t\t<div class=\"elementor-element elementor-element-08ff722 elementor-widget elementor-widget-text-editor\" data-id=\"08ff722\" data-element_type=\"widget\" data-widget_type=\"text-editor.default\">\n\t\t\t\t<div class=\"elementor-widget-container\">\n\t\t\t\t\t\t\t<p>Zaujme v\u00e1s u\u017e jeho <strong>podlouhl\u00e9 pr\u016f\u010del\u00ed \u010dlen\u011bn\u00e9 do t\u0159\u00ed zrcadlov\u011b shodn\u00fdch \u010d\u00e1st\u00ed<\/strong> \u2013 dv\u011b krajn\u00ed \u010d\u00e1sti jsou oran\u017eov\u00e9 a prost\u0159edn\u00ed, o n\u011bco vy\u0161\u0161\u00ed d\u016fm m\u00e1 sv\u011btlou barvu. Bez zaj\u00edmavosti nejsou dominantn\u00ed <strong>polygon\u00e1ln\u00ed kubistick\u00e9 ark\u00fd\u0159e<\/strong> v mansardov\u00e9 st\u0159e\u0161e a pozornost si zaslou\u017e\u00ed i balk\u00f3n kryt\u00fd \u0161irok\u00fdm lomen\u00fdm obloukem. Pod n\u00edm jsou pak k vid\u011bn\u00ed <strong>socha\u0159sk\u00e9 v\u00fdjevy ze staro\u010desk\u00e9 mytologie<\/strong>, a to Ctirad s lyrou, jak zp\u00edv\u00e1 kn\u011b\u017en\u011b Libu\u0161i.  <\/p>\n\t\t\t\t\t\t<\/div>\n\t\t\t\t<\/div>\n\t\t\t\t\t<\/div>\n\t\t<\/div>\n\t\t\t\t\t\t\t<\/div>\n\t\t<\/section>\n\t\t\t\t<section class=\"elementor-section elementor-top-section elementor-element elementor-element-1962257 elementor-section-boxed elementor-section-height-default elementor-section-height-default\" data-id=\"1962257\" data-element_type=\"section\">\n\t\t\t\t\t\t<div class=\"elementor-container elementor-column-gap-default\">\n\t\t\t\t\t<div class=\"elementor-column elementor-col-100 elementor-top-column elementor-element elementor-element-782ba5d\" data-id=\"782ba5d\" data-element_type=\"column\">\n\t\t\t<div class=\"elementor-widget-wrap elementor-element-populated\">\n\t\t\t\t\t\t\t\t<div class=\"elementor-element elementor-element-f0c47f4 elementor-widget elementor-widget-heading\" data-id=\"f0c47f4\" data-element_type=\"widget\" data-widget_type=\"heading.default\">\n\t\t\t\t<div class=\"elementor-widget-container\">\n\t\t\t<h3 class=\"elementor-heading-title elementor-size-default\">KOVA\u0158OVIC VILA<\/h3>\t\t<\/div>\n\t\t\t\t<\/div>\n\t\t\t\t\t<\/div>\n\t\t<\/div>\n\t\t\t\t\t\t\t<\/div>\n\t\t<\/section>\n\t\t\t\t<section class=\"elementor-section elementor-top-section elementor-element elementor-element-be7ea19 elementor-section-boxed elementor-section-height-default elementor-section-height-default\" data-id=\"be7ea19\" data-element_type=\"section\">\n\t\t\t\t\t\t<div class=\"elementor-container elementor-column-gap-default\">\n\t\t\t\t\t<div class=\"elementor-column elementor-col-100 elementor-top-column elementor-element elementor-element-de930e3\" data-id=\"de930e3\" data-element_type=\"column\">\n\t\t\t<div class=\"elementor-widget-wrap elementor-element-populated\">\n\t\t\t\t\t\t\t\t<div class=\"elementor-element elementor-element-d821f80 elementor-widget elementor-widget-text-editor\" data-id=\"d821f80\" data-element_type=\"widget\" data-widget_type=\"text-editor.default\">\n\t\t\t\t<div class=\"elementor-widget-container\">\n\t\t\t\t\t\t\t<p>A kubismus je\u0161t\u011b jednou. Nedaleko Kubistick\u00e9ho trojdomu stoj\u00ed na prvn\u00ed pohled zaj\u00edmav\u00e1 <strong>t\u0159\u00edpodla\u017en\u00ed kubistick\u00e1 budova<\/strong>, kter\u00e1 si pro sv\u016fj v\u00fdznam zaslou\u017eila i z\u00e1pis do <strong>St\u00e1tn\u00edho seznamu nemovit\u00fdch kulturn\u00edch pam\u00e1tek v \u010cesku<\/strong> (u\u017e v roce 1958). <\/p>\n\t\t\t\t\t\t<\/div>\n\t\t\t\t<\/div>\n\t\t\t\t\t<\/div>\n\t\t<\/div>\n\t\t\t\t\t\t\t<\/div>\n\t\t<\/section>\n\t\t\t\t<section class=\"elementor-section elementor-top-section elementor-element elementor-element-f2fa1ca elementor-section-boxed elementor-section-height-default elementor-section-height-default\" data-id=\"f2fa1ca\" data-element_type=\"section\">\n\t\t\t\t\t\t<div class=\"elementor-container elementor-column-gap-default\">\n\t\t\t\t\t<div class=\"elementor-column elementor-col-100 elementor-top-column elementor-element elementor-element-5264556\" data-id=\"5264556\" data-element_type=\"column\">\n\t\t\t<div class=\"elementor-widget-wrap elementor-element-populated\">\n\t\t\t\t\t\t\t\t<div class=\"elementor-element elementor-element-311cc83 elementor-widget elementor-widget-image\" data-id=\"311cc83\" data-element_type=\"widget\" data-widget_type=\"image.default\">\n\t\t\t\t<div class=\"elementor-widget-container\">\n\t\t\t\t\t\t\t\t\t\t\t\t\t\t\t<img loading=\"lazy\" decoding=\"async\" width=\"800\" height=\"533\" src=\"https:\/\/beta.acordinvest.cz\/wp-content\/uploads\/2023\/01\/kovarovicova-vila-na-praze-2.jpg\" class=\"attachment-full size-full wp-image-1437\" alt=\"\" srcset=\"https:\/\/beta.acordinvest.cz\/wp-content\/uploads\/2023\/01\/kovarovicova-vila-na-praze-2.jpg 800w, https:\/\/beta.acordinvest.cz\/wp-content\/uploads\/2023\/01\/kovarovicova-vila-na-praze-2-300x200.jpg 300w, https:\/\/beta.acordinvest.cz\/wp-content\/uploads\/2023\/01\/kovarovicova-vila-na-praze-2-768x512.jpg 768w\" sizes=\"auto, (max-width: 800px) 100vw, 800px\" \/>\t\t\t\t\t\t\t\t\t\t\t\t\t\t\t<\/div>\n\t\t\t\t<\/div>\n\t\t\t\t\t<\/div>\n\t\t<\/div>\n\t\t\t\t\t\t\t<\/div>\n\t\t<\/section>\n\t\t\t\t<section class=\"elementor-section elementor-top-section elementor-element elementor-element-43525b1 elementor-section-boxed elementor-section-height-default elementor-section-height-default\" data-id=\"43525b1\" data-element_type=\"section\">\n\t\t\t\t\t\t<div class=\"elementor-container elementor-column-gap-default\">\n\t\t\t\t\t<div class=\"elementor-column elementor-col-100 elementor-top-column elementor-element elementor-element-e0817d7\" data-id=\"e0817d7\" data-element_type=\"column\">\n\t\t\t<div class=\"elementor-widget-wrap elementor-element-populated\">\n\t\t\t\t\t\t\t\t<div class=\"elementor-element elementor-element-c7de0b0 elementor-widget elementor-widget-text-editor\" data-id=\"c7de0b0\" data-element_type=\"widget\" data-widget_type=\"text-editor.default\">\n\t\t\t\t<div class=\"elementor-widget-container\">\n\t\t\t\t\t\t\t<p>Kova\u0159ovicova vila vznikala v letech 1912\u20131913 a pro\u0161la i z\u00e1sadn\u00edmi \u00fapravami, p\u0159edev\u0161\u00edm v interi\u00e9ru. V 90. letech 20. stolet\u00ed v n\u00ed byla mate\u0159sk\u00e1 \u0161kola, dnes jsou zde kancel\u00e1\u0159e a vila nen\u00ed p\u0159\u00edstupn\u00e1 ve\u0159ejnosti. Jej\u00ed \u00fachvatn\u00fd exteri\u00e9r si ale prohl\u00e9dnout m\u016f\u017eete.    <\/p>\n\t\t\t\t\t\t<\/div>\n\t\t\t\t<\/div>\n\t\t\t\t\t<\/div>\n\t\t<\/div>\n\t\t\t\t\t\t\t<\/div>\n\t\t<\/section>\n\t\t\t\t<section class=\"elementor-section elementor-top-section elementor-element elementor-element-e4d81bf elementor-section-boxed elementor-section-height-default elementor-section-height-default\" data-id=\"e4d81bf\" data-element_type=\"section\">\n\t\t\t\t\t\t<div class=\"elementor-container elementor-column-gap-default\">\n\t\t\t\t\t<div class=\"elementor-column elementor-col-100 elementor-top-column elementor-element elementor-element-7352117\" data-id=\"7352117\" data-element_type=\"column\">\n\t\t\t<div class=\"elementor-widget-wrap elementor-element-populated\">\n\t\t\t\t\t\t\t\t<div class=\"elementor-element elementor-element-69192e1 elementor-widget elementor-widget-heading\" data-id=\"69192e1\" data-element_type=\"widget\" data-widget_type=\"heading.default\">\n\t\t\t\t<div class=\"elementor-widget-container\">\n\t\t\t<h3 class=\"elementor-heading-title elementor-size-default\">CHR\u00c1M SVAT\u00ddCH CYRILA A METOD\u011aJE<\/h3>\t\t<\/div>\n\t\t\t\t<\/div>\n\t\t\t\t\t<\/div>\n\t\t<\/div>\n\t\t\t\t\t\t\t<\/div>\n\t\t<\/section>\n\t\t\t\t<section class=\"elementor-section elementor-top-section elementor-element elementor-element-66b2a10 elementor-section-boxed elementor-section-height-default elementor-section-height-default\" data-id=\"66b2a10\" data-element_type=\"section\">\n\t\t\t\t\t\t<div class=\"elementor-container elementor-column-gap-default\">\n\t\t\t\t\t<div class=\"elementor-column elementor-col-100 elementor-top-column elementor-element elementor-element-e2b0e49\" data-id=\"e2b0e49\" data-element_type=\"column\">\n\t\t\t<div class=\"elementor-widget-wrap elementor-element-populated\">\n\t\t\t\t\t\t\t\t<div class=\"elementor-element elementor-element-3c33418 elementor-widget elementor-widget-text-editor\" data-id=\"3c33418\" data-element_type=\"widget\" data-widget_type=\"text-editor.default\">\n\t\t\t\t<div class=\"elementor-widget-container\">\n\t\t\t\t\t\t\t<p>Tento svatost\u00e1nek vznikl ve 30. letech 18. stolet\u00ed v barokn\u00edm slohu a byl p\u016fvodn\u011b zasv\u011bcen Karlu Boromejsk\u00e9mu. Ve 2. polovin\u011b 18. stolet\u00ed budova slou\u017eila nen\u00e1bo\u017eensk\u00fdm \u00fa\u010del\u016fm. V roce 1933 byl poskytnut <strong>\u010cesk\u00e9 pravoslavn\u00e9 c\u00edrkvi<\/strong>. \u0158ada lid\u00ed ho ale zn\u00e1 z \u00fapln\u011b jin\u00e9ho d\u016fvodu.       <\/p>\n\t\t\t\t\t\t<\/div>\n\t\t\t\t<\/div>\n\t\t\t\t\t<\/div>\n\t\t<\/div>\n\t\t\t\t\t\t\t<\/div>\n\t\t<\/section>\n\t\t\t\t<section class=\"elementor-section elementor-top-section elementor-element elementor-element-2e43cd3 elementor-section-boxed elementor-section-height-default elementor-section-height-default\" data-id=\"2e43cd3\" data-element_type=\"section\">\n\t\t\t\t\t\t<div class=\"elementor-container elementor-column-gap-default\">\n\t\t\t\t\t<div class=\"elementor-column elementor-col-100 elementor-top-column elementor-element elementor-element-f9438b3\" data-id=\"f9438b3\" data-element_type=\"column\">\n\t\t\t<div class=\"elementor-widget-wrap elementor-element-populated\">\n\t\t\t\t\t\t\t\t<div class=\"elementor-element elementor-element-3cf27f6 elementor-widget elementor-widget-image\" data-id=\"3cf27f6\" data-element_type=\"widget\" data-widget_type=\"image.default\">\n\t\t\t\t<div class=\"elementor-widget-container\">\n\t\t\t\t\t\t\t\t\t\t\t\t\t\t\t<img loading=\"lazy\" decoding=\"async\" width=\"1000\" height=\"667\" src=\"https:\/\/beta.acordinvest.cz\/wp-content\/uploads\/2023\/01\/chram-sv-cyrila-a-metodeje-na-praze-2.jpg\" class=\"attachment-full size-full wp-image-1436\" alt=\"\" srcset=\"https:\/\/beta.acordinvest.cz\/wp-content\/uploads\/2023\/01\/chram-sv-cyrila-a-metodeje-na-praze-2.jpg 1000w, https:\/\/beta.acordinvest.cz\/wp-content\/uploads\/2023\/01\/chram-sv-cyrila-a-metodeje-na-praze-2-300x200.jpg 300w, https:\/\/beta.acordinvest.cz\/wp-content\/uploads\/2023\/01\/chram-sv-cyrila-a-metodeje-na-praze-2-768x512.jpg 768w\" sizes=\"auto, (max-width: 1000px) 100vw, 1000px\" \/>\t\t\t\t\t\t\t\t\t\t\t\t\t\t\t<\/div>\n\t\t\t\t<\/div>\n\t\t\t\t\t<\/div>\n\t\t<\/div>\n\t\t\t\t\t\t\t<\/div>\n\t\t<\/section>\n\t\t\t\t<section class=\"elementor-section elementor-top-section elementor-element elementor-element-9e617a6 elementor-section-boxed elementor-section-height-default elementor-section-height-default\" data-id=\"9e617a6\" data-element_type=\"section\">\n\t\t\t\t\t\t<div class=\"elementor-container elementor-column-gap-default\">\n\t\t\t\t\t<div class=\"elementor-column elementor-col-100 elementor-top-column elementor-element elementor-element-72596f8\" data-id=\"72596f8\" data-element_type=\"column\">\n\t\t\t<div class=\"elementor-widget-wrap elementor-element-populated\">\n\t\t\t\t\t\t\t\t<div class=\"elementor-element elementor-element-db3b74e elementor-widget elementor-widget-text-editor\" data-id=\"db3b74e\" data-element_type=\"widget\" data-widget_type=\"text-editor.default\">\n\t\t\t\t<div class=\"elementor-widget-container\">\n\t\t\t\t\t\t\t<p><strong>Chr\u00e1m svat\u00fdch Cyrila a Metod\u011bje<\/strong> se v roce 1942 stal \u00fato\u010di\u0161t\u011bm a m\u00edstem posledn\u00edho odporu \u010deskoslovensk\u00fdch para\u0161utist\u016f a atent\u00e1tn\u00edk\u016f, jejich\u017e c\u00edlem bylo zbavit se Reinharda Heydricha. Ke kostelu proto neodmysliteln\u011b pat\u0159\u00ed pr\u00e1v\u011b <strong>jim v\u011bnovan\u00fd<\/strong><strong>pam\u00e1tn\u00edk<\/strong>, a to na jeho vn\u011bj\u0161\u00ed stran\u011b (Resslova ulice), kde jsou mimochodem patrn\u00e9 stopy od kulek n\u011bmeck\u00fdch samopal\u016f. <\/p>\n\t\t\t\t\t\t<\/div>\n\t\t\t\t<\/div>\n\t\t\t\t\t<\/div>\n\t\t<\/div>\n\t\t\t\t\t\t\t<\/div>\n\t\t<\/section>\n\t\t\t\t<section class=\"elementor-section elementor-top-section elementor-element elementor-element-65b7a0e elementor-section-boxed elementor-section-height-default elementor-section-height-default\" data-id=\"65b7a0e\" data-element_type=\"section\">\n\t\t\t\t\t\t<div class=\"elementor-container elementor-column-gap-default\">\n\t\t\t\t\t<div class=\"elementor-column elementor-col-100 elementor-top-column elementor-element elementor-element-957ce8a\" data-id=\"957ce8a\" data-element_type=\"column\">\n\t\t\t<div class=\"elementor-widget-wrap elementor-element-populated\">\n\t\t\t\t\t\t\t\t<div class=\"elementor-element elementor-element-b66e340 elementor-widget elementor-widget-heading\" data-id=\"b66e340\" data-element_type=\"widget\" data-widget_type=\"heading.default\">\n\t\t\t\t<div class=\"elementor-widget-container\">\n\t\t\t<h3 class=\"elementor-heading-title elementor-size-default\">NOVOM\u011aSTSK\u00c1 RADNICE<\/h3>\t\t<\/div>\n\t\t\t\t<\/div>\n\t\t\t\t\t<\/div>\n\t\t<\/div>\n\t\t\t\t\t\t\t<\/div>\n\t\t<\/section>\n\t\t\t\t<section class=\"elementor-section elementor-top-section elementor-element elementor-element-164b56c elementor-section-boxed elementor-section-height-default elementor-section-height-default\" data-id=\"164b56c\" data-element_type=\"section\">\n\t\t\t\t\t\t<div class=\"elementor-container elementor-column-gap-default\">\n\t\t\t\t\t<div class=\"elementor-column elementor-col-100 elementor-top-column elementor-element elementor-element-137e8d8\" data-id=\"137e8d8\" data-element_type=\"column\">\n\t\t\t<div class=\"elementor-widget-wrap elementor-element-populated\">\n\t\t\t\t\t\t\t\t<div class=\"elementor-element elementor-element-f504e09 elementor-widget elementor-widget-text-editor\" data-id=\"f504e09\" data-element_type=\"widget\" data-widget_type=\"text-editor.default\">\n\t\t\t\t<div class=\"elementor-widget-container\">\n\t\t\t\t\t\t\t<p>Na Karlov\u011b n\u00e1m\u011bst\u00ed najdete Novom\u011bstskou radnici. N\u00e1zvem se nenechte zm\u00e1st, budova  <strong>poch\u00e1z\u00ed ze 14. stolet\u00ed <\/strong> a vznikala v gotick\u00e9m slohu. To v\u0161e na pokyn Karla IV., kter\u00fd si p\u0159\u00e1l, aby d\u0159\u00edv\u011bj\u0161\u00ed Dobyt\u010d\u00ed trh (dnes Karlovo n\u00e1m\u011bst\u00ed) byl d\u016fstojn\u00fdm prot\u011bj\u0161kem <a href=\"https:\/\/www.acordinvest.cz\/aktuality\/zajimava-mista-v-centru-prahy-1-kam-jit-za-historii-nebo-odpocinkem#staromestske\" target=\"_blank\" rel=\"noopener\">Starom\u011bstsk\u00e9ho n\u00e1m\u011bst\u00ed<\/a>.<\/p>\n\t\t\t\t\t\t<\/div>\n\t\t\t\t<\/div>\n\t\t\t\t\t<\/div>\n\t\t<\/div>\n\t\t\t\t\t\t\t<\/div>\n\t\t<\/section>\n\t\t\t\t<section class=\"elementor-section elementor-top-section elementor-element elementor-element-63b6561 elementor-section-boxed elementor-section-height-default elementor-section-height-default\" data-id=\"63b6561\" data-element_type=\"section\">\n\t\t\t\t\t\t<div class=\"elementor-container elementor-column-gap-default\">\n\t\t\t\t\t<div class=\"elementor-column elementor-col-100 elementor-top-column elementor-element elementor-element-be3c53b\" data-id=\"be3c53b\" data-element_type=\"column\">\n\t\t\t<div class=\"elementor-widget-wrap elementor-element-populated\">\n\t\t\t\t\t\t\t\t<div class=\"elementor-element elementor-element-ee08eeb elementor-widget elementor-widget-image\" data-id=\"ee08eeb\" data-element_type=\"widget\" data-widget_type=\"image.default\">\n\t\t\t\t<div class=\"elementor-widget-container\">\n\t\t\t\t\t\t\t\t\t\t\t\t\t\t\t<img loading=\"lazy\" decoding=\"async\" width=\"800\" height=\"600\" src=\"https:\/\/beta.acordinvest.cz\/wp-content\/uploads\/2023\/01\/novomestska-radnice-na-praze-2.png\" class=\"attachment-full size-full wp-image-1435\" alt=\"\" srcset=\"https:\/\/beta.acordinvest.cz\/wp-content\/uploads\/2023\/01\/novomestska-radnice-na-praze-2.png 800w, https:\/\/beta.acordinvest.cz\/wp-content\/uploads\/2023\/01\/novomestska-radnice-na-praze-2-300x225.png 300w, https:\/\/beta.acordinvest.cz\/wp-content\/uploads\/2023\/01\/novomestska-radnice-na-praze-2-768x576.png 768w\" sizes=\"auto, (max-width: 800px) 100vw, 800px\" \/>\t\t\t\t\t\t\t\t\t\t\t\t\t\t\t<\/div>\n\t\t\t\t<\/div>\n\t\t\t\t\t<\/div>\n\t\t<\/div>\n\t\t\t\t\t\t\t<\/div>\n\t\t<\/section>\n\t\t\t\t<section class=\"elementor-section elementor-top-section elementor-element elementor-element-09fade6 elementor-section-boxed elementor-section-height-default elementor-section-height-default\" data-id=\"09fade6\" data-element_type=\"section\">\n\t\t\t\t\t\t<div class=\"elementor-container elementor-column-gap-default\">\n\t\t\t\t\t<div class=\"elementor-column elementor-col-100 elementor-top-column elementor-element elementor-element-c3aa874\" data-id=\"c3aa874\" data-element_type=\"column\">\n\t\t\t<div class=\"elementor-widget-wrap elementor-element-populated\">\n\t\t\t\t\t\t\t\t<div class=\"elementor-element elementor-element-dea09fe elementor-widget elementor-widget-text-editor\" data-id=\"dea09fe\" data-element_type=\"widget\" data-widget_type=\"text-editor.default\">\n\t\t\t\t<div class=\"elementor-widget-container\">\n\t\t\t\t\t\t\t<p>Novom\u011bstskou radnici tvo\u0159\u00ed n\u011bkolik budov a jej\u00ed dominantou je <strong>70 metr\u016f vysok\u00e1 v\u011b\u017e<\/strong> z 50. let 15. stolet\u00ed. Tato pam\u00e1tka je spjata s <strong>prvn\u00ed pra\u017eskou defenestrac\u00ed<\/strong>, je\u017e se odehr\u00e1la v \u010dervenci 1419. Tehdy byli okny vyhozeni a na ulici ubiti n\u011bkte\u0159\u00ed kon\u0161el\u00e9.    <\/p>\n<p>Na Novom\u011bstsk\u00e9 radnici, ve Vodi\u010dkov\u011b ulici, je vid\u011bt tak\u00e9 <strong>pra\u017esk\u00fd loket<\/strong>.<\/p>\n\t\t\t\t\t\t<\/div>\n\t\t\t\t<\/div>\n\t\t\t\t\t<\/div>\n\t\t<\/div>\n\t\t\t\t\t\t\t<\/div>\n\t\t<\/section>\n\t\t\t\t<section class=\"elementor-section elementor-top-section elementor-element elementor-element-55836ff elementor-section-boxed elementor-section-height-default elementor-section-height-default\" data-id=\"55836ff\" data-element_type=\"section\">\n\t\t\t\t\t\t<div class=\"elementor-container elementor-column-gap-default\">\n\t\t\t\t\t<div class=\"elementor-column elementor-col-100 elementor-top-column elementor-element elementor-element-3a65f34\" data-id=\"3a65f34\" data-element_type=\"column\">\n\t\t\t<div class=\"elementor-widget-wrap elementor-element-populated\">\n\t\t\t\t\t\t\t\t<div class=\"elementor-element elementor-element-00d3e82 elementor-widget elementor-widget-heading\" data-id=\"00d3e82\" data-element_type=\"widget\" data-widget_type=\"heading.default\">\n\t\t\t\t<div class=\"elementor-widget-container\">\n\t\t\t<h3 class=\"elementor-heading-title elementor-size-default\">FAUST\u016eV D\u016eM<\/h3>\t\t<\/div>\n\t\t\t\t<\/div>\n\t\t\t\t\t<\/div>\n\t\t<\/div>\n\t\t\t\t\t\t\t<\/div>\n\t\t<\/section>\n\t\t\t\t<section class=\"elementor-section elementor-top-section elementor-element elementor-element-d29f129 elementor-section-boxed elementor-section-height-default elementor-section-height-default\" data-id=\"d29f129\" data-element_type=\"section\">\n\t\t\t\t\t\t<div class=\"elementor-container elementor-column-gap-default\">\n\t\t\t\t\t<div class=\"elementor-column elementor-col-100 elementor-top-column elementor-element elementor-element-92c1396\" data-id=\"92c1396\" data-element_type=\"column\">\n\t\t\t<div class=\"elementor-widget-wrap elementor-element-populated\">\n\t\t\t\t\t\t\t\t<div class=\"elementor-element elementor-element-828994a elementor-widget elementor-widget-text-editor\" data-id=\"828994a\" data-element_type=\"widget\" data-widget_type=\"text-editor.default\">\n\t\t\t\t<div class=\"elementor-widget-container\">\n\t\t\t\t\t\t\t<p>Na Karlov\u011b n\u00e1m\u011bst\u00ed je k nalezen\u00ed tak\u00e9 <strong>barokn\u00ed pal\u00e1cov\u00e1 budova<\/strong> zn\u00e1m\u00e1 jako Faust\u016fv d\u016fm <strong>(Mladotovsk\u00fd pal\u00e1c)<\/strong>. V d\u00e1vn\u00fdch dob\u00e1ch bylo na t\u011bchto m\u00edstech pohansk\u00e9 ob\u011bti\u0161t\u011b a pozd\u011bji kolem n\u011bj vedla v\u00fdznamn\u00e1 cesta (nejen) pro korunova\u010dn\u00ed pr\u016fvody. <\/p>\n<p>P\u016fvodn\u011b gotick\u00fd d\u016fm poch\u00e1z\u00ed z roku 1726, ale o t\u00e9m\u011b\u0159 100 let pozd\u011bji se do\u010dkal rozs\u00e1hl\u00fdch \u00faprav do dne\u0161n\u00ed podoby. St\u00e1le jsou tu patrn\u00e9 <strong>prvky<\/strong><strong>gotiky<\/strong>, <strong>renesance<\/strong>, <strong>baroka<\/strong> a <strong>klasicismu<\/strong>. <\/p>\n<p>Historick\u00fd doktor Faust tu nikdy nebydlel, ov\u0161em n\u011bkolik majitel\u016f domu se v\u011bnovalo alchymii. Tak snad proto to pojmenov\u00e1n\u00ed\u2026 <\/p>\n\t\t\t\t\t\t<\/div>\n\t\t\t\t<\/div>\n\t\t\t\t\t<\/div>\n\t\t<\/div>\n\t\t\t\t\t\t\t<\/div>\n\t\t<\/section>\n\t\t\t\t<section class=\"elementor-section elementor-top-section elementor-element elementor-element-d698bc5 elementor-section-boxed elementor-section-height-default elementor-section-height-default\" data-id=\"d698bc5\" data-element_type=\"section\">\n\t\t\t\t\t\t<div class=\"elementor-container elementor-column-gap-default\">\n\t\t\t\t\t<div class=\"elementor-column elementor-col-100 elementor-top-column elementor-element elementor-element-5ec78f8\" data-id=\"5ec78f8\" data-element_type=\"column\">\n\t\t\t<div class=\"elementor-widget-wrap elementor-element-populated\">\n\t\t\t\t\t\t\t\t<div class=\"elementor-element elementor-element-f92d5fd elementor-widget elementor-widget-heading\" data-id=\"f92d5fd\" data-element_type=\"widget\" data-widget_type=\"heading.default\">\n\t\t\t\t<div class=\"elementor-widget-container\">\n\t\t\t<h3 class=\"elementor-heading-title elementor-size-default\">BASTION PRAGUE<\/h3>\t\t<\/div>\n\t\t\t\t<\/div>\n\t\t\t\t\t<\/div>\n\t\t<\/div>\n\t\t\t\t\t\t\t<\/div>\n\t\t<\/section>\n\t\t\t\t<section class=\"elementor-section elementor-top-section elementor-element elementor-element-ed229d5 elementor-section-boxed elementor-section-height-default elementor-section-height-default\" data-id=\"ed229d5\" data-element_type=\"section\">\n\t\t\t\t\t\t<div class=\"elementor-container elementor-column-gap-default\">\n\t\t\t\t\t<div class=\"elementor-column elementor-col-100 elementor-top-column elementor-element elementor-element-0371955\" data-id=\"0371955\" data-element_type=\"column\">\n\t\t\t<div class=\"elementor-widget-wrap elementor-element-populated\">\n\t\t\t\t\t\t\t\t<div class=\"elementor-element elementor-element-878326e elementor-widget elementor-widget-text-editor\" data-id=\"878326e\" data-element_type=\"widget\" data-widget_type=\"text-editor.default\">\n\t\t\t\t<div class=\"elementor-widget-container\">\n\t\t\t\t\t\t\t<p>Okouzluj\u00edc\u00edm m\u00edstem s dechberouc\u00edm v\u00fdhledem na m\u011bsto je Bastion Prague. <strong>Barokn\u00ed Bastion XXXI <\/strong>je sou\u010d\u00e1st\u00ed opevn\u011bn\u00ed Nov\u00e9ho M\u011bsta pra\u017esk\u00e9ho, kter\u00e9 vzniklo roku 1348 na p\u0159\u00e1n\u00ed Karla IV.<\/p>\n<p>Na p\u016fvodn\u00ed gotick\u00e9 stavby zde bylo nav\u00e1z\u00e1no barokn\u00edmi hradbami a dnes tu m\u016f\u017eete nejen pozorovat m\u011bsto (vid\u011bt je odsud nap\u0159\u00edklad Vy\u0161ehrad a rozhledna na <a href=\"https:\/\/www.acordinvest.cz\/aktuality\/nejkrasnejsi-parky-v-praze#petrinske\" target=\"_blank\" rel=\"noopener\">Pet\u0159\u00edn\u011b<\/a>) a u\u017e\u00edvat si klidu, ale tak\u00e9 si d\u00e1t n\u011bco dobr\u00e9ho v <strong>neobvykl\u00e9 restauraci<\/strong>. M\u00edsto je \u010dasto vyhled\u00e1van\u00e9 pro kon\u00e1n\u00ed <strong>svatebn\u00edch ob\u0159ad\u016f<\/strong>.<\/p>\n\t\t\t\t\t\t<\/div>\n\t\t\t\t<\/div>\n\t\t\t\t\t<\/div>\n\t\t<\/div>\n\t\t\t\t\t\t\t<\/div>\n\t\t<\/section>\n\t\t\t\t<section class=\"elementor-section elementor-top-section elementor-element elementor-element-ab6bf26 elementor-section-boxed elementor-section-height-default elementor-section-height-default\" data-id=\"ab6bf26\" data-element_type=\"section\">\n\t\t\t\t\t\t<div class=\"elementor-container elementor-column-gap-default\">\n\t\t\t\t\t<div class=\"elementor-column elementor-col-100 elementor-top-column elementor-element elementor-element-7b3d325\" data-id=\"7b3d325\" data-element_type=\"column\">\n\t\t\t<div class=\"elementor-widget-wrap elementor-element-populated\">\n\t\t\t\t\t\t\t\t<div class=\"elementor-element elementor-element-0a64225 elementor-widget elementor-widget-heading\" data-id=\"0a64225\" data-element_type=\"widget\" data-widget_type=\"heading.default\">\n\t\t\t\t<div class=\"elementor-widget-container\">\n\t\t\t<h3 class=\"elementor-heading-title elementor-size-default\">MUZEUM POLICIE \u010cESK\u00c9 REPUBLIKY<\/h3>\t\t<\/div>\n\t\t\t\t<\/div>\n\t\t\t\t\t<\/div>\n\t\t<\/div>\n\t\t\t\t\t\t\t<\/div>\n\t\t<\/section>\n\t\t\t\t<section class=\"elementor-section elementor-top-section elementor-element elementor-element-a762986 elementor-section-boxed elementor-section-height-default elementor-section-height-default\" data-id=\"a762986\" data-element_type=\"section\">\n\t\t\t\t\t\t<div class=\"elementor-container elementor-column-gap-default\">\n\t\t\t\t\t<div class=\"elementor-column elementor-col-100 elementor-top-column elementor-element elementor-element-9bb9983\" data-id=\"9bb9983\" data-element_type=\"column\">\n\t\t\t<div class=\"elementor-widget-wrap elementor-element-populated\">\n\t\t\t\t\t\t\t\t<div class=\"elementor-element elementor-element-4ac8cf2 elementor-widget elementor-widget-text-editor\" data-id=\"4ac8cf2\" data-element_type=\"widget\" data-widget_type=\"text-editor.default\">\n\t\t\t\t<div class=\"elementor-widget-container\">\n\t\t\t\t\t\t\t<p>Za na\u010derp\u00e1n\u00edm v\u011bdomost\u00ed a za z\u00e1bavou se m\u016f\u017eete vydat do Muzea Policie \u010cesk\u00e9 republiky do are\u00e1lu b\u00fdval\u00e9ho kl\u00e1\u0161tera v Praze-Karlov\u011b. V budov\u011b se muzeum nach\u00e1zelo u\u017e od 60. let 20. stolet\u00ed, bylo ov\u0161em v\u011bnovan\u00e9 <strong>pohrani\u010dn\u00ed str\u00e1\u017ei<\/strong> a pak <strong>SNB a vojsk\u016fm Ministerstva vnitra<\/strong>.   <\/p>\n<p>Od roku 1990 je zde Muzeum Policie \u010cR, kter\u00e9 p\u0159edstavuje <strong>historii, v\u00fdvoj a \u010dinnost bezpe\u010dnostn\u00edch sbor\u016f <\/strong>na \u00fazem\u00ed \u010ceska a b\u00fdval\u00e9ho \u010ceskoslovenska, v\u011bnuje se ale i <strong>\u010detnictvu v obdob\u00ed mezi lety 1850 a 1938<\/strong>.<\/p>\n\t\t\t\t\t\t<\/div>\n\t\t\t\t<\/div>\n\t\t\t\t\t<\/div>\n\t\t<\/div>\n\t\t\t\t\t\t\t<\/div>\n\t\t<\/section>\n\t\t\t\t<section class=\"elementor-section elementor-top-section elementor-element elementor-element-0070562 elementor-section-boxed elementor-section-height-default elementor-section-height-default\" data-id=\"0070562\" data-element_type=\"section\">\n\t\t\t\t\t\t<div class=\"elementor-container elementor-column-gap-default\">\n\t\t\t\t\t<div class=\"elementor-column elementor-col-100 elementor-top-column elementor-element elementor-element-629eb6c\" data-id=\"629eb6c\" data-element_type=\"column\">\n\t\t\t<div class=\"elementor-widget-wrap elementor-element-populated\">\n\t\t\t\t\t\t\t\t<div class=\"elementor-element elementor-element-543d968 elementor-widget elementor-widget-heading\" data-id=\"543d968\" data-element_type=\"widget\" data-widget_type=\"heading.default\">\n\t\t\t\t<div class=\"elementor-widget-container\">\n\t\t\t<h3 class=\"elementor-heading-title elementor-size-default\">MUZEUM ANTON\u00cdNA DVO\u0158\u00c1KA<\/h3>\t\t<\/div>\n\t\t\t\t<\/div>\n\t\t\t\t\t<\/div>\n\t\t<\/div>\n\t\t\t\t\t\t\t<\/div>\n\t\t<\/section>\n\t\t\t\t<section class=\"elementor-section elementor-top-section elementor-element elementor-element-58748da elementor-section-boxed elementor-section-height-default elementor-section-height-default\" data-id=\"58748da\" data-element_type=\"section\">\n\t\t\t\t\t\t<div class=\"elementor-container elementor-column-gap-default\">\n\t\t\t\t\t<div class=\"elementor-column elementor-col-100 elementor-top-column elementor-element elementor-element-e4bcda5\" data-id=\"e4bcda5\" data-element_type=\"column\">\n\t\t\t<div class=\"elementor-widget-wrap elementor-element-populated\">\n\t\t\t\t\t\t\t\t<div class=\"elementor-element elementor-element-48c88b0 elementor-widget elementor-widget-text-editor\" data-id=\"48c88b0\" data-element_type=\"widget\" data-widget_type=\"text-editor.default\">\n\t\t\t\t<div class=\"elementor-widget-container\">\n\t\t\t\t\t\t\t<p>M\u00e1te-li v l\u00e1sce <strong>klasickou hudbu<\/strong>, ba dokonce Anton\u00edna Dvo\u0159\u00e1ka, ur\u010dit\u011b se m\u016f\u017eete nejednou vypravit do muzea, kter\u00e9 je mu v\u011bnovan\u00e9. Najdete tu dokumenty a pam\u00e1tky, kter\u00e9 se slavn\u00e9ho skladatele dot\u00fdkaj\u00ed, jako nap\u0159\u00edklad hudebn\u00ed n\u00e1stroje, korespondenci, listiny, dobov\u00e9 fotografie, v\u00fdtvarn\u00e1 d\u00edla a dal\u0161\u00ed. <\/p>\n<p>Muzeum od sv\u00e9ho vzniku v roce 1932 s\u00eddl\u00ed v <strong>barokn\u00edm Michnov\u011b letohr\u00e1dku<\/strong>, jen\u017e je zn\u00e1m i pod n\u00e1zvem <strong>Vila Amerika<\/strong>.<\/p>\n\t\t\t\t\t\t<\/div>\n\t\t\t\t<\/div>\n\t\t\t\t\t<\/div>\n\t\t<\/div>\n\t\t\t\t\t\t\t<\/div>\n\t\t<\/section>\n\t\t\t\t<section class=\"elementor-section elementor-top-section elementor-element elementor-element-7182846 elementor-section-boxed elementor-section-height-default elementor-section-height-default\" data-id=\"7182846\" data-element_type=\"section\">\n\t\t\t\t\t\t<div class=\"elementor-container elementor-column-gap-default\">\n\t\t\t\t\t<div class=\"elementor-column elementor-col-100 elementor-top-column elementor-element elementor-element-f43293f\" data-id=\"f43293f\" data-element_type=\"column\">\n\t\t\t<div class=\"elementor-widget-wrap elementor-element-populated\">\n\t\t\t\t\t\t\t\t<div class=\"elementor-element elementor-element-0bb5d27 elementor-widget elementor-widget-heading\" data-id=\"0bb5d27\" data-element_type=\"widget\" data-widget_type=\"heading.default\">\n\t\t\t\t<div class=\"elementor-widget-container\">\n\t\t\t<h2 class=\"elementor-heading-title elementor-size-default\">KAM ZA ODPO\u010cINKEM<\/h2>\t\t<\/div>\n\t\t\t\t<\/div>\n\t\t\t\t\t<\/div>\n\t\t<\/div>\n\t\t\t\t\t\t\t<\/div>\n\t\t<\/section>\n\t\t\t\t<section class=\"elementor-section elementor-top-section elementor-element elementor-element-56144ec elementor-section-boxed elementor-section-height-default elementor-section-height-default\" data-id=\"56144ec\" data-element_type=\"section\">\n\t\t\t\t\t\t<div class=\"elementor-container elementor-column-gap-default\">\n\t\t\t\t\t<div class=\"elementor-column elementor-col-100 elementor-top-column elementor-element elementor-element-b4576c7\" data-id=\"b4576c7\" data-element_type=\"column\">\n\t\t\t<div class=\"elementor-widget-wrap elementor-element-populated\">\n\t\t\t\t\t\t\t\t<div class=\"elementor-element elementor-element-8f292e1 elementor-widget elementor-widget-heading\" data-id=\"8f292e1\" data-element_type=\"widget\" data-widget_type=\"heading.default\">\n\t\t\t\t<div class=\"elementor-widget-container\">\n\t\t\t<h3 class=\"elementor-heading-title elementor-size-default\">VY\u0160EHRADSK\u00c9 SADY<\/h3>\t\t<\/div>\n\t\t\t\t<\/div>\n\t\t\t\t\t<\/div>\n\t\t<\/div>\n\t\t\t\t\t\t\t<\/div>\n\t\t<\/section>\n\t\t\t\t<section class=\"elementor-section elementor-top-section elementor-element elementor-element-0d3614c elementor-section-boxed elementor-section-height-default elementor-section-height-default\" data-id=\"0d3614c\" data-element_type=\"section\">\n\t\t\t\t\t\t<div class=\"elementor-container elementor-column-gap-default\">\n\t\t\t\t\t<div class=\"elementor-column elementor-col-100 elementor-top-column elementor-element elementor-element-cbce98f\" data-id=\"cbce98f\" data-element_type=\"column\">\n\t\t\t<div class=\"elementor-widget-wrap elementor-element-populated\">\n\t\t\t\t\t\t\t\t<div class=\"elementor-element elementor-element-aa67a0d elementor-widget elementor-widget-text-editor\" data-id=\"aa67a0d\" data-element_type=\"widget\" data-widget_type=\"text-editor.default\">\n\t\t\t\t<div class=\"elementor-widget-container\">\n\t\t\t\t\t\t\t<p>I v Praze si m\u016f\u017eete u\u017e\u00edt tro\u0161ku toho klidu a zelen\u011b a na chv\u00edli se ztratit v o\u00e1ze, z n\u00ed\u017e se v\u0161ak zp\u00e1tky do m\u011bsta dostanete raz dva. Kr\u00e1sn\u00e9 jsou nap\u0159\u00edklad <strong>Vy\u0161ehradsk\u00e9 sady<\/strong>, kter\u00e9 jsou sou\u010d\u00e1st\u00ed Vy\u0161ehradu. <\/p>\n\t\t\t\t\t\t<\/div>\n\t\t\t\t<\/div>\n\t\t\t\t\t<\/div>\n\t\t<\/div>\n\t\t\t\t\t\t\t<\/div>\n\t\t<\/section>\n\t\t\t\t<section class=\"elementor-section elementor-top-section elementor-element elementor-element-bc7fd3a elementor-section-boxed elementor-section-height-default elementor-section-height-default\" data-id=\"bc7fd3a\" data-element_type=\"section\">\n\t\t\t\t\t\t<div class=\"elementor-container elementor-column-gap-default\">\n\t\t\t\t\t<div class=\"elementor-column elementor-col-100 elementor-top-column elementor-element elementor-element-ff5dc72\" data-id=\"ff5dc72\" data-element_type=\"column\">\n\t\t\t<div class=\"elementor-widget-wrap elementor-element-populated\">\n\t\t\t\t\t\t\t\t<div class=\"elementor-element elementor-element-2e942ce elementor-widget elementor-widget-image\" data-id=\"2e942ce\" data-element_type=\"widget\" data-widget_type=\"image.default\">\n\t\t\t\t<div class=\"elementor-widget-container\">\n\t\t\t\t\t\t\t\t\t\t\t\t\t\t\t<img decoding=\"async\" src=\"https:\/\/beta.acordinvest.cz\/wp-content\/uploads\/2023\/01\/vysehradske-sady.png\" title=\"\" alt=\"\" loading=\"lazy\" \/>\t\t\t\t\t\t\t\t\t\t\t\t\t\t\t<\/div>\n\t\t\t\t<\/div>\n\t\t\t\t\t<\/div>\n\t\t<\/div>\n\t\t\t\t\t\t\t<\/div>\n\t\t<\/section>\n\t\t\t\t<section class=\"elementor-section elementor-top-section elementor-element elementor-element-e582438 elementor-section-boxed elementor-section-height-default elementor-section-height-default\" data-id=\"e582438\" data-element_type=\"section\">\n\t\t\t\t\t\t<div class=\"elementor-container elementor-column-gap-default\">\n\t\t\t\t\t<div class=\"elementor-column elementor-col-100 elementor-top-column elementor-element elementor-element-bf8f64b\" data-id=\"bf8f64b\" data-element_type=\"column\">\n\t\t\t<div class=\"elementor-widget-wrap elementor-element-populated\">\n\t\t\t\t\t\t\t\t<div class=\"elementor-element elementor-element-a6239ae elementor-widget elementor-widget-text-editor\" data-id=\"a6239ae\" data-element_type=\"widget\" data-widget_type=\"text-editor.default\">\n\t\t\t\t<div class=\"elementor-widget-container\">\n\t\t\t\t\t\t\t<p>Na m\u00edst\u011b dne\u0161n\u00edho ve\u0159ejn\u00e9ho parku d\u0159\u00edve b\u00fdvaly vinice, dne\u0161n\u00ed podobu m\u00edsto z\u00edskalo a\u017e v 19. stolet\u00ed. Krom\u011b relaxace tu m\u016f\u017eete obdivovat nap\u0159\u00edklad <strong>\u010dty\u0159i souso\u0161\u00ed od J. V. Myslbeka<\/strong>. Bude-li v\u00e1m to m\u00e1lo, zav\u00edtejte na vy\u0161ehradsk\u00e9m komplexu i do <strong>Karlachov\u00fdch<\/strong> nebo <strong>\u0160tulcov\u00fdch sad\u016f<\/strong>.   <\/p>\n\t\t\t\t\t\t<\/div>\n\t\t\t\t<\/div>\n\t\t\t\t\t<\/div>\n\t\t<\/div>\n\t\t\t\t\t\t\t<\/div>\n\t\t<\/section>\n\t\t\t\t<section class=\"elementor-section elementor-top-section elementor-element elementor-element-18172f4 elementor-section-boxed elementor-section-height-default elementor-section-height-default\" data-id=\"18172f4\" data-element_type=\"section\">\n\t\t\t\t\t\t<div class=\"elementor-container elementor-column-gap-default\">\n\t\t\t\t\t<div class=\"elementor-column elementor-col-100 elementor-top-column elementor-element elementor-element-fbe4b3a\" data-id=\"fbe4b3a\" data-element_type=\"column\">\n\t\t\t<div class=\"elementor-widget-wrap elementor-element-populated\">\n\t\t\t\t\t\t\t\t<div class=\"elementor-element elementor-element-ad4bd4e elementor-widget elementor-widget-heading\" data-id=\"ad4bd4e\" data-element_type=\"widget\" data-widget_type=\"heading.default\">\n\t\t\t\t<div class=\"elementor-widget-container\">\n\t\t\t<h3 class=\"elementor-heading-title elementor-size-default\">PARK FOLIMANKA<\/h3>\t\t<\/div>\n\t\t\t\t<\/div>\n\t\t\t\t\t<\/div>\n\t\t<\/div>\n\t\t\t\t\t\t\t<\/div>\n\t\t<\/section>\n\t\t\t\t<section class=\"elementor-section elementor-top-section elementor-element elementor-element-e64dfec elementor-section-boxed elementor-section-height-default elementor-section-height-default\" data-id=\"e64dfec\" data-element_type=\"section\">\n\t\t\t\t\t\t<div class=\"elementor-container elementor-column-gap-default\">\n\t\t\t\t\t<div class=\"elementor-column elementor-col-100 elementor-top-column elementor-element elementor-element-ee9e946\" data-id=\"ee9e946\" data-element_type=\"column\">\n\t\t\t<div class=\"elementor-widget-wrap elementor-element-populated\">\n\t\t\t\t\t\t\t\t<div class=\"elementor-element elementor-element-cbf3633 elementor-widget elementor-widget-text-editor\" data-id=\"cbf3633\" data-element_type=\"widget\" data-widget_type=\"text-editor.default\">\n\t\t\t\t<div class=\"elementor-widget-container\">\n\t\t\t\t\t\t\t<p>Na pomez\u00ed <strong>m\u011bstsk\u00fdch \u010d\u00e1st\u00ed Praha 2 a 4<\/strong> se rozkl\u00e1d\u00e1 park Folimanka, a to na m\u00edst\u011b, kde d\u0159\u00edve b\u00fdvala usedlost a vinice, pozd\u011bji i meru\u0148kov\u00fd sad.<\/p>\n\t\t\t\t\t\t<\/div>\n\t\t\t\t<\/div>\n\t\t\t\t\t<\/div>\n\t\t<\/div>\n\t\t\t\t\t\t\t<\/div>\n\t\t<\/section>\n\t\t\t\t<section class=\"elementor-section elementor-top-section elementor-element elementor-element-3467bc1 elementor-section-boxed elementor-section-height-default elementor-section-height-default\" data-id=\"3467bc1\" data-element_type=\"section\">\n\t\t\t\t\t\t<div class=\"elementor-container elementor-column-gap-default\">\n\t\t\t\t\t<div class=\"elementor-column elementor-col-100 elementor-top-column elementor-element elementor-element-67522ae\" data-id=\"67522ae\" data-element_type=\"column\">\n\t\t\t<div class=\"elementor-widget-wrap elementor-element-populated\">\n\t\t\t\t\t\t\t\t<div class=\"elementor-element elementor-element-fdf6a62 elementor-widget elementor-widget-image\" data-id=\"fdf6a62\" data-element_type=\"widget\" data-widget_type=\"image.default\">\n\t\t\t\t<div class=\"elementor-widget-container\">\n\t\t\t\t\t\t\t\t\t\t\t\t\t\t\t<img decoding=\"async\" src=\"https:\/\/beta.acordinvest.cz\/wp-content\/uploads\/2023\/01\/folimanka.png\" title=\"\" alt=\"\" loading=\"lazy\" \/>\t\t\t\t\t\t\t\t\t\t\t\t\t\t\t<\/div>\n\t\t\t\t<\/div>\n\t\t\t\t\t<\/div>\n\t\t<\/div>\n\t\t\t\t\t\t\t<\/div>\n\t\t<\/section>\n\t\t\t\t<section class=\"elementor-section elementor-top-section elementor-element elementor-element-901ac1a elementor-section-boxed elementor-section-height-default elementor-section-height-default\" data-id=\"901ac1a\" data-element_type=\"section\">\n\t\t\t\t\t\t<div class=\"elementor-container elementor-column-gap-default\">\n\t\t\t\t\t<div class=\"elementor-column elementor-col-100 elementor-top-column elementor-element elementor-element-3b4e88a\" data-id=\"3b4e88a\" data-element_type=\"column\">\n\t\t\t<div class=\"elementor-widget-wrap elementor-element-populated\">\n\t\t\t\t\t\t\t\t<div class=\"elementor-element elementor-element-911a570 elementor-widget elementor-widget-text-editor\" data-id=\"911a570\" data-element_type=\"widget\" data-widget_type=\"text-editor.default\">\n\t\t\t\t<div class=\"elementor-widget-container\">\n\t\t\t\t\t\t\t<p>Sou\u010dasn\u00e1 podoba v\u010detn\u011b hern\u00edch prvk\u016f a font\u00e1n poch\u00e1z\u00ed z obdob\u00ed normalizace. Park je zaj\u00edmav\u00fd i t\u00edm, \u017ee ho ve v\u00fd\u0161ce 40 metr\u016f prot\u00edn\u00e1 zn\u00e1m\u00fd <strong>Nuselsk\u00fd most<\/strong>. <\/p>\n\t\t\t\t\t\t<\/div>\n\t\t\t\t<\/div>\n\t\t\t\t\t<\/div>\n\t\t<\/div>\n\t\t\t\t\t\t\t<\/div>\n\t\t<\/section>\n\t\t\t\t<section class=\"elementor-section elementor-top-section elementor-element elementor-element-e12be31 elementor-section-boxed elementor-section-height-default elementor-section-height-default\" data-id=\"e12be31\" data-element_type=\"section\">\n\t\t\t\t\t\t<div class=\"elementor-container elementor-column-gap-default\">\n\t\t\t\t\t<div class=\"elementor-column elementor-col-100 elementor-top-column elementor-element elementor-element-581196f\" data-id=\"581196f\" data-element_type=\"column\">\n\t\t\t<div class=\"elementor-widget-wrap elementor-element-populated\">\n\t\t\t\t\t\t\t\t<div class=\"elementor-element elementor-element-986d361 elementor-widget elementor-widget-heading\" data-id=\"986d361\" data-element_type=\"widget\" data-widget_type=\"heading.default\">\n\t\t\t\t<div class=\"elementor-widget-container\">\n\t\t\t<h3 class=\"elementor-heading-title elementor-size-default\">BOTANICK\u00c1 ZAHRADA P\u0158\u00cdRODOV\u011aDECK\u00c9 FAKULTY UK<\/h3>\t\t<\/div>\n\t\t\t\t<\/div>\n\t\t\t\t\t<\/div>\n\t\t<\/div>\n\t\t\t\t\t\t\t<\/div>\n\t\t<\/section>\n\t\t\t\t<section class=\"elementor-section elementor-top-section elementor-element elementor-element-f277a80 elementor-section-boxed elementor-section-height-default elementor-section-height-default\" data-id=\"f277a80\" data-element_type=\"section\">\n\t\t\t\t\t\t<div class=\"elementor-container elementor-column-gap-default\">\n\t\t\t\t\t<div class=\"elementor-column elementor-col-100 elementor-top-column elementor-element elementor-element-1663a85\" data-id=\"1663a85\" data-element_type=\"column\">\n\t\t\t<div class=\"elementor-widget-wrap elementor-element-populated\">\n\t\t\t\t\t\t\t\t<div class=\"elementor-element elementor-element-c2667fd elementor-widget elementor-widget-text-editor\" data-id=\"c2667fd\" data-element_type=\"widget\" data-widget_type=\"text-editor.default\">\n\t\t\t\t<div class=\"elementor-widget-container\">\n\t\t\t\t\t\t\t<p>Ka\u017ed\u00fd milovn\u00edk rostlin a podobn\u00fdch kr\u00e1s se ur\u010dit\u011b r\u00e1d vyd\u00e1 do Botanick\u00e9 zahrady P\u0159\u00edrodov\u011bdeck\u00e9 fakulty UK. Tato n\u00e1v\u0161t\u011bva v\u00e1s kdykoli <strong>vytrhne z ka\u017edodenn\u00edho shonu<\/strong>. Dop\u0159ejte tu pastvu sv\u00fdm o\u010d\u00edm i hlav\u011b.  <\/p>\n\t\t\t\t\t\t<\/div>\n\t\t\t\t<\/div>\n\t\t\t\t\t<\/div>\n\t\t<\/div>\n\t\t\t\t\t\t\t<\/div>\n\t\t<\/section>\n\t\t\t\t<section class=\"elementor-section elementor-top-section elementor-element elementor-element-7536865 elementor-section-boxed elementor-section-height-default elementor-section-height-default\" data-id=\"7536865\" data-element_type=\"section\">\n\t\t\t\t\t\t<div class=\"elementor-container elementor-column-gap-default\">\n\t\t\t\t\t<div class=\"elementor-column elementor-col-100 elementor-top-column elementor-element elementor-element-e63e8c6\" data-id=\"e63e8c6\" data-element_type=\"column\">\n\t\t\t<div class=\"elementor-widget-wrap elementor-element-populated\">\n\t\t\t\t\t\t\t\t<div class=\"elementor-element elementor-element-e9d9036 elementor-widget elementor-widget-heading\" data-id=\"e9d9036\" data-element_type=\"widget\" data-widget_type=\"heading.default\">\n\t\t\t\t<div class=\"elementor-widget-container\">\n\t\t\t<h3 class=\"elementor-heading-title elementor-size-default\">RIEGEROVY SADY<\/h3>\t\t<\/div>\n\t\t\t\t<\/div>\n\t\t\t\t\t<\/div>\n\t\t<\/div>\n\t\t\t\t\t\t\t<\/div>\n\t\t<\/section>\n\t\t\t\t<section class=\"elementor-section elementor-top-section elementor-element elementor-element-0422e38 elementor-section-boxed elementor-section-height-default elementor-section-height-default\" data-id=\"0422e38\" data-element_type=\"section\">\n\t\t\t\t\t\t<div class=\"elementor-container elementor-column-gap-default\">\n\t\t\t\t\t<div class=\"elementor-column elementor-col-100 elementor-top-column elementor-element elementor-element-8aa69c2\" data-id=\"8aa69c2\" data-element_type=\"column\">\n\t\t\t<div class=\"elementor-widget-wrap elementor-element-populated\">\n\t\t\t\t\t\t\t\t<div class=\"elementor-element elementor-element-a5fb7b4 elementor-widget elementor-widget-text-editor\" data-id=\"a5fb7b4\" data-element_type=\"widget\" data-widget_type=\"text-editor.default\">\n\t\t\t\t<div class=\"elementor-widget-container\">\n\t\t\t\t\t\t\t<p>Dal\u0161\u00edm m\u00edstem k p\u0159\u00edjemn\u00e9mu odpo\u010dinku nebo proch\u00e1zce mohou b\u00fdt <a href=\"https:\/\/www.acordinvest.cz\/aktuality\/nejkrasnejsi-parky-v-praze#riegrovy\" target=\"_blank\" rel=\"noopener\">Riegrovy sady<\/a>. Ohrom\u00ed v\u00e1s <strong>plochou 11 hektar\u016f<\/strong>, rozs\u00e1hl\u00fdmi travnat\u00fdmi plochami, hern\u00edmi prvky pro d\u011bti i n\u00e1vaznost\u00ed na oddechov\u00fd a sportovn\u00ed park <strong>Rajsk\u00e1 zahrada<\/strong>.<\/p>\n\t\t\t\t\t\t<\/div>\n\t\t\t\t<\/div>\n\t\t\t\t\t<\/div>\n\t\t<\/div>\n\t\t\t\t\t\t\t<\/div>\n\t\t<\/section>\n\t\t\t\t<section class=\"elementor-section elementor-top-section elementor-element elementor-element-1ae69ff elementor-section-boxed elementor-section-height-default elementor-section-height-default\" data-id=\"1ae69ff\" data-element_type=\"section\">\n\t\t\t\t\t\t<div class=\"elementor-container elementor-column-gap-default\">\n\t\t\t\t\t<div class=\"elementor-column elementor-col-100 elementor-top-column elementor-element elementor-element-9129227\" data-id=\"9129227\" data-element_type=\"column\">\n\t\t\t<div class=\"elementor-widget-wrap elementor-element-populated\">\n\t\t\t\t\t\t\t\t<div class=\"elementor-element elementor-element-fbfcf00 elementor-widget elementor-widget-heading\" data-id=\"fbfcf00\" data-element_type=\"widget\" data-widget_type=\"heading.default\">\n\t\t\t\t<div class=\"elementor-widget-container\">\n\t\t\t<h3 class=\"elementor-heading-title elementor-size-default\">SADY SVATOPLUKA \u010cECHA<\/h3>\t\t<\/div>\n\t\t\t\t<\/div>\n\t\t\t\t\t<\/div>\n\t\t<\/div>\n\t\t\t\t\t\t\t<\/div>\n\t\t<\/section>\n\t\t\t\t<section class=\"elementor-section elementor-top-section elementor-element elementor-element-120c88a elementor-section-boxed elementor-section-height-default elementor-section-height-default\" data-id=\"120c88a\" data-element_type=\"section\">\n\t\t\t\t\t\t<div class=\"elementor-container elementor-column-gap-default\">\n\t\t\t\t\t<div class=\"elementor-column elementor-col-100 elementor-top-column elementor-element elementor-element-0a5527c\" data-id=\"0a5527c\" data-element_type=\"column\">\n\t\t\t<div class=\"elementor-widget-wrap elementor-element-populated\">\n\t\t\t\t\t\t\t\t<div class=\"elementor-element elementor-element-b48cc36 elementor-widget elementor-widget-text-editor\" data-id=\"b48cc36\" data-element_type=\"widget\" data-widget_type=\"text-editor.default\">\n\t\t\t\t<div class=\"elementor-widget-container\">\n\t\t\t\t\t\t\t<p>Kdy\u017e budete na tr\u00e1ven\u00ed voln\u00e9ho \u010dasu hledat <strong>park s d\u011btsk\u00fdm h\u0159i\u0161t\u011bm<\/strong>, neud\u011bl\u00e1te chybu n\u00e1v\u0161t\u011bvou Sad\u016f Svatopluka \u010cecha. Sady tu b\u00fdvaly u\u017e od konce 19. stolet\u00ed. N\u00e1zev po slavn\u00e9m spisovateli z\u00edskaly v roce 1903 a v roce 1924 sem byla instalov\u00e1na jeho socha.   <\/p>\n\t\t\t\t\t\t<\/div>\n\t\t\t\t<\/div>\n\t\t\t\t\t<\/div>\n\t\t<\/div>\n\t\t\t\t\t\t\t<\/div>\n\t\t<\/section>\n\t\t\t\t<section class=\"elementor-section elementor-top-section elementor-element elementor-element-40282da elementor-section-boxed elementor-section-height-default elementor-section-height-default\" data-id=\"40282da\" data-element_type=\"section\">\n\t\t\t\t\t\t<div class=\"elementor-container elementor-column-gap-default\">\n\t\t\t\t\t<div class=\"elementor-column elementor-col-100 elementor-top-column elementor-element elementor-element-39018d2\" data-id=\"39018d2\" data-element_type=\"column\">\n\t\t\t<div class=\"elementor-widget-wrap elementor-element-populated\">\n\t\t\t\t\t\t\t\t<div class=\"elementor-element elementor-element-592db8e elementor-widget elementor-widget-heading\" data-id=\"592db8e\" data-element_type=\"widget\" data-widget_type=\"heading.default\">\n\t\t\t\t<div class=\"elementor-widget-container\">\n\t\t\t<h3 class=\"elementor-heading-title elementor-size-default\">DAL\u0160\u00cd ZAJ\u00cdMAVOSTI<\/h3>\t\t<\/div>\n\t\t\t\t<\/div>\n\t\t\t\t\t<\/div>\n\t\t<\/div>\n\t\t\t\t\t\t\t<\/div>\n\t\t<\/section>\n\t\t\t\t<section class=\"elementor-section elementor-top-section elementor-element elementor-element-db75d4f elementor-section-boxed elementor-section-height-default elementor-section-height-default\" data-id=\"db75d4f\" data-element_type=\"section\">\n\t\t\t\t\t\t<div class=\"elementor-container elementor-column-gap-default\">\n\t\t\t\t\t<div class=\"elementor-column elementor-col-100 elementor-top-column elementor-element elementor-element-7c22c7f\" data-id=\"7c22c7f\" data-element_type=\"column\">\n\t\t\t<div class=\"elementor-widget-wrap elementor-element-populated\">\n\t\t\t\t\t\t\t\t<div class=\"elementor-element elementor-element-efa4a5e elementor-widget elementor-widget-text-editor\" data-id=\"efa4a5e\" data-element_type=\"widget\" data-widget_type=\"text-editor.default\">\n\t\t\t\t<div class=\"elementor-widget-container\">\n\t\t\t\t\t\t\t<p>Na Praze 2 najdete mimo jin\u00e9 i <strong>\u017eelezni\u010dn\u00ed most<\/strong>, kter\u00fd se \u010dasto objevuje ve filmech \u010di seri\u00e1lech. Fotografov\u00e9 zase obdivuj\u00ed jeho fotogeni\u010dnost. Obl\u00edben\u00e1 je i <strong>zdej\u0161\u00ed n\u00e1plavka<\/strong>.  <\/p>\n\t\t\t\t\t\t<\/div>\n\t\t\t\t<\/div>\n\t\t\t\t\t<\/div>\n\t\t<\/div>\n\t\t\t\t\t\t\t<\/div>\n\t\t<\/section>\n\t\t\t\t\t\t\t<\/div>\n\t\t","protected":false},"excerpt":{"rendered":"<p>Pod\u00edvejte se, kam se m\u016f\u017eete vydat za histori\u00ed, modern\u00ed architekturou a do park\u016f, kter\u00e9 jsou pro odpo\u010dinek p\u0159\u00edmo stvo\u0159en\u00e9.<\/p>\n","protected":false},"author":4,"featured_media":0,"comment_status":"closed","ping_status":"closed","sticky":false,"template":"elementor_header_footer","format":"standard","meta":{"inline_featured_image":false,"footnotes":"","_links_to":"","_links_to_target":""},"categories":[175],"tags":[],"class_list":["post-2190","post","type-post","status-publish","format-standard","hentry","category-blog-en"],"acf":[],"_links":{"self":[{"href":"https:\/\/beta.acordinvest.cz\/en\/wp-json\/wp\/v2\/posts\/2190","targetHints":{"allow":["GET"]}}],"collection":[{"href":"https:\/\/beta.acordinvest.cz\/en\/wp-json\/wp\/v2\/posts"}],"about":[{"href":"https:\/\/beta.acordinvest.cz\/en\/wp-json\/wp\/v2\/types\/post"}],"author":[{"embeddable":true,"href":"https:\/\/beta.acordinvest.cz\/en\/wp-json\/wp\/v2\/users\/4"}],"replies":[{"embeddable":true,"href":"https:\/\/beta.acordinvest.cz\/en\/wp-json\/wp\/v2\/comments?post=2190"}],"version-history":[{"count":1,"href":"https:\/\/beta.acordinvest.cz\/en\/wp-json\/wp\/v2\/posts\/2190\/revisions"}],"predecessor-version":[{"id":2191,"href":"https:\/\/beta.acordinvest.cz\/en\/wp-json\/wp\/v2\/posts\/2190\/revisions\/2191"}],"wp:attachment":[{"href":"https:\/\/beta.acordinvest.cz\/en\/wp-json\/wp\/v2\/media?parent=2190"}],"wp:term":[{"taxonomy":"category","embeddable":true,"href":"https:\/\/beta.acordinvest.cz\/en\/wp-json\/wp\/v2\/categories?post=2190"},{"taxonomy":"post_tag","embeddable":true,"href":"https:\/\/beta.acordinvest.cz\/en\/wp-json\/wp\/v2\/tags?post=2190"}],"curies":[{"name":"wp","href":"https:\/\/api.w.org\/{rel}","templated":true}]}}